{"id":4442,"date":"2023-02-23T14:34:57","date_gmt":"2023-02-23T17:34:57","guid":{"rendered":"http:\/\/blogdoarmindomaia.com.br\/?p=4442"},"modified":"2023-02-23T14:34:59","modified_gmt":"2023-02-23T17:34:59","slug":"secretaria-de-educacao-se-reune-com-pais-de-alunos-para-esclarecer-convenio-com-o-ceist","status":"publish","type":"post","link":"http:\/\/blogdoarmindomaia.com.br\/?p=4442","title":{"rendered":"Secretaria de Educa\u00e7\u00e3o se re\u00fane com pais de alunos para esclarecer conv\u00eanio com o Ceist"},"content":{"rendered":"\n<figure class=\"wp-block-image size-full is-style-default\"><img loading=\"lazy\" decoding=\"async\" width=\"1024\" height=\"683\" src=\"http:\/\/blogdoarmindomaia.com.br\/wp-content\/uploads\/2023\/02\/Secretaria-de-Educacao-se-reune-com-pais-de-alunos-pag-08.jpeg\" alt=\"\" class=\"wp-image-4443\" srcset=\"http:\/\/blogdoarmindomaia.com.br\/wp-content\/uploads\/2023\/02\/Secretaria-de-Educacao-se-reune-com-pais-de-alunos-pag-08.jpeg 1024w, http:\/\/blogdoarmindomaia.com.br\/wp-content\/uploads\/2023\/02\/Secretaria-de-Educacao-se-reune-com-pais-de-alunos-pag-08-300x200.jpeg 300w, http:\/\/blogdoarmindomaia.com.br\/wp-content\/uploads\/2023\/02\/Secretaria-de-Educacao-se-reune-com-pais-de-alunos-pag-08-768x512.jpeg 768w\" sizes=\"auto, (max-width: 1024px) 100vw, 1024px\" \/><\/figure>\n\n\n\n<p>A Secretaria Municipal de Educa\u00e7\u00e3o realizou reuni\u00f5es com pais e respons\u00e1veis pelos alunos que estudam no Centro de Educa\u00e7\u00e3o Infantil Santa Terezinha (Ceist), que \u00e9 conveniada com o Munic\u00edpio, para esclarecer sobre a mudan\u00e7a no atendimento da institui\u00e7\u00e3o para o ano letivo de 2023.<br><br>Nos encontros promovidos pela secret\u00e1ria Zulma Moreira relatou que no per\u00edodo de preenchimento de informa\u00e7\u00f5es do Censo Escolar (quando \u00e9 registrada a proposta de trabalho para o ano seguinte), a dire\u00e7\u00e3o do Ceist optou pelo atendimento em per\u00edodo parcial, ou seja, meio per\u00edodo, contemplando o ensino regular.<br><br>De acordo com a secret\u00e1ria, essa decis\u00e3o por ofertar per\u00edodo parcial de atendimento \u00e9 de responsabilidade da escola por raz\u00f5es administrativas e de gest\u00e3o interna.<br><br>Outra quest\u00e3o esclarecida foi quanto ao repasse do Fundo de Manuten\u00e7\u00e3o e Desenvolvimento da Educa\u00e7\u00e3o B\u00e1sica e de Valoriza\u00e7\u00e3o dos Profissionais da Educa\u00e7\u00e3o (Fundeb). \u201cEsse repasse do Munic\u00edpio para as escolas conveniadas \u00e9 estabelecido com base em um plano de trabalho apresentado pela escola, que precisa ser rigorosamente cumprido e com presta\u00e7\u00e3o de contas aprovada &nbsp; para garantir a regularidade dos repasses\u201d, disse.<br><br>A Prefeitura de Arax\u00e1 manteve a parceria com o Ceist garantindo o atendimento e a gratuidade do ensino regular da Educa\u00e7\u00e3o Infantil a todas as crian\u00e7as matriculadas para o ano letivo de 2023 na institui\u00e7\u00e3o.<\/p>\n","protected":false},"excerpt":{"rendered":"<p>A Secretaria Municipal de Educa\u00e7\u00e3o realizou reuni\u00f5es com pais e respons\u00e1veis pelos alunos que estudam no Centro de Educa\u00e7\u00e3o Infantil<\/p>\n","protected":false},"author":2,"featured_media":4443,"comment_status":"open","ping_status":"open","sticky":false,"template":"","format":"standard","meta":{"footnotes":""},"categories":[9,13],"tags":[],"class_list":["post-4442","post","type-post","status-publish","format-standard","has-post-thumbnail","hentry","category-araxa","category-educacao"],"_links":{"self":[{"href":"http:\/\/blogdoarmindomaia.com.br\/index.php?rest_route=\/wp\/v2\/posts\/4442","targetHints":{"allow":["GET"]}}],"collection":[{"href":"http:\/\/blogdoarmindomaia.com.br\/index.php?rest_route=\/wp\/v2\/posts"}],"about":[{"href":"http:\/\/blogdoarmindomaia.com.br\/index.php?rest_route=\/wp\/v2\/types\/post"}],"author":[{"embeddable":true,"href":"http:\/\/blogdoarmindomaia.com.br\/index.php?rest_route=\/wp\/v2\/users\/2"}],"replies":[{"embeddable":true,"href":"http:\/\/blogdoarmindomaia.com.br\/index.php?rest_route=%2Fwp%2Fv2%2Fcomments&post=4442"}],"version-history":[{"count":1,"href":"http:\/\/blogdoarmindomaia.com.br\/index.php?rest_route=\/wp\/v2\/posts\/4442\/revisions"}],"predecessor-version":[{"id":4444,"href":"http:\/\/blogdoarmindomaia.com.br\/index.php?rest_route=\/wp\/v2\/posts\/4442\/revisions\/4444"}],"wp:featuredmedia":[{"embeddable":true,"href":"http:\/\/blogdoarmindomaia.com.br\/index.php?rest_route=\/wp\/v2\/media\/4443"}],"wp:attachment":[{"href":"http:\/\/blogdoarmindomaia.com.br\/index.php?rest_route=%2Fwp%2Fv2%2Fmedia&parent=4442"}],"wp:term":[{"taxonomy":"category","embeddable":true,"href":"http:\/\/blogdoarmindomaia.com.br\/index.php?rest_route=%2Fwp%2Fv2%2Fcategories&post=4442"},{"taxonomy":"post_tag","embeddable":true,"href":"http:\/\/blogdoarmindomaia.com.br\/index.php?rest_route=%2Fwp%2Fv2%2Ftags&post=4442"}],"curies":[{"name":"wp","href":"https:\/\/api.w.org\/{rel}","templated":true}]}}