{"id":4456,"date":"2023-02-24T11:16:30","date_gmt":"2023-02-24T14:16:30","guid":{"rendered":"http:\/\/blogdoarmindomaia.com.br\/?p=4456"},"modified":"2023-02-24T11:16:32","modified_gmt":"2023-02-24T14:16:32","slug":"9a-edicao-do-prefeitura-no-bairro-vai-marcar-inauguracao-de-nova-sede-de-creche-no-pao-de-acucar-3","status":"publish","type":"post","link":"http:\/\/blogdoarmindomaia.com.br\/?p=4456","title":{"rendered":"<strong>9\u00aa edi\u00e7\u00e3o do Prefeitura no Bairro vai marcar inaugura\u00e7\u00e3o de nova sede de creche no P\u00e3o de A\u00e7\u00facar 3<\/strong>"},"content":{"rendered":"\n<figure class=\"wp-block-image size-full is-style-default\"><img loading=\"lazy\" decoding=\"async\" width=\"1024\" height=\"683\" src=\"http:\/\/blogdoarmindomaia.com.br\/wp-content\/uploads\/2023\/02\/Prefeitura-no-Bairro-4.jpeg\" alt=\"\" class=\"wp-image-4457\" srcset=\"http:\/\/blogdoarmindomaia.com.br\/wp-content\/uploads\/2023\/02\/Prefeitura-no-Bairro-4.jpeg 1024w, http:\/\/blogdoarmindomaia.com.br\/wp-content\/uploads\/2023\/02\/Prefeitura-no-Bairro-4-300x200.jpeg 300w, http:\/\/blogdoarmindomaia.com.br\/wp-content\/uploads\/2023\/02\/Prefeitura-no-Bairro-4-768x512.jpeg 768w\" sizes=\"auto, (max-width: 1024px) 100vw, 1024px\" \/><\/figure>\n\n\n\n<figure class=\"wp-block-image size-full is-style-default\"><img loading=\"lazy\" decoding=\"async\" width=\"1024\" height=\"683\" src=\"http:\/\/blogdoarmindomaia.com.br\/wp-content\/uploads\/2023\/02\/Prefeitura-no-Bairro-5.jpeg\" alt=\"\" class=\"wp-image-4458\" srcset=\"http:\/\/blogdoarmindomaia.com.br\/wp-content\/uploads\/2023\/02\/Prefeitura-no-Bairro-5.jpeg 1024w, http:\/\/blogdoarmindomaia.com.br\/wp-content\/uploads\/2023\/02\/Prefeitura-no-Bairro-5-300x200.jpeg 300w, http:\/\/blogdoarmindomaia.com.br\/wp-content\/uploads\/2023\/02\/Prefeitura-no-Bairro-5-768x512.jpeg 768w\" sizes=\"auto, (max-width: 1024px) 100vw, 1024px\" \/><\/figure>\n\n\n\n<p>A 9\u00aa edi\u00e7\u00e3o do projeto Prefeitura no Bairro ser\u00e1 marcada com a inaugura\u00e7\u00e3o da nova sede do Cemei Professora Francisca Querina Martins de Oliveira, no bairro P\u00e3o de A\u00e7\u00facar 3, neste s\u00e1bado (25), das 8h \u00e0s 12h. O projeto oferta mais de 40 servi\u00e7os gratuitos \u00e0 popula\u00e7\u00e3o, reunindo toda a estrutura da Administra\u00e7\u00e3o Municipal.<br><br>A nova sede da creche vai ampliar cerca de 60 vagas para crian\u00e7as de 4 meses a 5 anos, passando de 120 para 200, em uma estrutura de 2.100 m\u00b2, oito salas, uma sala multiuso, frald\u00e1rio, ilumina\u00e7\u00e3o em LED, acessibilidade, cozinha, salas de professores e cuidadores, secretaria, diretoria, rouparia e despensa.<br><br>Outra novidade na primeira edi\u00e7\u00e3o de 2023 do Prefeitura no Bairro vai ser a Rua das Crian\u00e7as, que vai contar com brinquedos, conta\u00e7\u00e3o de hist\u00f3rias infantis e recrea\u00e7\u00e3o. E o evento tamb\u00e9m ofertar\u00e1 vacina\u00e7\u00e3o adulta e infantil, assist\u00eancia e acesso a programas sociais e abertura de empresas, recolhimento de eletroeletr\u00f4nicos, solicita\u00e7\u00e3o por servi\u00e7os urbanos, cadastro de produtores rurais e artistas culturais e orienta\u00e7\u00e3o sobre IPTU.<br><br>O projeto levar\u00e1 ainda atendimentos nas \u00e1reas de A\u00e7\u00e3o Social, Sa\u00fade, Direitos Humanos, Acolhimento \u00e0 Mulher, Habita\u00e7\u00e3o, Trabalho e Emprego, Meio Ambiente, Educa\u00e7\u00e3o, Cidadania, Infraestrutura, Agricultura e Pecu\u00e1ria, Esporte, Lazer, Cultura e Seguran\u00e7a. O Gabinete do Prefeito e a Secretaria de Governo tamb\u00e9m estar\u00e3o \u00e0 disposi\u00e7\u00e3o para receber as demandas da popula\u00e7\u00e3o.<br><br><strong>Servi\u00e7o<\/strong><br><br>Prefeitura no Bairro: &nbsp;P\u00e3o de A\u00e7\u00facar 3 \/ Inaugura\u00e7\u00e3o da nova sede do Cemei Francisca Querina Martins de Oliveira<br><br>Dia e hor\u00e1rio: 25 de fevereiro (s\u00e1bado), das 8h \u00e0s 12h<br><br>Endere\u00e7o: Rua Neila Marques de \u00c1vila, n\u00ba 605, bairro P\u00e3o de A\u00e7\u00facar 3<\/p>\n","protected":false},"excerpt":{"rendered":"<p>A 9\u00aa edi\u00e7\u00e3o do projeto Prefeitura no Bairro ser\u00e1 marcada com a inaugura\u00e7\u00e3o da nova sede do Cemei Professora Francisca<\/p>\n","protected":false},"author":2,"featured_media":4457,"comment_status":"open","ping_status":"open","sticky":false,"template":"","format":"standard","meta":{"footnotes":""},"categories":[9,11],"tags":[],"class_list":["post-4456","post","type-post","status-publish","format-standard","has-post-thumbnail","hentry","category-araxa","category-destaques"],"_links":{"self":[{"href":"http:\/\/blogdoarmindomaia.com.br\/index.php?rest_route=\/wp\/v2\/posts\/4456","targetHints":{"allow":["GET"]}}],"collection":[{"href":"http:\/\/blogdoarmindomaia.com.br\/index.php?rest_route=\/wp\/v2\/posts"}],"about":[{"href":"http:\/\/blogdoarmindomaia.com.br\/index.php?rest_route=\/wp\/v2\/types\/post"}],"author":[{"embeddable":true,"href":"http:\/\/blogdoarmindomaia.com.br\/index.php?rest_route=\/wp\/v2\/users\/2"}],"replies":[{"embeddable":true,"href":"http:\/\/blogdoarmindomaia.com.br\/index.php?rest_route=%2Fwp%2Fv2%2Fcomments&post=4456"}],"version-history":[{"count":1,"href":"http:\/\/blogdoarmindomaia.com.br\/index.php?rest_route=\/wp\/v2\/posts\/4456\/revisions"}],"predecessor-version":[{"id":4459,"href":"http:\/\/blogdoarmindomaia.com.br\/index.php?rest_route=\/wp\/v2\/posts\/4456\/revisions\/4459"}],"wp:featuredmedia":[{"embeddable":true,"href":"http:\/\/blogdoarmindomaia.com.br\/index.php?rest_route=\/wp\/v2\/media\/4457"}],"wp:attachment":[{"href":"http:\/\/blogdoarmindomaia.com.br\/index.php?rest_route=%2Fwp%2Fv2%2Fmedia&parent=4456"}],"wp:term":[{"taxonomy":"category","embeddable":true,"href":"http:\/\/blogdoarmindomaia.com.br\/index.php?rest_route=%2Fwp%2Fv2%2Fcategories&post=4456"},{"taxonomy":"post_tag","embeddable":true,"href":"http:\/\/blogdoarmindomaia.com.br\/index.php?rest_route=%2Fwp%2Fv2%2Ftags&post=4456"}],"curies":[{"name":"wp","href":"https:\/\/api.w.org\/{rel}","templated":true}]}}