{"id":446,"date":"2022-04-21T19:39:44","date_gmt":"2022-04-21T22:39:44","guid":{"rendered":"http:\/\/blogdoarmindomaia.com.br\/?p=446"},"modified":"2022-04-21T19:39:46","modified_gmt":"2022-04-21T22:39:46","slug":"alunos-do-oratorio-nossa-senhora-auxiliadora-vivenciam-solidariedade-compartilhada-com-a-apae","status":"publish","type":"post","link":"http:\/\/blogdoarmindomaia.com.br\/?p=446","title":{"rendered":"Alunos do Orat\u00f3rio Nossa Senhora Auxiliadora vivenciam solidariedade compartilhada com a Apae"},"content":{"rendered":"\n<figure class=\"wp-block-image size-full is-style-default\"><img loading=\"lazy\" decoding=\"async\" width=\"1024\" height=\"683\" src=\"http:\/\/blogdoarmindomaia.com.br\/wp-content\/uploads\/2022\/04\/pascoa-solidaria-10.jpeg\" alt=\"\" class=\"wp-image-448\" srcset=\"http:\/\/blogdoarmindomaia.com.br\/wp-content\/uploads\/2022\/04\/pascoa-solidaria-10.jpeg 1024w, http:\/\/blogdoarmindomaia.com.br\/wp-content\/uploads\/2022\/04\/pascoa-solidaria-10-300x200.jpeg 300w, http:\/\/blogdoarmindomaia.com.br\/wp-content\/uploads\/2022\/04\/pascoa-solidaria-10-768x512.jpeg 768w\" sizes=\"auto, (max-width: 1024px) 100vw, 1024px\" \/><\/figure>\n\n\n\n<figure class=\"wp-block-image size-full is-style-default\"><img loading=\"lazy\" decoding=\"async\" width=\"1024\" height=\"683\" src=\"http:\/\/blogdoarmindomaia.com.br\/wp-content\/uploads\/2022\/04\/pascoa-solidaria-7.jpeg\" alt=\"\" class=\"wp-image-447\" srcset=\"http:\/\/blogdoarmindomaia.com.br\/wp-content\/uploads\/2022\/04\/pascoa-solidaria-7.jpeg 1024w, http:\/\/blogdoarmindomaia.com.br\/wp-content\/uploads\/2022\/04\/pascoa-solidaria-7-300x200.jpeg 300w, http:\/\/blogdoarmindomaia.com.br\/wp-content\/uploads\/2022\/04\/pascoa-solidaria-7-768x512.jpeg 768w\" sizes=\"auto, (max-width: 1024px) 100vw, 1024px\" \/><\/figure>\n\n\n\n<p>A P\u00e1scoa \u00e9 muito mais que chocolate! Essa foi a mensagem aprendida pelos alunos da Escola Municipal Auxiliadora Paiva atendidos no Orat\u00f3rio Nossa Senhora Auxiliadora, no bairro Boa Vista. Eles realizaram v\u00e1rias a\u00e7\u00f5es e atividades alusivas ao tema e, nesta quarta-feira (20), doaram bombons para os estudantes e funcion\u00e1rios da Associa\u00e7\u00e3o de Pais e Amigos dos Excepcionais (Apae), arrecadados em uma campanha promovida junto \u00e0 comunidade.<\/p>\n\n\n\n<p>A equipe do orat\u00f3rio tamb\u00e9m trabalhou com os estudantes a an\u00e1lise da hist\u00f3ria da P\u00e1scoa e sua abordagem dentro das religi\u00f5es. Houve momentos de partilha entre os alunos, celebra\u00e7\u00e3o de P\u00e1scoa com a presen\u00e7a dos Salesianos e o recebimento dos chocolates t\u00e3o esperados pelas crian\u00e7as e jovens atendidos diariamente pelo Tempo Integral no Orat\u00f3rio.<\/p>\n\n\n\n<p>\u201c\u00c9 importante que as crian\u00e7as e jovens conhe\u00e7am pessoas diferentes e que passam por momentos diferentes. A Apae \u00e9 uma realidade muito diferente da escola. Essa partilha \u00e9 o sentido da P\u00e1scoa, partilhar amor, abra\u00e7ar as pessoas, compartilhar a alegria entre os alunos e as pessoas atendidas pela entidade\u201d, refor\u00e7a a secret\u00e1ria municipal de Educa\u00e7\u00e3o, Zulma Moreira.<\/p>\n\n\n\n<p>O orat\u00f3rio atende 150 crian\u00e7as de 6 a 15 anos nas atividades do Projeto Educa+ Tempo Integral. O aluno Arthur Henrique Marques da Silva, 12 anos, est\u00e1 no 7\u00ba ano do Ensino Fundamental. Ele conta que foi muito interessante viver essa experi\u00eancia de levar chocolates para os atendidos da Apae.<\/p>\n\n\n\n<p>\u201cAprendi que Jesus deu a vida por n\u00f3s ressuscitando pelos nossos pecados. Eu n\u00e3o conhecia a Apae, e achei muito interessante. \u00c9 legal compartilhar como Jesus fez antes de ser crucificado\u201d.<\/p>\n\n\n\n<p>A diretora do orat\u00f3rio, Vanessa Feliciano Chagas, destaca que educar para viver, conviver, respeitar e ter f\u00e9 em dias melhores \u00e9 a premissa m\u00e1xima da educa\u00e7\u00e3o do Orat\u00f3rio Nossa Senhora Auxiliadora<\/p>\n\n\n\n<p>\u201cO projeto \u00e9 uma demonstra\u00e7\u00e3o de que a P\u00e1scoa \u00e9 muito mais que chocolate, mas ado\u00e7ar a vida das pessoas \u00e9 um ato de bondade e de ternura. Trabalhamos para que a P\u00e1scoa seja uma constante na educa\u00e7\u00e3o de nossos alunos, que merecem de toda a equipe reconstru\u00e7\u00f5es constantes, esperan\u00e7a depositada no rosto feliz de cada crian\u00e7a e jovem com f\u00e9 em um mundo melhor e mais humano\u201d, completa a diretora.<\/p>\n","protected":false},"excerpt":{"rendered":"<p>A P\u00e1scoa \u00e9 muito mais que chocolate! Essa foi a mensagem aprendida pelos alunos da Escola Municipal Auxiliadora Paiva atendidos<\/p>\n","protected":false},"author":2,"featured_media":447,"comment_status":"open","ping_status":"open","sticky":false,"template":"","format":"standard","meta":{"footnotes":""},"categories":[9],"tags":[],"class_list":["post-446","post","type-post","status-publish","format-standard","has-post-thumbnail","hentry","category-araxa"],"_links":{"self":[{"href":"http:\/\/blogdoarmindomaia.com.br\/index.php?rest_route=\/wp\/v2\/posts\/446","targetHints":{"allow":["GET"]}}],"collection":[{"href":"http:\/\/blogdoarmindomaia.com.br\/index.php?rest_route=\/wp\/v2\/posts"}],"about":[{"href":"http:\/\/blogdoarmindomaia.com.br\/index.php?rest_route=\/wp\/v2\/types\/post"}],"author":[{"embeddable":true,"href":"http:\/\/blogdoarmindomaia.com.br\/index.php?rest_route=\/wp\/v2\/users\/2"}],"replies":[{"embeddable":true,"href":"http:\/\/blogdoarmindomaia.com.br\/index.php?rest_route=%2Fwp%2Fv2%2Fcomments&post=446"}],"version-history":[{"count":1,"href":"http:\/\/blogdoarmindomaia.com.br\/index.php?rest_route=\/wp\/v2\/posts\/446\/revisions"}],"predecessor-version":[{"id":449,"href":"http:\/\/blogdoarmindomaia.com.br\/index.php?rest_route=\/wp\/v2\/posts\/446\/revisions\/449"}],"wp:featuredmedia":[{"embeddable":true,"href":"http:\/\/blogdoarmindomaia.com.br\/index.php?rest_route=\/wp\/v2\/media\/447"}],"wp:attachment":[{"href":"http:\/\/blogdoarmindomaia.com.br\/index.php?rest_route=%2Fwp%2Fv2%2Fmedia&parent=446"}],"wp:term":[{"taxonomy":"category","embeddable":true,"href":"http:\/\/blogdoarmindomaia.com.br\/index.php?rest_route=%2Fwp%2Fv2%2Fcategories&post=446"},{"taxonomy":"post_tag","embeddable":true,"href":"http:\/\/blogdoarmindomaia.com.br\/index.php?rest_route=%2Fwp%2Fv2%2Ftags&post=446"}],"curies":[{"name":"wp","href":"https:\/\/api.w.org\/{rel}","templated":true}]}}