{"id":4460,"date":"2023-02-27T11:10:01","date_gmt":"2023-02-27T14:10:01","guid":{"rendered":"http:\/\/blogdoarmindomaia.com.br\/?p=4460"},"modified":"2023-02-27T11:10:04","modified_gmt":"2023-02-27T14:10:04","slug":"camara-aprova-projetos-para-celebracao-de-termo-de-fomento-com-apae-e-acora","status":"publish","type":"post","link":"http:\/\/blogdoarmindomaia.com.br\/?p=4460","title":{"rendered":"<strong>C\u00e2mara aprova projetos para celebra\u00e7\u00e3o de Termo de Fomento com APAE e ACORA<\/strong>"},"content":{"rendered":"\n<figure class=\"wp-block-image size-large is-style-default\"><img loading=\"lazy\" decoding=\"async\" width=\"1024\" height=\"768\" src=\"http:\/\/blogdoarmindomaia.com.br\/wp-content\/uploads\/2023\/02\/Camara-aprova-projetos-pag-08-1024x768.jpeg\" alt=\"\" class=\"wp-image-4461\" srcset=\"http:\/\/blogdoarmindomaia.com.br\/wp-content\/uploads\/2023\/02\/Camara-aprova-projetos-pag-08-1024x768.jpeg 1024w, http:\/\/blogdoarmindomaia.com.br\/wp-content\/uploads\/2023\/02\/Camara-aprova-projetos-pag-08-300x225.jpeg 300w, http:\/\/blogdoarmindomaia.com.br\/wp-content\/uploads\/2023\/02\/Camara-aprova-projetos-pag-08-768x576.jpeg 768w, http:\/\/blogdoarmindomaia.com.br\/wp-content\/uploads\/2023\/02\/Camara-aprova-projetos-pag-08-1536x1152.jpeg 1536w, http:\/\/blogdoarmindomaia.com.br\/wp-content\/uploads\/2023\/02\/Camara-aprova-projetos-pag-08.jpeg 1600w\" sizes=\"auto, (max-width: 1024px) 100vw, 1024px\" \/><\/figure>\n\n\n\n<p>A C\u00e2mara Municipal de Arax\u00e1 realizou, excepcionalmente, a reuni\u00e3o ordin\u00e1ria da semana no dia 23. A mudan\u00e7a foi necess\u00e1ria devido ao feriado e carnaval.<\/p>\n\n\n\n<p>Durante a ordem do dia os vereadores aprovaram tr\u00eas projetos: dois deles autorizam a celebra\u00e7\u00e3o de termo de fomentos sendo R$ 551.379,82 para fins de custeio e manuten\u00e7\u00e3o da Associa\u00e7\u00e3o de Pais e Amigos dos Excepcionais de Arax\u00e1 \u2013 APAE e R$ 20.017,50 para fins de apoiar a realiza\u00e7\u00e3o da 5\u00aa Corrida e Caminhada de Carnaval, realizada pela Associa\u00e7\u00e3o dos Corredores de Rua de Arax\u00e1 \u2013 ACORA.<\/p>\n\n\n\n<p>Projetos aprovados:<\/p>\n\n\n\n<p>Projeto de Lei 10\/2023: Autoriza o Poder Executivo a celebrar Termo de Fomento com a Associa\u00e7\u00e3o de Pais e Amigos dos Excepcionais de Arax\u00e1 \u2013 APAE. Autor: executivo;<\/p>\n\n\n\n<p>Projeto de Lei 11\/2023: Autoriza o Poder Executivo a celebrar Termo de Fomento com a Associa\u00e7\u00e3o dos Corredores de Rua de Arax\u00e1 \u2013 ACORA. Autor: executivo;<\/p>\n\n\n\n<p>Projeto de Lei 12\/2023: Disciplina a vida \u00fatil dos ve\u00edculos utilizados no transporte escolar rural. Autor: vereador Raphael Rios.<\/p>\n","protected":false},"excerpt":{"rendered":"<p>A C\u00e2mara Municipal de Arax\u00e1 realizou, excepcionalmente, a reuni\u00e3o ordin\u00e1ria da semana no dia 23. A mudan\u00e7a foi necess\u00e1ria devido<\/p>\n","protected":false},"author":2,"featured_media":4461,"comment_status":"open","ping_status":"open","sticky":false,"template":"","format":"standard","meta":{"footnotes":""},"categories":[9,25],"tags":[],"class_list":["post-4460","post","type-post","status-publish","format-standard","has-post-thumbnail","hentry","category-araxa","category-politica"],"_links":{"self":[{"href":"http:\/\/blogdoarmindomaia.com.br\/index.php?rest_route=\/wp\/v2\/posts\/4460","targetHints":{"allow":["GET"]}}],"collection":[{"href":"http:\/\/blogdoarmindomaia.com.br\/index.php?rest_route=\/wp\/v2\/posts"}],"about":[{"href":"http:\/\/blogdoarmindomaia.com.br\/index.php?rest_route=\/wp\/v2\/types\/post"}],"author":[{"embeddable":true,"href":"http:\/\/blogdoarmindomaia.com.br\/index.php?rest_route=\/wp\/v2\/users\/2"}],"replies":[{"embeddable":true,"href":"http:\/\/blogdoarmindomaia.com.br\/index.php?rest_route=%2Fwp%2Fv2%2Fcomments&post=4460"}],"version-history":[{"count":1,"href":"http:\/\/blogdoarmindomaia.com.br\/index.php?rest_route=\/wp\/v2\/posts\/4460\/revisions"}],"predecessor-version":[{"id":4462,"href":"http:\/\/blogdoarmindomaia.com.br\/index.php?rest_route=\/wp\/v2\/posts\/4460\/revisions\/4462"}],"wp:featuredmedia":[{"embeddable":true,"href":"http:\/\/blogdoarmindomaia.com.br\/index.php?rest_route=\/wp\/v2\/media\/4461"}],"wp:attachment":[{"href":"http:\/\/blogdoarmindomaia.com.br\/index.php?rest_route=%2Fwp%2Fv2%2Fmedia&parent=4460"}],"wp:term":[{"taxonomy":"category","embeddable":true,"href":"http:\/\/blogdoarmindomaia.com.br\/index.php?rest_route=%2Fwp%2Fv2%2Fcategories&post=4460"},{"taxonomy":"post_tag","embeddable":true,"href":"http:\/\/blogdoarmindomaia.com.br\/index.php?rest_route=%2Fwp%2Fv2%2Ftags&post=4460"}],"curies":[{"name":"wp","href":"https:\/\/api.w.org\/{rel}","templated":true}]}}