{"id":4463,"date":"2023-02-27T11:14:58","date_gmt":"2023-02-27T14:14:58","guid":{"rendered":"http:\/\/blogdoarmindomaia.com.br\/?p=4463"},"modified":"2023-02-27T11:15:00","modified_gmt":"2023-02-27T14:15:00","slug":"ampara-fecha-parceria-para-implantacao-de-sistema-de-gestao-informatizado","status":"publish","type":"post","link":"http:\/\/blogdoarmindomaia.com.br\/?p=4463","title":{"rendered":"<strong>Ampara fecha parceria para implanta\u00e7\u00e3o de sistema de gest\u00e3o informatizado<\/strong><strong> &nbsp;<br><br><\/strong>"},"content":{"rendered":"\n<figure class=\"wp-block-image size-large is-style-default\"><img loading=\"lazy\" decoding=\"async\" width=\"1024\" height=\"682\" src=\"http:\/\/blogdoarmindomaia.com.br\/wp-content\/uploads\/2023\/02\/Novo-Sistema-Ampara-2-1024x682.jpeg\" alt=\"\" class=\"wp-image-4464\" srcset=\"http:\/\/blogdoarmindomaia.com.br\/wp-content\/uploads\/2023\/02\/Novo-Sistema-Ampara-2-1024x682.jpeg 1024w, http:\/\/blogdoarmindomaia.com.br\/wp-content\/uploads\/2023\/02\/Novo-Sistema-Ampara-2-300x200.jpeg 300w, http:\/\/blogdoarmindomaia.com.br\/wp-content\/uploads\/2023\/02\/Novo-Sistema-Ampara-2-768x512.jpeg 768w, http:\/\/blogdoarmindomaia.com.br\/wp-content\/uploads\/2023\/02\/Novo-Sistema-Ampara-2.jpeg 1280w\" sizes=\"auto, (max-width: 1024px) 100vw, 1024px\" \/><\/figure>\n\n\n\n<p>A Associa\u00e7\u00e3o de Amparo \u00e0s Pessoas com C\u00e2ncer de Arax\u00e1 (Ampara) fechou uma parceria com a empresa TecnoPro Assessoria, para a implanta\u00e7\u00e3o de um sistema de gest\u00e3o informatizado na institui\u00e7\u00e3o. O software utilizado \u00e9 o TGA Sistemas. De acordo com a coordenadora da Ampara, Juliana Silva, a novidade vai auxiliar para que o controle de informa\u00e7\u00f5es seja realizado de maneira mais organizada.<br><br>\u201cA import\u00e2ncia dessa implanta\u00e7\u00e3o se d\u00e1 porque a Ampara se desenvolveu, cresceu e aumentou o n\u00famero de assistidos e funcion\u00e1rios. Por isso, sentimos a necessidade da unifica\u00e7\u00e3o de dados, para nos organizarmos melhor e termos mais controle das nossas atividades. Com a implanta\u00e7\u00e3o, teremos, por exemplo, para os pr\u00f3ximos anos, um banco de dados com informa\u00e7\u00f5es de todos os assistidos, com fotos digitalizadas. Substituiremos os arquivos em papel por este sistema integrado. A Ampara agradece a TecnoPro, que nos cedeu alguns meses de utiliza\u00e7\u00e3o gratuitos do programa e nos permitiu dar este pontap\u00e9 inicial&#8221;, destaca.<br><br>O propriet\u00e1rio da TecnoPro, Magno Chaves Freire, ressalta os benef\u00edcios que o sistema trar\u00e1 no dia a dia. \u201cO \u00e2mbito social \u00e9 um dos valores que pautam as a\u00e7\u00f5es da empresa. Quando a Ampara nos procurou, prontamente fomos entender como funciona o trabalho e como poder\u00edamos contribuir com essa Associa\u00e7\u00e3o que se mant\u00e9m ativa na luta pela vida de quem enfrenta o c\u00e2ncer. Ap\u00f3s analisar todos os processos e rotinas, identificamos a import\u00e2ncia da implanta\u00e7\u00e3o do software de gest\u00e3o. Ele vai otimizar processos e reduzir custos por meio de relat\u00f3rios gerenciais consistentes, que v\u00e3o contribuir para a tomada de decis\u00f5es mais assertivas\u201d, conta.<br><br><strong>Sobre a Ampara<\/strong><br><br>A Ampara atua em Arax\u00e1 desde 2015, prestando assist\u00eancia a pacientes em tratamento de c\u00e2ncer.<br><br>Entre os aux\u00edlios realizados pela institui\u00e7\u00e3o est\u00e3o doa\u00e7\u00f5es de produtos como caixas de leite, cestas b\u00e1sicas, suplementos alimentares, bolsa de colostomia, medicamentos n\u00e3o fornecidos pelo SUS, fraldas geri\u00e1tricas e absorventes cir\u00fargicos.Al\u00e9m disso, a Associa\u00e7\u00e3o tamb\u00e9m realiza atendimentos psicol\u00f3gicos, nutricional, de assessoria jur\u00eddica, assist\u00eancia social,oficinas, entre outros, auxiliando assistidos e familiares.<br><br>Para a realiza\u00e7\u00e3o de doa\u00e7\u00f5es, os interessados podem comparecer \u00e0 sede da Ampara, localizada na Avenida Senador Montandon, n\u00b0 98, no Centro. O telefone para contato \u00e9 o (34) 3612-1611.<\/p>\n","protected":false},"excerpt":{"rendered":"<p>A Associa\u00e7\u00e3o de Amparo \u00e0s Pessoas com C\u00e2ncer de Arax\u00e1 (Ampara) fechou uma parceria com a empresa TecnoPro Assessoria, para<\/p>\n","protected":false},"author":2,"featured_media":4464,"comment_status":"open","ping_status":"open","sticky":false,"template":"","format":"standard","meta":{"footnotes":""},"categories":[9,29],"tags":[],"class_list":["post-4463","post","type-post","status-publish","format-standard","has-post-thumbnail","hentry","category-araxa","category-saude"],"_links":{"self":[{"href":"http:\/\/blogdoarmindomaia.com.br\/index.php?rest_route=\/wp\/v2\/posts\/4463","targetHints":{"allow":["GET"]}}],"collection":[{"href":"http:\/\/blogdoarmindomaia.com.br\/index.php?rest_route=\/wp\/v2\/posts"}],"about":[{"href":"http:\/\/blogdoarmindomaia.com.br\/index.php?rest_route=\/wp\/v2\/types\/post"}],"author":[{"embeddable":true,"href":"http:\/\/blogdoarmindomaia.com.br\/index.php?rest_route=\/wp\/v2\/users\/2"}],"replies":[{"embeddable":true,"href":"http:\/\/blogdoarmindomaia.com.br\/index.php?rest_route=%2Fwp%2Fv2%2Fcomments&post=4463"}],"version-history":[{"count":1,"href":"http:\/\/blogdoarmindomaia.com.br\/index.php?rest_route=\/wp\/v2\/posts\/4463\/revisions"}],"predecessor-version":[{"id":4465,"href":"http:\/\/blogdoarmindomaia.com.br\/index.php?rest_route=\/wp\/v2\/posts\/4463\/revisions\/4465"}],"wp:featuredmedia":[{"embeddable":true,"href":"http:\/\/blogdoarmindomaia.com.br\/index.php?rest_route=\/wp\/v2\/media\/4464"}],"wp:attachment":[{"href":"http:\/\/blogdoarmindomaia.com.br\/index.php?rest_route=%2Fwp%2Fv2%2Fmedia&parent=4463"}],"wp:term":[{"taxonomy":"category","embeddable":true,"href":"http:\/\/blogdoarmindomaia.com.br\/index.php?rest_route=%2Fwp%2Fv2%2Fcategories&post=4463"},{"taxonomy":"post_tag","embeddable":true,"href":"http:\/\/blogdoarmindomaia.com.br\/index.php?rest_route=%2Fwp%2Fv2%2Ftags&post=4463"}],"curies":[{"name":"wp","href":"https:\/\/api.w.org\/{rel}","templated":true}]}}