{"id":4466,"date":"2023-02-27T14:38:13","date_gmt":"2023-02-27T17:38:13","guid":{"rendered":"http:\/\/blogdoarmindomaia.com.br\/?p=4466"},"modified":"2023-02-27T14:38:15","modified_gmt":"2023-02-27T17:38:15","slug":"inaugurada-a-nova-sede-de-creche-no-pao-de-acucar-3","status":"publish","type":"post","link":"http:\/\/blogdoarmindomaia.com.br\/?p=4466","title":{"rendered":"<strong>Inaugurada a nova sede de creche no P\u00e3o de A\u00e7\u00facar 3<\/strong>"},"content":{"rendered":"\n<figure class=\"wp-block-image size-full is-style-default\"><img loading=\"lazy\" decoding=\"async\" width=\"1024\" height=\"683\" src=\"http:\/\/blogdoarmindomaia.com.br\/wp-content\/uploads\/2023\/02\/Inaugurada-a-nova-sede-de-creche-no-Pao-de-Acucar-3-pag-09.jpeg\" alt=\"\" class=\"wp-image-4467\" srcset=\"http:\/\/blogdoarmindomaia.com.br\/wp-content\/uploads\/2023\/02\/Inaugurada-a-nova-sede-de-creche-no-Pao-de-Acucar-3-pag-09.jpeg 1024w, http:\/\/blogdoarmindomaia.com.br\/wp-content\/uploads\/2023\/02\/Inaugurada-a-nova-sede-de-creche-no-Pao-de-Acucar-3-pag-09-300x200.jpeg 300w, http:\/\/blogdoarmindomaia.com.br\/wp-content\/uploads\/2023\/02\/Inaugurada-a-nova-sede-de-creche-no-Pao-de-Acucar-3-pag-09-768x512.jpeg 768w\" sizes=\"auto, (max-width: 1024px) 100vw, 1024px\" \/><\/figure>\n\n\n\n<figure class=\"wp-block-image size-full is-style-default\"><img loading=\"lazy\" decoding=\"async\" width=\"1024\" height=\"683\" src=\"http:\/\/blogdoarmindomaia.com.br\/wp-content\/uploads\/2023\/02\/inauguracao-cemei-2.jpeg\" alt=\"\" class=\"wp-image-4468\" srcset=\"http:\/\/blogdoarmindomaia.com.br\/wp-content\/uploads\/2023\/02\/inauguracao-cemei-2.jpeg 1024w, http:\/\/blogdoarmindomaia.com.br\/wp-content\/uploads\/2023\/02\/inauguracao-cemei-2-300x200.jpeg 300w, http:\/\/blogdoarmindomaia.com.br\/wp-content\/uploads\/2023\/02\/inauguracao-cemei-2-768x512.jpeg 768w\" sizes=\"auto, (max-width: 1024px) 100vw, 1024px\" \/><\/figure>\n\n\n\n<figure class=\"wp-block-image size-full is-style-default\"><img loading=\"lazy\" decoding=\"async\" width=\"1024\" height=\"683\" src=\"http:\/\/blogdoarmindomaia.com.br\/wp-content\/uploads\/2023\/02\/inauguracao-cemei-7.jpeg\" alt=\"\" class=\"wp-image-4469\" srcset=\"http:\/\/blogdoarmindomaia.com.br\/wp-content\/uploads\/2023\/02\/inauguracao-cemei-7.jpeg 1024w, http:\/\/blogdoarmindomaia.com.br\/wp-content\/uploads\/2023\/02\/inauguracao-cemei-7-300x200.jpeg 300w, http:\/\/blogdoarmindomaia.com.br\/wp-content\/uploads\/2023\/02\/inauguracao-cemei-7-768x512.jpeg 768w\" sizes=\"auto, (max-width: 1024px) 100vw, 1024px\" \/><\/figure>\n\n\n\n<p>Mais um sonho realizado na Educa\u00e7\u00e3o. A Prefeitura de Arax\u00e1 entregou a nova sede do Centro Municipal de Educa\u00e7\u00e3o Infantil (Cemei) Professora Francisca Querina Martins de Oliveira para a comunidade do bairro P\u00e3o de A\u00e7\u00facar 3. A inaugura\u00e7\u00e3o foi realizada durante a programa\u00e7\u00e3o da 9\u00ba edi\u00e7\u00e3o do projeto Prefeitura no Bairro, realizada no s\u00e1bado (25).<br><br>A nova sede, localizada na rua Neila Marques de \u00c1vila, n\u00famero 605, \u00e9 uma reivindica\u00e7\u00e3o de v\u00e1rios anos e vai ampliar o atendimento para mais 80 crian\u00e7as, passando de 120 para 200 vagas, com faixa et\u00e1ria entre 4 meses a 5 anos. O Cemei agora conta com um pr\u00e9dio mais moderno e arejado, grande \u00e1rea externa para a recrea\u00e7\u00e3o, locais com acessibilidade e mobili\u00e1rios novos.<br><br>S\u00e3o oito salas de aula com sol\u00e1rios, sala de multimeios, cozinha, banheiros, frald\u00e1rio, secretaria, diretoria, sala de professores e cuidadores, rouparia e lavanderia, despensa e ilumina\u00e7\u00e3o de LED em um espa\u00e7o de 2.100 m\u00b2.<br><br>Mariana Magalh\u00e3es Fortunato tem uma filha de 3 anos que estuda na creche e afirma que a reforma \u00e9 a realiza\u00e7\u00e3o de um sonho. \u201cA gente, como m\u00e3e, fica muito feliz e \u00e9 um sentimento de gratid\u00e3o. Essa reforma era uma demanda de v\u00e1rios anos da popula\u00e7\u00e3o, porque a antiga estrutura da creche era muito ruim, e agora estamos muito felizes com essa reforma\u201d, ressalta.<br><br>A secret\u00e1ria municipal de Educa\u00e7\u00e3o, Zulma Moreira, ressalta que o novo espa\u00e7o fortalece a parceria entre escola e fam\u00edlia. \u201cFoi aproveitada uma \u00e1rea do Munic\u00edpio para construir uma sede apropriada, o que \u00e9 de extrema import\u00e2ncia para a praticidade e at\u00e9 mesmo para a economia e seguran\u00e7a dos familiares. As crian\u00e7as ficaram muito entusiasmadas, as fam\u00edlias ficaram muito felizes e a sensa\u00e7\u00e3o \u00e9 de miss\u00e3o cumprida\u201d, diz.<br><br>De acordo com o prefeito Robson Magela, a nova sede do Cemei Francisca Querina possibilita uma educa\u00e7\u00e3o de mais qualidade para a comunidade escolar e mais seguran\u00e7a para as fam\u00edlias. \u201cEntregar um espa\u00e7o como este para tantas crian\u00e7as era uma de nossas principais metas. A base para um futuro melhor, sem d\u00favidas, \u00e9 a educa\u00e7\u00e3o, em um espa\u00e7o acolhedor que vai muito al\u00e9m de uma constru\u00e7\u00e3o\u201d, conclui.<\/p>\n","protected":false},"excerpt":{"rendered":"<p>Mais um sonho realizado na Educa\u00e7\u00e3o. A Prefeitura de Arax\u00e1 entregou a nova sede do Centro Municipal de Educa\u00e7\u00e3o Infantil<\/p>\n","protected":false},"author":2,"featured_media":4467,"comment_status":"open","ping_status":"open","sticky":false,"template":"","format":"standard","meta":{"footnotes":""},"categories":[9,11,13],"tags":[],"class_list":["post-4466","post","type-post","status-publish","format-standard","has-post-thumbnail","hentry","category-araxa","category-destaques","category-educacao"],"_links":{"self":[{"href":"http:\/\/blogdoarmindomaia.com.br\/index.php?rest_route=\/wp\/v2\/posts\/4466","targetHints":{"allow":["GET"]}}],"collection":[{"href":"http:\/\/blogdoarmindomaia.com.br\/index.php?rest_route=\/wp\/v2\/posts"}],"about":[{"href":"http:\/\/blogdoarmindomaia.com.br\/index.php?rest_route=\/wp\/v2\/types\/post"}],"author":[{"embeddable":true,"href":"http:\/\/blogdoarmindomaia.com.br\/index.php?rest_route=\/wp\/v2\/users\/2"}],"replies":[{"embeddable":true,"href":"http:\/\/blogdoarmindomaia.com.br\/index.php?rest_route=%2Fwp%2Fv2%2Fcomments&post=4466"}],"version-history":[{"count":1,"href":"http:\/\/blogdoarmindomaia.com.br\/index.php?rest_route=\/wp\/v2\/posts\/4466\/revisions"}],"predecessor-version":[{"id":4470,"href":"http:\/\/blogdoarmindomaia.com.br\/index.php?rest_route=\/wp\/v2\/posts\/4466\/revisions\/4470"}],"wp:featuredmedia":[{"embeddable":true,"href":"http:\/\/blogdoarmindomaia.com.br\/index.php?rest_route=\/wp\/v2\/media\/4467"}],"wp:attachment":[{"href":"http:\/\/blogdoarmindomaia.com.br\/index.php?rest_route=%2Fwp%2Fv2%2Fmedia&parent=4466"}],"wp:term":[{"taxonomy":"category","embeddable":true,"href":"http:\/\/blogdoarmindomaia.com.br\/index.php?rest_route=%2Fwp%2Fv2%2Fcategories&post=4466"},{"taxonomy":"post_tag","embeddable":true,"href":"http:\/\/blogdoarmindomaia.com.br\/index.php?rest_route=%2Fwp%2Fv2%2Ftags&post=4466"}],"curies":[{"name":"wp","href":"https:\/\/api.w.org\/{rel}","templated":true}]}}