{"id":4471,"date":"2023-02-27T16:26:52","date_gmt":"2023-02-27T19:26:52","guid":{"rendered":"http:\/\/blogdoarmindomaia.com.br\/?p=4471"},"modified":"2023-02-27T16:26:54","modified_gmt":"2023-02-27T19:26:54","slug":"araxa-iniciou-a-vacinacao-com-a-pfizer-bivalente","status":"publish","type":"post","link":"http:\/\/blogdoarmindomaia.com.br\/?p=4471","title":{"rendered":"<strong>Arax\u00e1 iniciou a vacina\u00e7\u00e3o com a Pfizer bivalente<\/strong>"},"content":{"rendered":"\n<figure class=\"wp-block-image size-full is-style-default\"><img loading=\"lazy\" decoding=\"async\" width=\"1024\" height=\"683\" src=\"http:\/\/blogdoarmindomaia.com.br\/wp-content\/uploads\/2023\/02\/Araxa-iniciou-a-vacinacao-com-a-Pfizer-bivalente-pag-06.jpeg\" alt=\"\" class=\"wp-image-4472\" srcset=\"http:\/\/blogdoarmindomaia.com.br\/wp-content\/uploads\/2023\/02\/Araxa-iniciou-a-vacinacao-com-a-Pfizer-bivalente-pag-06.jpeg 1024w, http:\/\/blogdoarmindomaia.com.br\/wp-content\/uploads\/2023\/02\/Araxa-iniciou-a-vacinacao-com-a-Pfizer-bivalente-pag-06-300x200.jpeg 300w, http:\/\/blogdoarmindomaia.com.br\/wp-content\/uploads\/2023\/02\/Araxa-iniciou-a-vacinacao-com-a-Pfizer-bivalente-pag-06-768x512.jpeg 768w\" sizes=\"auto, (max-width: 1024px) 100vw, 1024px\" \/><\/figure>\n\n\n\n<p>A Prefeitura de Arax\u00e1 iniciou a aplica\u00e7\u00e3o da dose de refor\u00e7o para grupos priorit\u00e1rios na segunda-feira (27), conforme cronograma do Minist\u00e9rio da Sa\u00fade, com o imunizante bivalente da Pfizer. A vacina \u00e9 denominada bivalente porque protege contra a cepa ancestral de SARS-CoV-2 e a variante \u00d4micron, visando \u00e0 preven\u00e7\u00e3o de doen\u00e7as graves e \u00f3bitos por Covid-19.<\/p>\n\n\n\n<p>Nesta primeira fase, conforme nota t\u00e9cnica do Minist\u00e9rio da Sa\u00fade, os primeiros a serem imunizados ser\u00e3o os idosos a partir de 80 anos e a popula\u00e7\u00e3o a partir de 12 anos imunocomprometidos, mediante apresenta\u00e7\u00e3o de laudo ou receita m\u00e9dica.<\/p>\n\n\n\n<p>A imuniza\u00e7\u00e3o ser\u00e1 realizada para os grupos que tiverem completado o esquema b\u00e1sico da vacina Covid-19 (pelo menos duas doses) e que a \u00faltima dose tenha sido administrada h\u00e1 120 dias (4 meses) ou mais.<\/p>\n\n\n\n<p>As demais vacinas contra a Covid-19 seguem sendo disponibilizadas nas Salas de Vacina das Unidades de Sa\u00fade, conforme divulga\u00e7\u00e3o di\u00e1ria do cronograma.<\/p>\n\n\n\n<p><strong>Cronograma de vacina<\/strong><\/p>\n\n\n\n<p>Data: de segunda (27) a sexta-feira (03)<\/p>\n\n\n\n<p>P\u00fablico: Popula\u00e7\u00e3o 80+<\/p>\n\n\n\n<p>Local: &nbsp;Unileste, Unisul, Uninorte, Uninordeste e Unisa (das 8h \u00e0s 15h)<\/p>\n\n\n\n<p>Etapa: Pfizer Bivalente<\/p>\n\n\n\n<p>P\u00fablico: Popula\u00e7\u00e3o 12+ (Imunocomprometidos com laudo ou receita m\u00e9dica)<\/p>\n\n\n\n<p>Local: &nbsp;Unileste, Unisul, Uninorte, Uninordeste e Unisa (das 8h \u00e0s 15h)<\/p>\n\n\n\n<p>Etapa: Pfizer Bivalente<\/p>\n\n\n\n<p><strong>Documenta\u00e7\u00e3o necess\u00e1ria:<\/strong><\/p>\n\n\n\n<p>&#8211; Documento original que tenha o n\u00famero do CPF e o Cart\u00e3o de Vacina.<\/p>\n\n\n\n<p>Lembrando que a dose bivalente deve ser aplicada apenas para quem recebeu o esquema prim\u00e1rio completo de vacina\u00e7\u00e3o contra a Covid-19, com intervalo de pelo menos 4 meses desde a \u00faltima dose.<\/p>\n\n\n\n<p>No ato da vacina\u00e7\u00e3o, caso a pessoa seja menor, precisa estar acompanhada de um respons\u00e1vel.<\/p>\n\n\n\n<p>E na vacina\u00e7\u00e3o de crian\u00e7as de 3 a 11 anos, se n\u00e3o estiverem acompanhadas pelos pais, os mesmos devem providenciar um termo de autoriza\u00e7\u00e3o \u00e0 pessoa respons\u00e1vel para ser entregue no local da aplica\u00e7\u00e3o. O modelo do termo est\u00e1 dispon\u00edvel para impress\u00e3o no site (&nbsp;<a href=\"http:\/\/www.araxavacina.com.br\/\" target=\"_blank\" rel=\"noreferrer noopener\">www.araxavacina.com.br<\/a>&nbsp;).<\/p>\n\n\n\n<p>O uso da m\u00e1scara de prote\u00e7\u00e3o continua sendo obrigat\u00f3rio em locais que ofere\u00e7am servi\u00e7os de sa\u00fade, como postos de vacina\u00e7\u00e3o.<\/p>\n\n\n\n<p>\u00c9 recomend\u00e1vel a chegada nas primeiras horas do cronograma do dia em fun\u00e7\u00e3o das limita\u00e7\u00f5es de doses enviadas pelo Minist\u00e9rio da Sa\u00fade e Governo do Estado.<\/p>\n\n\n\n<p>O cronograma completo e documenta\u00e7\u00e3o necess\u00e1ria est\u00e3o dispon\u00edveis no site (<a href=\"http:\/\/www.araxavacina.com.br\/cronograma\" target=\"_blank\" rel=\"noreferrer noopener\">www.araxavacina.com.br\/cronograma<\/a>&nbsp;).<br><\/p>\n","protected":false},"excerpt":{"rendered":"<p>A Prefeitura de Arax\u00e1 iniciou a aplica\u00e7\u00e3o da dose de refor\u00e7o para grupos priorit\u00e1rios na segunda-feira (27), conforme cronograma do<\/p>\n","protected":false},"author":2,"featured_media":4472,"comment_status":"open","ping_status":"open","sticky":false,"template":"","format":"standard","meta":{"footnotes":""},"categories":[9,29],"tags":[],"class_list":["post-4471","post","type-post","status-publish","format-standard","has-post-thumbnail","hentry","category-araxa","category-saude"],"_links":{"self":[{"href":"http:\/\/blogdoarmindomaia.com.br\/index.php?rest_route=\/wp\/v2\/posts\/4471","targetHints":{"allow":["GET"]}}],"collection":[{"href":"http:\/\/blogdoarmindomaia.com.br\/index.php?rest_route=\/wp\/v2\/posts"}],"about":[{"href":"http:\/\/blogdoarmindomaia.com.br\/index.php?rest_route=\/wp\/v2\/types\/post"}],"author":[{"embeddable":true,"href":"http:\/\/blogdoarmindomaia.com.br\/index.php?rest_route=\/wp\/v2\/users\/2"}],"replies":[{"embeddable":true,"href":"http:\/\/blogdoarmindomaia.com.br\/index.php?rest_route=%2Fwp%2Fv2%2Fcomments&post=4471"}],"version-history":[{"count":1,"href":"http:\/\/blogdoarmindomaia.com.br\/index.php?rest_route=\/wp\/v2\/posts\/4471\/revisions"}],"predecessor-version":[{"id":4473,"href":"http:\/\/blogdoarmindomaia.com.br\/index.php?rest_route=\/wp\/v2\/posts\/4471\/revisions\/4473"}],"wp:featuredmedia":[{"embeddable":true,"href":"http:\/\/blogdoarmindomaia.com.br\/index.php?rest_route=\/wp\/v2\/media\/4472"}],"wp:attachment":[{"href":"http:\/\/blogdoarmindomaia.com.br\/index.php?rest_route=%2Fwp%2Fv2%2Fmedia&parent=4471"}],"wp:term":[{"taxonomy":"category","embeddable":true,"href":"http:\/\/blogdoarmindomaia.com.br\/index.php?rest_route=%2Fwp%2Fv2%2Fcategories&post=4471"},{"taxonomy":"post_tag","embeddable":true,"href":"http:\/\/blogdoarmindomaia.com.br\/index.php?rest_route=%2Fwp%2Fv2%2Ftags&post=4471"}],"curies":[{"name":"wp","href":"https:\/\/api.w.org\/{rel}","templated":true}]}}