{"id":4474,"date":"2023-02-27T16:29:12","date_gmt":"2023-02-27T19:29:12","guid":{"rendered":"http:\/\/blogdoarmindomaia.com.br\/?p=4474"},"modified":"2023-02-27T16:29:14","modified_gmt":"2023-02-27T19:29:14","slug":"cefet-mg-abre-concurso-para-selecao-de-novos-servidores-para-araxa","status":"publish","type":"post","link":"http:\/\/blogdoarmindomaia.com.br\/?p=4474","title":{"rendered":"<strong>CEFET-MG abre concurso para sele\u00e7\u00e3o de novos servidores\u00a0para Arax\u00e1<\/strong>"},"content":{"rendered":"\n<figure class=\"wp-block-image size-full is-style-default\"><img loading=\"lazy\" decoding=\"async\" width=\"886\" height=\"558\" src=\"http:\/\/blogdoarmindomaia.com.br\/wp-content\/uploads\/2023\/02\/WhatsApp-Image-2021-03-10-at-17.34.40.jpeg\" alt=\"\" class=\"wp-image-4475\" srcset=\"http:\/\/blogdoarmindomaia.com.br\/wp-content\/uploads\/2023\/02\/WhatsApp-Image-2021-03-10-at-17.34.40.jpeg 886w, http:\/\/blogdoarmindomaia.com.br\/wp-content\/uploads\/2023\/02\/WhatsApp-Image-2021-03-10-at-17.34.40-300x189.jpeg 300w, http:\/\/blogdoarmindomaia.com.br\/wp-content\/uploads\/2023\/02\/WhatsApp-Image-2021-03-10-at-17.34.40-768x484.jpeg 768w\" sizes=\"auto, (max-width: 886px) 100vw, 886px\" \/><\/figure>\n\n\n\n<p>O CEFET-MG lan\u00e7ou editais de concurso p\u00fablico para servidores efetivos. Ao todo, s\u00e3o 13 vagas imediatas, al\u00e9m de forma\u00e7\u00e3o de cadastro de reserva, para cargos das carreiras docente (em regime de dedica\u00e7\u00e3o exclusiva) e administrativa (n\u00edvel m\u00e9dio, t\u00e9cnico e superior).<\/p>\n\n\n\n<p><a href=\"https:\/\/www.concursopublico.cefetmg.br\/ebtt\/\" target=\"_blank\" rel=\"noreferrer noopener\">Editais de sele\u00e7\u00e3o para professores efetivos<\/a>&nbsp;referem-se a quatro&nbsp;<em>campi<\/em>&nbsp;da Institui\u00e7\u00e3o. As quatro vagas imediatas s\u00e3o para as \u00e1reas de Engenharia Civil\/ Constru\u00e7\u00e3o Civil (Arax\u00e1); Engenharia El\u00e9trica (Belo Horizonte); Computa\u00e7\u00e3o (Divin\u00f3polis); Computa\u00e7\u00e3o (Leopoldina).<\/p>\n\n\n\n<p><a href=\"https:\/\/www.concursopublico.cefetmg.br\/ebtt\/\" target=\"_blank\" rel=\"noreferrer noopener\">As inscri\u00e7\u00f5es est\u00e3o abertas para todas as \u00e1reas.<\/a>&nbsp;O concurso vai ser realizado em tr\u00eas etapas: prova escrita e did\u00e1tica (ambas, classificat\u00f3ria e eliminat\u00f3ria) e de t\u00edtulos (classificat\u00f3ria).<\/p>\n\n\n\n<p>O vencimento b\u00e1sico vai de R$4.472,64 a R$9.616,18, de acordo com os t\u00edtulos dos candidatos aprovados. Benef\u00edcios como aux\u00edlio-alimenta\u00e7\u00e3o, ressarcimento de despesas com plano de sa\u00fade, aux\u00edlio-transporte e aux\u00edlio-creche tamb\u00e9m comp\u00f5em os vencimentos. A carga hor\u00e1ria de trabalho \u00e9 de 40 horas semanais, em regime de dedica\u00e7\u00e3o exclusiva.<\/p>\n\n\n\n<p>Al\u00e9m das vagas previstas, haver\u00e1 forma\u00e7\u00e3o de cadastro de reserva para pessoas negras e com defici\u00eancia, nos percentuais previstos em lei. O prazo de validade do certame ser\u00e1 de um ano, podendo ser prorrogado uma vez por igual per\u00edodo.<\/p>\n\n\n\n<p><strong>Consulte os requisitos e o cronograma das provas por \u00e1rea nos editais do concurso<\/strong>:<\/p>\n\n\n\n<ul class=\"wp-block-list\">\n<li><a href=\"https:\/\/www.concursopublico.cefetmg.br\/edital292023\/\" target=\"_blank\" rel=\"noreferrer noopener\">Edital 029\/2023 \u2013 Engenharia Civil\/ Constru\u00e7\u00e3o Civil \u2013 Arax\u00e1<\/a><\/li>\n\n\n\n<li><a href=\"https:\/\/www.concursopublico.cefetmg.br\/edital312023\/\" target=\"_blank\" rel=\"noreferrer noopener\">Edital 031\/2023 \u2013 Engenharia El\u00e9trica \u2013 Belo Horizonte<\/a><\/li>\n\n\n\n<li><a href=\"https:\/\/www.concursopublico.cefetmg.br\/edital282023\/\" target=\"_blank\" rel=\"noreferrer noopener\">Edital 028\/2023<\/a>&nbsp;<a href=\"https:\/\/www.concursopublico.cefetmg.br\/edital312023\/\" target=\"_blank\" rel=\"noreferrer noopener\">\u2013<\/a>&nbsp;<a href=\"https:\/\/www.concursopublico.cefetmg.br\/edital282023\/\" target=\"_blank\" rel=\"noreferrer noopener\">Computa\u00e7\u00e3o \u2013 Divin\u00f3polis<\/a><\/li>\n\n\n\n<li><a href=\"https:\/\/www.concursopublico.cefetmg.br\/edital302023\/\" target=\"_blank\" rel=\"noreferrer noopener\">Edital 030\/2023<\/a>&nbsp;<a href=\"https:\/\/www.concursopublico.cefetmg.br\/edital312023\/\" target=\"_blank\" rel=\"noreferrer noopener\">\u2013<\/a>&nbsp;<a href=\"https:\/\/www.concursopublico.cefetmg.br\/edital302023\/\" target=\"_blank\" rel=\"noreferrer noopener\">Computa\u00e7\u00e3o \u2013 Leopoldina<\/a><\/li>\n<\/ul>\n\n\n\n<p><strong>Carreira administrativa<\/strong><\/p>\n\n\n\n<p>O&nbsp;<a href=\"https:\/\/www.in.gov.br\/web\/dou\/-\/edital-n-27-de-1-de-fevereiro-de-2023-463474236\" target=\"_blank\" rel=\"noreferrer noopener\">edital de concurso p\u00fablico<\/a>&nbsp;seleciona nove servidores efetivos para vagas imediatas nos&nbsp;<em>campi<\/em>&nbsp;da capital e do interior. As oportunidades s\u00e3o para cargos que exigem n\u00edvel m\u00e9dio completo: Assistente em Administra\u00e7\u00e3o em Divin\u00f3polis (1) e Tim\u00f3teo (1); n\u00edvel m\u00e9dio t\u00e9cnico, nas \u00e1reas de F\u00edsica (1) e Mec\u00e2nica (1) em Belo Horizonte, nas \u00e1reas de Edifica\u00e7\u00f5es (1) e Eletrot\u00e9cnica (1) em Curvelo, e na \u00e1rea de Minera\u00e7\u00e3o (2) em Arax\u00e1; e para n\u00edvel superior completo, h\u00e1 oportunidade no cargo de Odont\u00f3logo (1), em BH.<\/p>\n\n\n\n<p>O sal\u00e1rio inicial nos cargos de n\u00edvel m\u00e9dio ou t\u00e9cnico \u00e9 de R$2.446,96 e de n\u00edvel superior, R$4.180,66. A carga hor\u00e1ria \u00e9 de 40 horas semanais (8 horas di\u00e1rias). Al\u00e9m da remunera\u00e7\u00e3o b\u00e1sica, os servidores aprovados t\u00eam direito a incentivo \u00e0 qualifica\u00e7\u00e3o, que pode aumentar o sal\u00e1rio em at\u00e9 75% (de acordo com titula\u00e7\u00e3o); aux\u00edlio-alimenta\u00e7\u00e3o (R$458); ressarcimento de despesa com plano de sa\u00fade suplementar; aux\u00edlio-transporte; aux\u00edlio-creche; e plano de carreira, com progress\u00f5es por capacita\u00e7\u00e3o e desempenho.<\/p>\n\n\n\n<p>As inscri\u00e7\u00f5es podem ser feitas no site da&nbsp;<a href=\"https:\/\/www.concursopublico.cefetmg.br\/\" target=\"_blank\" rel=\"noreferrer noopener\">Comiss\u00e3o de Organiza\u00e7\u00e3o de Concursos do CEFET-MG<\/a>. A sele\u00e7\u00e3o acontece em fase \u00fanica, na data prov\u00e1vel de 2 de abril de 2023. Ser\u00e3o aplicadas provas objetivas e discursivas para todos os cargos previstos no edital, ambas classificat\u00f3rias e eliminat\u00f3rias.<\/p>\n\n\n\n<p>Haver\u00e1 forma\u00e7\u00e3o de cadastro reserva para todas as oportunidades, com vagas destinadas a pessoas negras e com defici\u00eancia, nos percentuais previstos em lei. O concurso ter\u00e1 validade de dois anos, podendo ser prorrogado uma vez pelo mesmo per\u00edodo.<\/p>\n\n\n\n<p>Acesse o&nbsp;<a href=\"https:\/\/www.in.gov.br\/web\/dou\/-\/edital-n-27-de-1-de-fevereiro-de-2023-463474236\" target=\"_blank\" rel=\"noreferrer noopener\">edital completo<\/a>&nbsp;e saiba mais sobre os pr\u00e9-requisitos para as vagas.<\/p>\n","protected":false},"excerpt":{"rendered":"<p>O CEFET-MG lan\u00e7ou editais de concurso p\u00fablico para servidores efetivos. Ao todo, s\u00e3o 13 vagas imediatas, al\u00e9m de forma\u00e7\u00e3o de<\/p>\n","protected":false},"author":2,"featured_media":4475,"comment_status":"open","ping_status":"open","sticky":false,"template":"","format":"standard","meta":{"footnotes":""},"categories":[9,13],"tags":[],"class_list":["post-4474","post","type-post","status-publish","format-standard","has-post-thumbnail","hentry","category-araxa","category-educacao"],"_links":{"self":[{"href":"http:\/\/blogdoarmindomaia.com.br\/index.php?rest_route=\/wp\/v2\/posts\/4474","targetHints":{"allow":["GET"]}}],"collection":[{"href":"http:\/\/blogdoarmindomaia.com.br\/index.php?rest_route=\/wp\/v2\/posts"}],"about":[{"href":"http:\/\/blogdoarmindomaia.com.br\/index.php?rest_route=\/wp\/v2\/types\/post"}],"author":[{"embeddable":true,"href":"http:\/\/blogdoarmindomaia.com.br\/index.php?rest_route=\/wp\/v2\/users\/2"}],"replies":[{"embeddable":true,"href":"http:\/\/blogdoarmindomaia.com.br\/index.php?rest_route=%2Fwp%2Fv2%2Fcomments&post=4474"}],"version-history":[{"count":1,"href":"http:\/\/blogdoarmindomaia.com.br\/index.php?rest_route=\/wp\/v2\/posts\/4474\/revisions"}],"predecessor-version":[{"id":4476,"href":"http:\/\/blogdoarmindomaia.com.br\/index.php?rest_route=\/wp\/v2\/posts\/4474\/revisions\/4476"}],"wp:featuredmedia":[{"embeddable":true,"href":"http:\/\/blogdoarmindomaia.com.br\/index.php?rest_route=\/wp\/v2\/media\/4475"}],"wp:attachment":[{"href":"http:\/\/blogdoarmindomaia.com.br\/index.php?rest_route=%2Fwp%2Fv2%2Fmedia&parent=4474"}],"wp:term":[{"taxonomy":"category","embeddable":true,"href":"http:\/\/blogdoarmindomaia.com.br\/index.php?rest_route=%2Fwp%2Fv2%2Fcategories&post=4474"},{"taxonomy":"post_tag","embeddable":true,"href":"http:\/\/blogdoarmindomaia.com.br\/index.php?rest_route=%2Fwp%2Fv2%2Ftags&post=4474"}],"curies":[{"name":"wp","href":"https:\/\/api.w.org\/{rel}","templated":true}]}}