{"id":4493,"date":"2023-02-28T11:44:36","date_gmt":"2023-02-28T14:44:36","guid":{"rendered":"http:\/\/blogdoarmindomaia.com.br\/?p=4493"},"modified":"2023-02-28T11:44:38","modified_gmt":"2023-02-28T14:44:38","slug":"executivo-apresenta-prestacao-de-contas-em-audiencia-publica","status":"publish","type":"post","link":"http:\/\/blogdoarmindomaia.com.br\/?p=4493","title":{"rendered":"<strong>Executivo apresenta presta\u00e7\u00e3o de contas em Audi\u00eancia P\u00fablica<\/strong>"},"content":{"rendered":"\n<figure class=\"wp-block-image size-full is-style-default\"><img loading=\"lazy\" decoding=\"async\" width=\"1000\" height=\"750\" src=\"http:\/\/blogdoarmindomaia.com.br\/wp-content\/uploads\/2023\/02\/plenario-2.jpg\" alt=\"\" class=\"wp-image-4494\" srcset=\"http:\/\/blogdoarmindomaia.com.br\/wp-content\/uploads\/2023\/02\/plenario-2.jpg 1000w, http:\/\/blogdoarmindomaia.com.br\/wp-content\/uploads\/2023\/02\/plenario-2-300x225.jpg 300w, http:\/\/blogdoarmindomaia.com.br\/wp-content\/uploads\/2023\/02\/plenario-2-768x576.jpg 768w\" sizes=\"auto, (max-width: 1000px) 100vw, 1000px\" \/><\/figure>\n\n\n\n<p>O Plen\u00e1rio Vereador Guilherme Gotelip Neto recebeu, na tarde da \u00faltima sexta-feira (24), Audi\u00eancia P\u00fablica para apresenta\u00e7\u00e3o da presta\u00e7\u00e3o de contas do Munic\u00edpio referente ao \u00faltimo quadrimestre de 2022. A sess\u00e3o foi dirigida pelo presidente da Casa, vereador Bosco J\u00fanior.<\/p>\n\n\n\n<p>O controlador geral do munic\u00edpio, Dr. Bruno Borges Almeida, apresentou as informa\u00e7\u00f5es da execu\u00e7\u00e3o or\u00e7ament\u00e1ria referente ao per\u00edodo de setembro, outubro, novembro e dezembro de 2022 (3\u00ba quadrimestre). Ele abriu a sess\u00e3o lembrando a obrigatoriedade legal de se apresentar essa presta\u00e7\u00e3o de contas quadrimestralmente.<\/p>\n\n\n\n<p>Bruno destacou que, nos meses de setembro a dezembro, o Munic\u00edpio realizou a receita de R$ 206.459.679,65, o que representa um acr\u00e9scimo 6,78% em rela\u00e7\u00e3o ao mesmo per\u00edodo de 2021. Bruno afirmou que esse acr\u00e9scimo ocorreu devido ao aumento das receitas do Fundo de Participa\u00e7\u00e3o dos Munic\u00edpios &#8211; FPM e transfer\u00eancia de institui\u00e7\u00f5es privadas (em especial CBMM), no exerc\u00edcio de 2022.<\/p>\n\n\n\n<p>Outro ponto importante apresentado pelo controlador diz respeito aos gastos por \u00f3rg\u00e3o administrativo no per\u00edodo. Os mesmos ficaram acima dos par\u00e2metros definidos, principalmente devido ao pagamento do 13\u00ba sal\u00e1rio, abono salarial e diversas obras realizadas, apresentando d\u00e9ficit or\u00e7ament\u00e1rio de R$ 9.547.734,38. \u201cEsse movimento de d\u00e9ficit no fim do exerc\u00edcio \u00e9 considerado normal e frequente, considerando que no balan\u00e7o do ano, cujo relat\u00f3rio definitivo ser\u00e1 emitido em breve, o resultado dever\u00e1 ser positivo\u201d, salientou Bruno.<\/p>\n\n\n\n<p>Ao final do encontro o controlador lembrou a exist\u00eancia do portal da transpar\u00eancia do munic\u00edpio de Arax\u00e1, no qual podem ser encontradas informa\u00e7\u00f5es mais detalhadas da arrecada\u00e7\u00e3o de receitas e realiza\u00e7\u00e3o de gastos p\u00fablicos.<\/p>\n\n\n\n<p>A \u00edntegra do relat\u00f3rio apresentado encontra-se dispon\u00edvel no portal&nbsp;<a href=\"http:\/\/araxa.mg.leg.br\/\" target=\"_blank\" rel=\"noreferrer noopener\">araxa.mg.leg.br<\/a>.<\/p>\n","protected":false},"excerpt":{"rendered":"<p>O Plen\u00e1rio Vereador Guilherme Gotelip Neto recebeu, na tarde da \u00faltima sexta-feira (24), Audi\u00eancia P\u00fablica para apresenta\u00e7\u00e3o da presta\u00e7\u00e3o de<\/p>\n","protected":false},"author":2,"featured_media":4494,"comment_status":"open","ping_status":"open","sticky":false,"template":"","format":"standard","meta":{"footnotes":""},"categories":[9,11],"tags":[],"class_list":["post-4493","post","type-post","status-publish","format-standard","has-post-thumbnail","hentry","category-araxa","category-destaques"],"_links":{"self":[{"href":"http:\/\/blogdoarmindomaia.com.br\/index.php?rest_route=\/wp\/v2\/posts\/4493","targetHints":{"allow":["GET"]}}],"collection":[{"href":"http:\/\/blogdoarmindomaia.com.br\/index.php?rest_route=\/wp\/v2\/posts"}],"about":[{"href":"http:\/\/blogdoarmindomaia.com.br\/index.php?rest_route=\/wp\/v2\/types\/post"}],"author":[{"embeddable":true,"href":"http:\/\/blogdoarmindomaia.com.br\/index.php?rest_route=\/wp\/v2\/users\/2"}],"replies":[{"embeddable":true,"href":"http:\/\/blogdoarmindomaia.com.br\/index.php?rest_route=%2Fwp%2Fv2%2Fcomments&post=4493"}],"version-history":[{"count":1,"href":"http:\/\/blogdoarmindomaia.com.br\/index.php?rest_route=\/wp\/v2\/posts\/4493\/revisions"}],"predecessor-version":[{"id":4495,"href":"http:\/\/blogdoarmindomaia.com.br\/index.php?rest_route=\/wp\/v2\/posts\/4493\/revisions\/4495"}],"wp:featuredmedia":[{"embeddable":true,"href":"http:\/\/blogdoarmindomaia.com.br\/index.php?rest_route=\/wp\/v2\/media\/4494"}],"wp:attachment":[{"href":"http:\/\/blogdoarmindomaia.com.br\/index.php?rest_route=%2Fwp%2Fv2%2Fmedia&parent=4493"}],"wp:term":[{"taxonomy":"category","embeddable":true,"href":"http:\/\/blogdoarmindomaia.com.br\/index.php?rest_route=%2Fwp%2Fv2%2Fcategories&post=4493"},{"taxonomy":"post_tag","embeddable":true,"href":"http:\/\/blogdoarmindomaia.com.br\/index.php?rest_route=%2Fwp%2Fv2%2Ftags&post=4493"}],"curies":[{"name":"wp","href":"https:\/\/api.w.org\/{rel}","templated":true}]}}