{"id":4496,"date":"2023-02-28T11:47:58","date_gmt":"2023-02-28T14:47:58","guid":{"rendered":"http:\/\/blogdoarmindomaia.com.br\/?p=4496"},"modified":"2023-02-28T11:48:00","modified_gmt":"2023-02-28T14:48:00","slug":"dinamo-vence-nacional-e-se-classifica-na-copa-amapar","status":"publish","type":"post","link":"http:\/\/blogdoarmindomaia.com.br\/?p=4496","title":{"rendered":"<strong>D\u00ednamo vence Nacional e se classifica na Copa\u00a0 Amapar<\/strong>"},"content":{"rendered":"\n<figure class=\"wp-block-image size-large is-style-default\"><img loading=\"lazy\" decoding=\"async\" width=\"1024\" height=\"682\" src=\"http:\/\/blogdoarmindomaia.com.br\/wp-content\/uploads\/2023\/02\/Dinamo-Copa-Amapar-3a-Rodada-2-1024x682.jpeg\" alt=\"\" class=\"wp-image-4497\" srcset=\"http:\/\/blogdoarmindomaia.com.br\/wp-content\/uploads\/2023\/02\/Dinamo-Copa-Amapar-3a-Rodada-2-1024x682.jpeg 1024w, http:\/\/blogdoarmindomaia.com.br\/wp-content\/uploads\/2023\/02\/Dinamo-Copa-Amapar-3a-Rodada-2-300x200.jpeg 300w, http:\/\/blogdoarmindomaia.com.br\/wp-content\/uploads\/2023\/02\/Dinamo-Copa-Amapar-3a-Rodada-2-768x512.jpeg 768w, http:\/\/blogdoarmindomaia.com.br\/wp-content\/uploads\/2023\/02\/Dinamo-Copa-Amapar-3a-Rodada-2-1536x1023.jpeg 1536w, http:\/\/blogdoarmindomaia.com.br\/wp-content\/uploads\/2023\/02\/Dinamo-Copa-Amapar-3a-Rodada-2.jpeg 1600w\" sizes=\"auto, (max-width: 1024px) 100vw, 1024px\" \/><\/figure>\n\n\n\n<figure class=\"wp-block-image size-large is-style-default\"><img loading=\"lazy\" decoding=\"async\" width=\"1024\" height=\"682\" src=\"http:\/\/blogdoarmindomaia.com.br\/wp-content\/uploads\/2023\/02\/Dinamo-vence-Nacional-e-se-classifica-na-Copa-Amapar-esportes-1024x682.jpeg\" alt=\"\" class=\"wp-image-4498\" srcset=\"http:\/\/blogdoarmindomaia.com.br\/wp-content\/uploads\/2023\/02\/Dinamo-vence-Nacional-e-se-classifica-na-Copa-Amapar-esportes-1024x682.jpeg 1024w, http:\/\/blogdoarmindomaia.com.br\/wp-content\/uploads\/2023\/02\/Dinamo-vence-Nacional-e-se-classifica-na-Copa-Amapar-esportes-300x200.jpeg 300w, http:\/\/blogdoarmindomaia.com.br\/wp-content\/uploads\/2023\/02\/Dinamo-vence-Nacional-e-se-classifica-na-Copa-Amapar-esportes-768x512.jpeg 768w, http:\/\/blogdoarmindomaia.com.br\/wp-content\/uploads\/2023\/02\/Dinamo-vence-Nacional-e-se-classifica-na-Copa-Amapar-esportes-1536x1023.jpeg 1536w, http:\/\/blogdoarmindomaia.com.br\/wp-content\/uploads\/2023\/02\/Dinamo-vence-Nacional-e-se-classifica-na-Copa-Amapar-esportes.jpeg 1600w\" sizes=\"auto, (max-width: 1024px) 100vw, 1024px\" \/><\/figure>\n\n\n\n<p>A Associa\u00e7\u00e3o Esportiva D\u00ednamo Esporte Clube venceu a equipe do Nacional FC pelo placar de 3 a 1. O jogo v\u00e1lido pela 3\u00aa rodada da fase de grupos da Copa Regional Amapar 2023, foi realizado no \u00faltimo s\u00e1bado (25), no Est\u00e1dio Municipal Fausto Alvim, em Arax\u00e1.<\/p>\n\n\n\n<p>Os gols do D\u00ednamo foram marcados por Xandy, Max e Lucas. O Azul\u00e3o est\u00e1 no grupo 4, e \u00e9 l\u00edder isolado da competi\u00e7\u00e3o, e j\u00e1 garantiu sua classifica\u00e7\u00e3o para a pr\u00f3xima etapa do torneio, sendo a \u00fanica equipe com 100% de aproveitamento na competi\u00e7\u00e3o.<\/p>\n\n\n\n<p>Na pr\u00f3xima rodada o D\u00ednamo enfrenta o Parana\u00edba, no s\u00e1bado, 4 de mar\u00e7o, \u00e0s 15h30, no Est\u00e1dio Municipal Fausto Alvim.<\/p>\n\n\n\n<p><strong>Copa Amapar<\/strong><\/p>\n\n\n\n<p>Neste ano, 36 clubes est\u00e3o divididos em seis grupos de seis equipes. O D\u00ednamo est\u00e1 no grupo 4, que conta tamb\u00e9m com as equipes: Amigos (Arax\u00e1), Red Bull (Rio Parana\u00edba), Nacional (Tiros), Parana\u00edba (Carmo do Parana\u00edba) e Nacional Serra (Serra do Salitre).<\/p>\n\n\n\n<p>De acordo com o regulamento, todas as equipes jogam entre si dentro do chaveamento e as quatro melhores campanhas de cada grupo avan\u00e7am para a segunda fase.<\/p>\n\n\n\n<p><strong>Jogos do Azul\u00e3o na primeira fase<\/strong><\/p>\n\n\n\n<p>4\u00aa rodada \u2013 s\u00e1bado, 4\/3<\/p>\n\n\n\n<p>15h30 \u2013 Est\u00e1dio Municipal Fausto Alvim: &nbsp;D\u00ednamo x Parana\u00edba<\/p>\n\n\n\n<p>5\u00aa rodada \u2013 s\u00e1bado, 11\/3<\/p>\n\n\n\n<p>15h30 \u2013 Serra do Salitre: Nacional Serra x D\u00ednamo<\/p>\n","protected":false},"excerpt":{"rendered":"<p>A Associa\u00e7\u00e3o Esportiva D\u00ednamo Esporte Clube venceu a equipe do Nacional FC pelo placar de 3 a 1. O jogo<\/p>\n","protected":false},"author":2,"featured_media":4498,"comment_status":"open","ping_status":"open","sticky":false,"template":"","format":"standard","meta":{"footnotes":""},"categories":[9,15],"tags":[],"class_list":["post-4496","post","type-post","status-publish","format-standard","has-post-thumbnail","hentry","category-araxa","category-esportes"],"_links":{"self":[{"href":"http:\/\/blogdoarmindomaia.com.br\/index.php?rest_route=\/wp\/v2\/posts\/4496","targetHints":{"allow":["GET"]}}],"collection":[{"href":"http:\/\/blogdoarmindomaia.com.br\/index.php?rest_route=\/wp\/v2\/posts"}],"about":[{"href":"http:\/\/blogdoarmindomaia.com.br\/index.php?rest_route=\/wp\/v2\/types\/post"}],"author":[{"embeddable":true,"href":"http:\/\/blogdoarmindomaia.com.br\/index.php?rest_route=\/wp\/v2\/users\/2"}],"replies":[{"embeddable":true,"href":"http:\/\/blogdoarmindomaia.com.br\/index.php?rest_route=%2Fwp%2Fv2%2Fcomments&post=4496"}],"version-history":[{"count":1,"href":"http:\/\/blogdoarmindomaia.com.br\/index.php?rest_route=\/wp\/v2\/posts\/4496\/revisions"}],"predecessor-version":[{"id":4499,"href":"http:\/\/blogdoarmindomaia.com.br\/index.php?rest_route=\/wp\/v2\/posts\/4496\/revisions\/4499"}],"wp:featuredmedia":[{"embeddable":true,"href":"http:\/\/blogdoarmindomaia.com.br\/index.php?rest_route=\/wp\/v2\/media\/4498"}],"wp:attachment":[{"href":"http:\/\/blogdoarmindomaia.com.br\/index.php?rest_route=%2Fwp%2Fv2%2Fmedia&parent=4496"}],"wp:term":[{"taxonomy":"category","embeddable":true,"href":"http:\/\/blogdoarmindomaia.com.br\/index.php?rest_route=%2Fwp%2Fv2%2Fcategories&post=4496"},{"taxonomy":"post_tag","embeddable":true,"href":"http:\/\/blogdoarmindomaia.com.br\/index.php?rest_route=%2Fwp%2Fv2%2Ftags&post=4496"}],"curies":[{"name":"wp","href":"https:\/\/api.w.org\/{rel}","templated":true}]}}