{"id":4503,"date":"2023-02-28T16:07:42","date_gmt":"2023-02-28T19:07:42","guid":{"rendered":"http:\/\/blogdoarmindomaia.com.br\/?p=4503"},"modified":"2023-02-28T16:07:42","modified_gmt":"2023-02-28T19:07:42","slug":"conselho-municipal-de-saude-realiza-pre-conferencia-no-nucleo-do-pao-de-acucar-iv-nesta-quarta","status":"publish","type":"post","link":"http:\/\/blogdoarmindomaia.com.br\/?p=4503","title":{"rendered":"<strong>Conselho Municipal de Sa\u00fade realiza Pr\u00e9-Confer\u00eancia no n\u00facleo do P\u00e3o de A\u00e7\u00facar IV, nesta quarta<br><br><\/strong>"},"content":{"rendered":"\n<figure class=\"wp-block-image size-full is-style-default\"><img loading=\"lazy\" decoding=\"async\" width=\"800\" height=\"389\" src=\"http:\/\/blogdoarmindomaia.com.br\/wp-content\/uploads\/2023\/02\/conferencia-de-saude-em-araxa.jpeg\" alt=\"\" class=\"wp-image-4504\" srcset=\"http:\/\/blogdoarmindomaia.com.br\/wp-content\/uploads\/2023\/02\/conferencia-de-saude-em-araxa.jpeg 800w, http:\/\/blogdoarmindomaia.com.br\/wp-content\/uploads\/2023\/02\/conferencia-de-saude-em-araxa-300x146.jpeg 300w, http:\/\/blogdoarmindomaia.com.br\/wp-content\/uploads\/2023\/02\/conferencia-de-saude-em-araxa-768x373.jpeg 768w\" sizes=\"auto, (max-width: 800px) 100vw, 800px\" \/><\/figure>\n\n\n\n<p>Com o objetivo de debater temas relativos \u00e0 Sa\u00fade P\u00fablica e elaborar propostas que atendam \u00e0s necessidades da popula\u00e7\u00e3o, o Conselho Municipal de Sa\u00fade, em parceria com a Secretaria Municipal de Sa\u00fade, realiza nesta quarta-feira, 1\u00b0 de mar\u00e7o, a 6\u00aa Pr\u00e9-Confer\u00eancia Municipal de Sa\u00fade, desta vez no n\u00facleo do bairro P\u00e3o de A\u00e7\u00facar IV, \u00e0s 9h.<br>&nbsp;<br>As pr\u00e9-confer\u00eancias fazem parte da etapa municipal que s\u00e3o abertas \u00e0 popula\u00e7\u00e3o e realizadas em v\u00e1rios pontos da cidade, at\u00e9 o dia 7 de mar\u00e7o. Ao final dos encontros, ser\u00e3o listadas as reivindica\u00e7\u00f5es e propostas dos participantes para que sejam levadas e debatidas durante a Confer\u00eancia Municipal de Sa\u00fade, que acontecer\u00e1 no dia 18 de mar\u00e7o.<br>&nbsp;<br>A presidente do Conselho Municipal de Sa\u00fade, Juliana Machado Silva, explica que a participa\u00e7\u00e3o popular nas pr\u00e9-confer\u00eancias \u00e9 fundamental para que o munic\u00edpio entenda as demandas da sociedade. \u201cN\u00f3s precisamos identificar os problemas, as vontades, os desejos, colocar no papel, para depois exigir que as a\u00e7\u00f5es sejam estabelecidas na confer\u00eancia\u201d, explica.<br>&nbsp;<br>&nbsp;<br><strong>11\u00aa Confer\u00eancia Municipal de Sa\u00fade de Arax\u00e1<br><\/strong>&nbsp;<br>O tema da 11\u00aa Confer\u00eancia Municipal de Sa\u00fade de Arax\u00e1 ser\u00e1 \u201cGarantir Direitos e Defender o SUS, a Vida e a Democracia \u2013 Amanh\u00e3 Vai ser Outro Dia.\u201d O evento objetiva avaliar a situa\u00e7\u00e3o de sa\u00fade e propor diretrizes para a formula\u00e7\u00e3o da pol\u00edtica de sa\u00fade. Servindo para orientar o gestor na elabora\u00e7\u00e3o do plano de sa\u00fade e na defini\u00e7\u00e3o de a\u00e7\u00f5es que sejam priorit\u00e1rias no \u00e2mbito municipal.<br>&nbsp;<br>A programa\u00e7\u00e3o das palestras ter\u00e1 os seguintes temas:<br>&nbsp;<br>\u2013 O Brasil que temos e o Brasil que queremos;<br>&nbsp;<br>\u2013 O papel do controle social e dos movimentos sociais para salvar vidas;<br>&nbsp;<br>\u2013 Garantir direitos e defender o SUS, a vida e a democracia;<br>&nbsp;<br>\u2013 Amanh\u00e3 ser\u00e1 outro dia para todas as pessoas.<\/p>\n","protected":false},"excerpt":{"rendered":"<p>Com o objetivo de debater temas relativos \u00e0 Sa\u00fade P\u00fablica e elaborar propostas que atendam \u00e0s necessidades da popula\u00e7\u00e3o, o<\/p>\n","protected":false},"author":2,"featured_media":4505,"comment_status":"open","ping_status":"open","sticky":false,"template":"","format":"standard","meta":{"footnotes":""},"categories":[9,29],"tags":[],"class_list":["post-4503","post","type-post","status-publish","format-standard","has-post-thumbnail","hentry","category-araxa","category-saude"],"_links":{"self":[{"href":"http:\/\/blogdoarmindomaia.com.br\/index.php?rest_route=\/wp\/v2\/posts\/4503","targetHints":{"allow":["GET"]}}],"collection":[{"href":"http:\/\/blogdoarmindomaia.com.br\/index.php?rest_route=\/wp\/v2\/posts"}],"about":[{"href":"http:\/\/blogdoarmindomaia.com.br\/index.php?rest_route=\/wp\/v2\/types\/post"}],"author":[{"embeddable":true,"href":"http:\/\/blogdoarmindomaia.com.br\/index.php?rest_route=\/wp\/v2\/users\/2"}],"replies":[{"embeddable":true,"href":"http:\/\/blogdoarmindomaia.com.br\/index.php?rest_route=%2Fwp%2Fv2%2Fcomments&post=4503"}],"version-history":[{"count":1,"href":"http:\/\/blogdoarmindomaia.com.br\/index.php?rest_route=\/wp\/v2\/posts\/4503\/revisions"}],"predecessor-version":[{"id":4506,"href":"http:\/\/blogdoarmindomaia.com.br\/index.php?rest_route=\/wp\/v2\/posts\/4503\/revisions\/4506"}],"wp:featuredmedia":[{"embeddable":true,"href":"http:\/\/blogdoarmindomaia.com.br\/index.php?rest_route=\/wp\/v2\/media\/4505"}],"wp:attachment":[{"href":"http:\/\/blogdoarmindomaia.com.br\/index.php?rest_route=%2Fwp%2Fv2%2Fmedia&parent=4503"}],"wp:term":[{"taxonomy":"category","embeddable":true,"href":"http:\/\/blogdoarmindomaia.com.br\/index.php?rest_route=%2Fwp%2Fv2%2Fcategories&post=4503"},{"taxonomy":"post_tag","embeddable":true,"href":"http:\/\/blogdoarmindomaia.com.br\/index.php?rest_route=%2Fwp%2Fv2%2Ftags&post=4503"}],"curies":[{"name":"wp","href":"https:\/\/api.w.org\/{rel}","templated":true}]}}