{"id":4507,"date":"2023-02-28T16:12:29","date_gmt":"2023-02-28T19:12:29","guid":{"rendered":"http:\/\/blogdoarmindomaia.com.br\/?p=4507"},"modified":"2023-02-28T16:12:30","modified_gmt":"2023-02-28T19:12:30","slug":"1-prefeitura-no-bairro-de-2023-inaugura-creche-realiza-exame-de-vista-e-distribui-mais-de-700-escovas-de-dente-no-pao-de-acucar-3","status":"publish","type":"post","link":"http:\/\/blogdoarmindomaia.com.br\/?p=4507","title":{"rendered":"1\u00b0 Prefeitura no Bairro de 2023 inaugura creche, realiza exame de vista e distribui mais de 700 escovas de dente no\u00a0 P\u00e3o de A\u00e7\u00facar 3"},"content":{"rendered":"\n<figure class=\"wp-block-image size-full is-style-default\"><img loading=\"lazy\" decoding=\"async\" width=\"1024\" height=\"683\" src=\"http:\/\/blogdoarmindomaia.com.br\/wp-content\/uploads\/2023\/02\/WhatsApp-Image-2023-02-27-at-16.52.06-2.jpeg\" alt=\"\" class=\"wp-image-4508\" srcset=\"http:\/\/blogdoarmindomaia.com.br\/wp-content\/uploads\/2023\/02\/WhatsApp-Image-2023-02-27-at-16.52.06-2.jpeg 1024w, http:\/\/blogdoarmindomaia.com.br\/wp-content\/uploads\/2023\/02\/WhatsApp-Image-2023-02-27-at-16.52.06-2-300x200.jpeg 300w, http:\/\/blogdoarmindomaia.com.br\/wp-content\/uploads\/2023\/02\/WhatsApp-Image-2023-02-27-at-16.52.06-2-768x512.jpeg 768w\" sizes=\"auto, (max-width: 1024px) 100vw, 1024px\" \/><\/figure>\n\n\n\n<figure class=\"wp-block-image size-full is-style-default\"><img loading=\"lazy\" decoding=\"async\" width=\"1024\" height=\"683\" src=\"http:\/\/blogdoarmindomaia.com.br\/wp-content\/uploads\/2023\/02\/1\u00b0-Prefeitura-no-Bairro-de-2023-pag-07.jpeg\" alt=\"\" class=\"wp-image-4509\" srcset=\"http:\/\/blogdoarmindomaia.com.br\/wp-content\/uploads\/2023\/02\/1\u00b0-Prefeitura-no-Bairro-de-2023-pag-07.jpeg 1024w, http:\/\/blogdoarmindomaia.com.br\/wp-content\/uploads\/2023\/02\/1\u00b0-Prefeitura-no-Bairro-de-2023-pag-07-300x200.jpeg 300w, http:\/\/blogdoarmindomaia.com.br\/wp-content\/uploads\/2023\/02\/1\u00b0-Prefeitura-no-Bairro-de-2023-pag-07-768x512.jpeg 768w\" sizes=\"auto, (max-width: 1024px) 100vw, 1024px\" \/><\/figure>\n\n\n\n<p>Mais acesso \u00e0 sa\u00fade, preven\u00e7\u00e3o e cuidados a toda popula\u00e7\u00e3o. A 9\u00aa edi\u00e7\u00e3o do projeto Prefeitura no Bairro aconteceu no \u00faltimo s\u00e1bado (25), no bairro P\u00e3o de A\u00e7\u00facar 3, marcando tamb\u00e9m a inaugura\u00e7\u00e3o da nova sede do Centro Municipal de Educa\u00e7\u00e3o Infantil (Cemei) Professora Francisca Querina Martins de Oliveira.<br><br>O evento ofertou exames de vistas gratuitos, distribui\u00e7\u00e3o de mais de 700 escovas de dente a crian\u00e7as, adolescentes e popula\u00e7\u00e3o carente, al\u00e9m de mais de 40 servi\u00e7os nas \u00e1reas de a\u00e7\u00e3o social, educa\u00e7\u00e3o, cidadania, infraestrutura, meio ambiente, trabalho e emprego, habita\u00e7\u00e3o, cultura, esporte e lazer.<br><br>O encontro foi marcado tamb\u00e9m pela participa\u00e7\u00e3o popular, atraindo mais de 1.500 pessoas. As a\u00e7\u00f5es disponibilizadas levam os projetos da Administra\u00e7\u00e3o Municipal para mais pr\u00f3ximo do cidad\u00e3o e tornam mais eficientes as estrat\u00e9gias de atendimento da gest\u00e3o p\u00fablica.<br><br>O prefeito Robson Magela destaca que o Prefeitura no Bairro \u00e9 uma a\u00e7\u00e3o que se consolidou em aproximar a popula\u00e7\u00e3o das a\u00e7\u00f5es da Administra\u00e7\u00e3o Municipal. \u201cFico muito feliz com esse evento, foi o primeiro de 2023, e durante o decorrer do ano a gest\u00e3o continuar\u00e1 percorrendo os bairros para ouvir as reivindica\u00e7\u00f5es da popula\u00e7\u00e3o e, principalmente, oferecendo v\u00e1rios servi\u00e7os gratuitos. Estar perto da popula\u00e7\u00e3o \u00e9 muito importante e n\u00f3s sabemos que os pontos carentes precisam de uma aten\u00e7\u00e3o maior\u201d, destaca.<br><br>Durante a cerim\u00f4nia de inaugura\u00e7\u00e3o do Cemei Professora Francisca Querina Martins de Oliveira, o prefeito Robson Magela tamb\u00e9m anunciou que o bairro P\u00e3o de A\u00e7\u00facar 3 ser\u00e1 contemplado no pr\u00f3ximo ano com a implanta\u00e7\u00e3o de um espa\u00e7o de lazer com campo de futebol, aparelhos de gin\u00e1stica e pista de caminhada.<br><br>Al\u00e9m da distribui\u00e7\u00e3o de mais de 700 escovas de dentes por meio do Setor de Sa\u00fade Bucal da Prefeitura de Arax\u00e1, outra novidade da 9\u00aa edi\u00e7\u00e3o foi a oferta de exame de acuidade visual gratuito oferecido pela Funda\u00e7\u00e3o de Lions Club International (LCIF).<br><br>O projeto intitulado como \u201cVis\u00e3o para todos\u201d consiste na avalia\u00e7\u00e3o da capacidade de enxergar com nitidez, distinguindo formas, cores e tamanhos. Cerca de 80% das defici\u00eancias visuais podem ser prevenidas ou curadas se identificadas e tratadas em tempo h\u00e1bil.<br><br>\u201cMeus filhos t\u00eam reclamado muito das vistas ultimamente. Eu fiquei feliz demais por eles terem feito esse exame, principalmente por ser gratuito. A Prefeitura no Bairro abrange tudo, tudo que precisamos em um lugar s\u00f3, \u00e9 muito bem planejado e eu gostei muito\u201d, destaca a moradora Jenifer Andriele.<\/p>\n","protected":false},"excerpt":{"rendered":"<p>Mais acesso \u00e0 sa\u00fade, preven\u00e7\u00e3o e cuidados a toda popula\u00e7\u00e3o. A 9\u00aa edi\u00e7\u00e3o do projeto Prefeitura no Bairro aconteceu no<\/p>\n","protected":false},"author":2,"featured_media":4508,"comment_status":"open","ping_status":"open","sticky":false,"template":"","format":"standard","meta":{"footnotes":""},"categories":[9,11],"tags":[],"class_list":["post-4507","post","type-post","status-publish","format-standard","has-post-thumbnail","hentry","category-araxa","category-destaques"],"_links":{"self":[{"href":"http:\/\/blogdoarmindomaia.com.br\/index.php?rest_route=\/wp\/v2\/posts\/4507","targetHints":{"allow":["GET"]}}],"collection":[{"href":"http:\/\/blogdoarmindomaia.com.br\/index.php?rest_route=\/wp\/v2\/posts"}],"about":[{"href":"http:\/\/blogdoarmindomaia.com.br\/index.php?rest_route=\/wp\/v2\/types\/post"}],"author":[{"embeddable":true,"href":"http:\/\/blogdoarmindomaia.com.br\/index.php?rest_route=\/wp\/v2\/users\/2"}],"replies":[{"embeddable":true,"href":"http:\/\/blogdoarmindomaia.com.br\/index.php?rest_route=%2Fwp%2Fv2%2Fcomments&post=4507"}],"version-history":[{"count":1,"href":"http:\/\/blogdoarmindomaia.com.br\/index.php?rest_route=\/wp\/v2\/posts\/4507\/revisions"}],"predecessor-version":[{"id":4510,"href":"http:\/\/blogdoarmindomaia.com.br\/index.php?rest_route=\/wp\/v2\/posts\/4507\/revisions\/4510"}],"wp:featuredmedia":[{"embeddable":true,"href":"http:\/\/blogdoarmindomaia.com.br\/index.php?rest_route=\/wp\/v2\/media\/4508"}],"wp:attachment":[{"href":"http:\/\/blogdoarmindomaia.com.br\/index.php?rest_route=%2Fwp%2Fv2%2Fmedia&parent=4507"}],"wp:term":[{"taxonomy":"category","embeddable":true,"href":"http:\/\/blogdoarmindomaia.com.br\/index.php?rest_route=%2Fwp%2Fv2%2Fcategories&post=4507"},{"taxonomy":"post_tag","embeddable":true,"href":"http:\/\/blogdoarmindomaia.com.br\/index.php?rest_route=%2Fwp%2Fv2%2Ftags&post=4507"}],"curies":[{"name":"wp","href":"https:\/\/api.w.org\/{rel}","templated":true}]}}