{"id":4514,"date":"2023-03-01T14:24:02","date_gmt":"2023-03-01T17:24:02","guid":{"rendered":"http:\/\/blogdoarmindomaia.com.br\/?p=4514"},"modified":"2023-03-01T14:24:04","modified_gmt":"2023-03-01T17:24:04","slug":"polo-uab-araxa-oferta-vagas-de-pos-graduacao-em-gestao-publica-em-saude","status":"publish","type":"post","link":"http:\/\/blogdoarmindomaia.com.br\/?p=4514","title":{"rendered":"Polo UAB Arax\u00e1 oferta vagas de p\u00f3s-gradua\u00e7\u00e3o em Gest\u00e3o P\u00fablica em Sa\u00fade"},"content":{"rendered":"\n<figure class=\"wp-block-image size-large is-style-default\"><img loading=\"lazy\" decoding=\"async\" width=\"1024\" height=\"1024\" src=\"http:\/\/blogdoarmindomaia.com.br\/wp-content\/uploads\/2023\/03\/Polo-UAB-1024x1024.jpeg\" alt=\"\" class=\"wp-image-4515\" srcset=\"http:\/\/blogdoarmindomaia.com.br\/wp-content\/uploads\/2023\/03\/Polo-UAB-1024x1024.jpeg 1024w, http:\/\/blogdoarmindomaia.com.br\/wp-content\/uploads\/2023\/03\/Polo-UAB-300x300.jpeg 300w, http:\/\/blogdoarmindomaia.com.br\/wp-content\/uploads\/2023\/03\/Polo-UAB-150x150.jpeg 150w, http:\/\/blogdoarmindomaia.com.br\/wp-content\/uploads\/2023\/03\/Polo-UAB-768x768.jpeg 768w, http:\/\/blogdoarmindomaia.com.br\/wp-content\/uploads\/2023\/03\/Polo-UAB-1536x1536.jpeg 1536w, http:\/\/blogdoarmindomaia.com.br\/wp-content\/uploads\/2023\/03\/Polo-UAB.jpeg 1600w\" sizes=\"auto, (max-width: 1024px) 100vw, 1024px\" \/><\/figure>\n\n\n\n<p>O Polo da Universidade Aberta (UAB) de Arax\u00e1 est\u00e1 com inscri\u00e7\u00f5es abertas para o Curso de Especializa\u00e7\u00e3o Gest\u00e3o P\u00fablica em Sa\u00fade, na modalidade Educa\u00e7\u00e3o a Dist\u00e2ncia. As inscri\u00e7\u00f5es ficam abertas at\u00e9 o pr\u00f3ximo dia 7 de mar\u00e7o e a taxa de participa\u00e7\u00e3o no processo seletivo \u00e9 de R$ 150 (\u00e9 poss\u00edvel solicitar a isen\u00e7\u00e3o).<br><br>O curso \u00e9 gratuito e ofertado pela Universidade Federal de Uberl\u00e2ndia (UFU), destinado para profissionais da rede p\u00fablica de sa\u00fade. Podem se inscrever as pessoas egressas de cursos de gradua\u00e7\u00e3o de longa dura\u00e7\u00e3o (gradua\u00e7\u00e3o plena \u2013 bacharelados ou licenciaturas) e tecn\u00f3logos graduados em n\u00edvel superior reconhecidos pelo Minist\u00e9rio da Educa\u00e7\u00e3o (MEC). O in\u00edcio das aulas est\u00e1 previsto para 8 de maio de 2023.<br><br>S\u00e3o 18 meses de dura\u00e7\u00e3o e 30 vagas ofertadas para Arax\u00e1, sendo 5% (cinco por cento) destinada aos candidatos que se declararem pessoas com defici\u00eancia e 20% (vinte por cento) das vagas reservadas aos pretos, pardos e ind\u00edgenas.<br><br>Todas as vagas ser\u00e3o preenchidas, de acordo com a ordem de inscri\u00e7\u00e3o do candidato no sistema do processo seletivo, em conformidade com as informa\u00e7\u00f5es registradas no momento da finaliza\u00e7\u00e3o da inscri\u00e7\u00e3o, considerando data, hora, minuto e segundo.<br><br>As inscri\u00e7\u00f5es s\u00e3o realizadas exclusivamente via internet por meio do endere\u00e7o eletr\u00f4nico (&nbsp;<a href=\"https:\/\/sistemas.fau.org.br\/participante\/index.xhtml?idevento=812\" target=\"_blank\" rel=\"noreferrer noopener\">https:\/\/sistemas.fau.org.br\/participante\/index.xhtml?idevento=812<\/a>&nbsp;).<br><br>Para mais informa\u00e7\u00f5es, os interessados devem acessar o edital (&nbsp;<a href=\"https:\/\/bit.ly\/3YabtOp\" target=\"_blank\" rel=\"noreferrer noopener\">https:\/\/bit.ly\/3YabtOp<\/a>&nbsp;).<\/p>\n","protected":false},"excerpt":{"rendered":"<p>O Polo da Universidade Aberta (UAB) de Arax\u00e1 est\u00e1 com inscri\u00e7\u00f5es abertas para o Curso de Especializa\u00e7\u00e3o Gest\u00e3o P\u00fablica em<\/p>\n","protected":false},"author":2,"featured_media":4515,"comment_status":"open","ping_status":"open","sticky":false,"template":"","format":"standard","meta":{"footnotes":""},"categories":[9,13],"tags":[],"class_list":["post-4514","post","type-post","status-publish","format-standard","has-post-thumbnail","hentry","category-araxa","category-educacao"],"_links":{"self":[{"href":"http:\/\/blogdoarmindomaia.com.br\/index.php?rest_route=\/wp\/v2\/posts\/4514","targetHints":{"allow":["GET"]}}],"collection":[{"href":"http:\/\/blogdoarmindomaia.com.br\/index.php?rest_route=\/wp\/v2\/posts"}],"about":[{"href":"http:\/\/blogdoarmindomaia.com.br\/index.php?rest_route=\/wp\/v2\/types\/post"}],"author":[{"embeddable":true,"href":"http:\/\/blogdoarmindomaia.com.br\/index.php?rest_route=\/wp\/v2\/users\/2"}],"replies":[{"embeddable":true,"href":"http:\/\/blogdoarmindomaia.com.br\/index.php?rest_route=%2Fwp%2Fv2%2Fcomments&post=4514"}],"version-history":[{"count":1,"href":"http:\/\/blogdoarmindomaia.com.br\/index.php?rest_route=\/wp\/v2\/posts\/4514\/revisions"}],"predecessor-version":[{"id":4516,"href":"http:\/\/blogdoarmindomaia.com.br\/index.php?rest_route=\/wp\/v2\/posts\/4514\/revisions\/4516"}],"wp:featuredmedia":[{"embeddable":true,"href":"http:\/\/blogdoarmindomaia.com.br\/index.php?rest_route=\/wp\/v2\/media\/4515"}],"wp:attachment":[{"href":"http:\/\/blogdoarmindomaia.com.br\/index.php?rest_route=%2Fwp%2Fv2%2Fmedia&parent=4514"}],"wp:term":[{"taxonomy":"category","embeddable":true,"href":"http:\/\/blogdoarmindomaia.com.br\/index.php?rest_route=%2Fwp%2Fv2%2Fcategories&post=4514"},{"taxonomy":"post_tag","embeddable":true,"href":"http:\/\/blogdoarmindomaia.com.br\/index.php?rest_route=%2Fwp%2Fv2%2Ftags&post=4514"}],"curies":[{"name":"wp","href":"https:\/\/api.w.org\/{rel}","templated":true}]}}