{"id":4517,"date":"2023-03-01T14:28:58","date_gmt":"2023-03-01T17:28:58","guid":{"rendered":"http:\/\/blogdoarmindomaia.com.br\/?p=4517"},"modified":"2023-03-01T14:29:00","modified_gmt":"2023-03-01T17:29:00","slug":"fenadoces-2023-vai-acontecer-em-novo-local-e-promete-ser-ainda-maior-e-mais-saborosa","status":"publish","type":"post","link":"http:\/\/blogdoarmindomaia.com.br\/?p=4517","title":{"rendered":"<strong>Fenadoces 2023 vai acontecer em novo local e promete ser ainda maior e mais saborosa<\/strong>"},"content":{"rendered":"\n<figure class=\"wp-block-image size-large is-style-default\"><img loading=\"lazy\" decoding=\"async\" width=\"1024\" height=\"576\" src=\"http:\/\/blogdoarmindomaia.com.br\/wp-content\/uploads\/2023\/03\/Fenadoces-2023-vai-acontecer-em-novo-local-pag-09-1024x576.jpeg\" alt=\"\" class=\"wp-image-4518\" srcset=\"http:\/\/blogdoarmindomaia.com.br\/wp-content\/uploads\/2023\/03\/Fenadoces-2023-vai-acontecer-em-novo-local-pag-09-1024x576.jpeg 1024w, http:\/\/blogdoarmindomaia.com.br\/wp-content\/uploads\/2023\/03\/Fenadoces-2023-vai-acontecer-em-novo-local-pag-09-300x169.jpeg 300w, http:\/\/blogdoarmindomaia.com.br\/wp-content\/uploads\/2023\/03\/Fenadoces-2023-vai-acontecer-em-novo-local-pag-09-768x432.jpeg 768w, http:\/\/blogdoarmindomaia.com.br\/wp-content\/uploads\/2023\/03\/Fenadoces-2023-vai-acontecer-em-novo-local-pag-09-1536x864.jpeg 1536w, http:\/\/blogdoarmindomaia.com.br\/wp-content\/uploads\/2023\/03\/Fenadoces-2023-vai-acontecer-em-novo-local-pag-09.jpeg 1600w\" sizes=\"auto, (max-width: 1024px) 100vw, 1024px\" \/><\/figure>\n\n\n\n<figure class=\"wp-block-image size-large is-style-default\"><img loading=\"lazy\" decoding=\"async\" width=\"1024\" height=\"576\" src=\"http:\/\/blogdoarmindomaia.com.br\/wp-content\/uploads\/2023\/03\/Fenadoces-2023_5-1024x576.jpeg\" alt=\"\" class=\"wp-image-4519\" srcset=\"http:\/\/blogdoarmindomaia.com.br\/wp-content\/uploads\/2023\/03\/Fenadoces-2023_5-1024x576.jpeg 1024w, http:\/\/blogdoarmindomaia.com.br\/wp-content\/uploads\/2023\/03\/Fenadoces-2023_5-300x169.jpeg 300w, http:\/\/blogdoarmindomaia.com.br\/wp-content\/uploads\/2023\/03\/Fenadoces-2023_5-768x432.jpeg 768w, http:\/\/blogdoarmindomaia.com.br\/wp-content\/uploads\/2023\/03\/Fenadoces-2023_5-1536x864.jpeg 1536w, http:\/\/blogdoarmindomaia.com.br\/wp-content\/uploads\/2023\/03\/Fenadoces-2023_5.jpeg 1600w\" sizes=\"auto, (max-width: 1024px) 100vw, 1024px\" \/><\/figure>\n\n\n\n<p><em>Feira chega a sua terceira edi\u00e7\u00e3o e nesse ano vai ser realizada no Estacionamento do Est\u00e1dio Fausto Alvim<\/em><\/p>\n\n\n\n<p>Pode j\u00e1 ir se preparando para deixar a dieta de lado por alguns dias, porque a feira mais deliciosa do Tri\u00e2ngulo Mineiro e Alto Parana\u00edba est\u00e1 de volta, muito maior e mais recheada de atra\u00e7\u00f5es. A Feira de Doces de Arax\u00e1 (Fenadoces) chega em sua terceira edi\u00e7\u00e3o, e em 2023 acontece de 05 a 09 de abril, com um novo local de realiza\u00e7\u00e3o. Segundo o produtor geral do evento, Alexandre Borges, o estacionamento do Est\u00e1dio Municipal Fausto Alvim, na Avenida Imbiara, no cora\u00e7\u00e3o de Arax\u00e1, vai ser a nova casa da Feira.<\/p>\n\n\n\n<p>\u201cAs duas primeiras edi\u00e7\u00f5es foram um sucesso, no p\u00e1tio da Funda\u00e7\u00e3o Cultural Calmon Barreto. Mas, nesse ano, n\u00f3s viemos para o Est\u00e1dio, um local de acesso ainda mais f\u00e1cil, maior e de visibilidade para todas as pessoas. A Avenida Imbiara \u00e9 ponto de passagem para todo mundo, tem trajeto do transporte coletivo e todo mundo consegue chegar facilmente por l\u00e1. Estamos preparando um evento especial, que vai ficar na hist\u00f3ria e marcar toda as pessoas que estiverem com a gente para curtir toda a nossa estrutura e programa\u00e7\u00e3o cultural\u201d, explica o produtor.<\/p>\n\n\n\n<p>Ser\u00e3o 60 expositores de doces de Arax\u00e1 e regi\u00e3o, outros 10 estandes de gastronomia, al\u00e9m de alguns Food Trucks. Ainda h\u00e1 vagas para quem quiser colocar sua marca e seus produtos na Fenadoces 2023. A Associa\u00e7\u00e3o de Doceiros de Arax\u00e1 (ADA) chega como parceira da Feira e apresentar seu trabalho, al\u00e9m de abrir espa\u00e7o para novos associados. Essa \u00e9 uma nova entidade representativa da cidade, que busca reunir aquelas pessoas que vivem da arte dos doces em Arax\u00e1, uma marca registrada da cultura culin\u00e1ria da cidade. Tudo est\u00e1 sendo minuciosamente pensado para receber com conforto todos os visitantes. E a crian\u00e7ada pode aguardar: o Coelho da P\u00e1scoa vai chegar no dia 09 de abril, no Domingo de P\u00e1scoa e ainda foi garantida a presen\u00e7a da carreta do Banco do Brasil.<\/p>\n\n\n\n<p>Segundo a idealizadora da Fenadoces, Fabiana Alves, a estrutura de 2023 ainda vai abrigar a \u00e1rea kids e um amplo espa\u00e7o de espet\u00e1culos de teatro e m\u00fasica. \u201cMais do que um evento que resgata a cultura doceira, que a cidade de Arax\u00e1 \u00e9 uma refer\u00eancia hist\u00f3rica com seus doces tradicionais e conhecidos em todo mundo, a Fenadoces vem para promover a arte para todas as pessoas, com espet\u00e1culos e shows de qualidade, que levam ao p\u00fablico momentos de alegria, divers\u00e3o e de imers\u00e3o no universo l\u00fadico da arte. Estamos montando uma programa\u00e7\u00e3o diversificada e que vai surpreender\u201d, ressalta.<\/p>\n\n\n\n<p>A programa\u00e7\u00e3o completa da feira ser\u00e1 divulgada em breve. A Fenadoces \u00e9 feita atrav\u00e9s da Lei Federal de Incentivo \u00e0 Cultura, do Minist\u00e9rio da Cultura, com Patroc\u00ednio Master da CBMM, Patroc\u00ednio da McCain e, Apoio da Prefeitura de Arax\u00e1, do Banco do Brasil e uma realiza\u00e7\u00e3o do Donuts da Fabi. A Giganet \u00e9 parceira do evento e vai ser a provedora oficial da internet no espa\u00e7o. A entrada \u00e9 gratuita. Mais informa\u00e7\u00f5es em @fenadoces.<\/p>\n","protected":false},"excerpt":{"rendered":"<p>Feira chega a sua terceira edi\u00e7\u00e3o e nesse ano vai ser realizada no Estacionamento do Est\u00e1dio Fausto Alvim Pode j\u00e1<\/p>\n","protected":false},"author":2,"featured_media":4519,"comment_status":"open","ping_status":"open","sticky":false,"template":"","format":"standard","meta":{"footnotes":""},"categories":[9,5],"tags":[],"class_list":["post-4517","post","type-post","status-publish","format-standard","has-post-thumbnail","hentry","category-araxa","category-arte-e-cultura"],"_links":{"self":[{"href":"http:\/\/blogdoarmindomaia.com.br\/index.php?rest_route=\/wp\/v2\/posts\/4517","targetHints":{"allow":["GET"]}}],"collection":[{"href":"http:\/\/blogdoarmindomaia.com.br\/index.php?rest_route=\/wp\/v2\/posts"}],"about":[{"href":"http:\/\/blogdoarmindomaia.com.br\/index.php?rest_route=\/wp\/v2\/types\/post"}],"author":[{"embeddable":true,"href":"http:\/\/blogdoarmindomaia.com.br\/index.php?rest_route=\/wp\/v2\/users\/2"}],"replies":[{"embeddable":true,"href":"http:\/\/blogdoarmindomaia.com.br\/index.php?rest_route=%2Fwp%2Fv2%2Fcomments&post=4517"}],"version-history":[{"count":1,"href":"http:\/\/blogdoarmindomaia.com.br\/index.php?rest_route=\/wp\/v2\/posts\/4517\/revisions"}],"predecessor-version":[{"id":4520,"href":"http:\/\/blogdoarmindomaia.com.br\/index.php?rest_route=\/wp\/v2\/posts\/4517\/revisions\/4520"}],"wp:featuredmedia":[{"embeddable":true,"href":"http:\/\/blogdoarmindomaia.com.br\/index.php?rest_route=\/wp\/v2\/media\/4519"}],"wp:attachment":[{"href":"http:\/\/blogdoarmindomaia.com.br\/index.php?rest_route=%2Fwp%2Fv2%2Fmedia&parent=4517"}],"wp:term":[{"taxonomy":"category","embeddable":true,"href":"http:\/\/blogdoarmindomaia.com.br\/index.php?rest_route=%2Fwp%2Fv2%2Fcategories&post=4517"},{"taxonomy":"post_tag","embeddable":true,"href":"http:\/\/blogdoarmindomaia.com.br\/index.php?rest_route=%2Fwp%2Fv2%2Ftags&post=4517"}],"curies":[{"name":"wp","href":"https:\/\/api.w.org\/{rel}","templated":true}]}}