{"id":4521,"date":"2023-03-01T16:08:06","date_gmt":"2023-03-01T19:08:06","guid":{"rendered":"http:\/\/blogdoarmindomaia.com.br\/?p=4521"},"modified":"2023-03-01T16:08:08","modified_gmt":"2023-03-01T19:08:08","slug":"zema-projeta-acoes-do-novo-ciclo-de-gestao-e-encontro-empresarial","status":"publish","type":"post","link":"http:\/\/blogdoarmindomaia.com.br\/?p=4521","title":{"rendered":"<strong>Zema projeta a\u00e7\u00f5es do novo ciclo de gest\u00e3o e encontro empresarial<\/strong>"},"content":{"rendered":"\n<figure class=\"wp-block-image size-full is-style-default\"><img loading=\"lazy\" decoding=\"async\" width=\"800\" height=\"534\" src=\"http:\/\/blogdoarmindomaia.com.br\/wp-content\/uploads\/2023\/03\/Zema-projeta-acoes-do-novo-ciclo-de-gestao-e-encontro-empresarial-pag-07.jpg\" alt=\"\" class=\"wp-image-4522\" srcset=\"http:\/\/blogdoarmindomaia.com.br\/wp-content\/uploads\/2023\/03\/Zema-projeta-acoes-do-novo-ciclo-de-gestao-e-encontro-empresarial-pag-07.jpg 800w, http:\/\/blogdoarmindomaia.com.br\/wp-content\/uploads\/2023\/03\/Zema-projeta-acoes-do-novo-ciclo-de-gestao-e-encontro-empresarial-pag-07-300x200.jpg 300w, http:\/\/blogdoarmindomaia.com.br\/wp-content\/uploads\/2023\/03\/Zema-projeta-acoes-do-novo-ciclo-de-gestao-e-encontro-empresarial-pag-07-768x513.jpg 768w\" sizes=\"auto, (max-width: 800px) 100vw, 800px\" \/><\/figure>\n\n\n\n<p>O governador Romeu Zema participou, na segunda-feira (27\/2), do Conex\u00e3o Empresarial, evento realizado em Belo Horizonte, promovido pela VB Comunica\u00e7\u00e3o, que re\u00fane empres\u00e1rios e representantes pol\u00edticos para debater temas de interesse dos setores. Esta \u00e9 a primeira edi\u00e7\u00e3o do encontro em 2023.<\/p>\n\n\n\n<p>Em sua participa\u00e7\u00e3o, o governador destacou resultados de sua gest\u00e3o \u00e0 frente do Estado em seu primeiro mandato, dentre eles a atra\u00e7\u00e3o de investimentos para Minas e aplica\u00e7\u00e3o de recursos na Educa\u00e7\u00e3o e Sa\u00fade.<\/p>\n\n\n\n<p>&#8220;Assumi o governo depois de o Estado fechar 2018 com um d\u00e9ficit de R$ 11 bilh\u00f5es. O governo n\u00e3o tinha condi\u00e7\u00f5es de fazer repasses constitucionais para os munic\u00edpios e destinar recursos b\u00e1sicos para \u00e1reas importantes, como Sa\u00fade, Educa\u00e7\u00e3o e Seguran\u00e7a. V\u00e1rias obras estavam paradas por falta de dinheiro e o funcionalismo n\u00e3o recebia em dia. Depois de muito trabalho nos \u00faltimos quatro anos, conclu\u00edmos 2022 com o super\u00e1vit de R$ 2,2 bilh\u00f5es. No ano passado, foi feito o maior investimento da hist\u00f3ria do estado em Sa\u00fade e Educa\u00e7\u00e3o. Colocamos a casa em ordem e, agora, temos a obriga\u00e7\u00e3o de fazer um segundo governo melhor que o primeiro&#8221;, disse.&nbsp;<\/p>\n\n\n\n<p>O governador tamb\u00e9m explicou como ser\u00e1 a atua\u00e7\u00e3o do Governo de Minas em sua segunda gest\u00e3o.&nbsp;<\/p>\n\n\n\n<p>&#8220;Minas Gerais avan\u00e7ou muito desde 2019. Foram atra\u00eddos mais de R$ 270 bilh\u00f5es em investimentos privados e quase 600 mil vagas de emprego foram geradas. Queremos que Minas seja vista como um bom lugar para neg\u00f3cios serem criados&#8221;, ressaltou.<\/p>\n\n\n\n<p>&nbsp;Um&nbsp;dos objetivos para esse novo mandato \u00e9 atrair R$ 300 bilh\u00f5es em investimentos de empresas.&nbsp;<\/p>\n\n\n\n<p>&#8220;Vamos ampliar a desburocratiza\u00e7\u00e3o para tornar Minas um estado cada vez mais livre para crescer. Em breve, vamos lan\u00e7ar o Novo Regulamento do ICMS. Hoje, o regulamento tem 800 p\u00e1ginas, o que demonstra a falta de padroniza\u00e7\u00e3o de normas. A atualiza\u00e7\u00e3o vai facilitar a compreens\u00e3o, reduzir a burocracia, ampliar a transpar\u00eancia e possibilitar mais seguran\u00e7a jur\u00eddica tribut\u00e1ria&#8221;, explicou.<\/p>\n","protected":false},"excerpt":{"rendered":"<p>O governador Romeu Zema participou, na segunda-feira (27\/2), do Conex\u00e3o Empresarial, evento realizado em Belo Horizonte, promovido pela VB Comunica\u00e7\u00e3o,<\/p>\n","protected":false},"author":2,"featured_media":4522,"comment_status":"open","ping_status":"open","sticky":false,"template":"","format":"standard","meta":{"footnotes":""},"categories":[9,25],"tags":[],"class_list":["post-4521","post","type-post","status-publish","format-standard","has-post-thumbnail","hentry","category-araxa","category-politica"],"_links":{"self":[{"href":"http:\/\/blogdoarmindomaia.com.br\/index.php?rest_route=\/wp\/v2\/posts\/4521","targetHints":{"allow":["GET"]}}],"collection":[{"href":"http:\/\/blogdoarmindomaia.com.br\/index.php?rest_route=\/wp\/v2\/posts"}],"about":[{"href":"http:\/\/blogdoarmindomaia.com.br\/index.php?rest_route=\/wp\/v2\/types\/post"}],"author":[{"embeddable":true,"href":"http:\/\/blogdoarmindomaia.com.br\/index.php?rest_route=\/wp\/v2\/users\/2"}],"replies":[{"embeddable":true,"href":"http:\/\/blogdoarmindomaia.com.br\/index.php?rest_route=%2Fwp%2Fv2%2Fcomments&post=4521"}],"version-history":[{"count":1,"href":"http:\/\/blogdoarmindomaia.com.br\/index.php?rest_route=\/wp\/v2\/posts\/4521\/revisions"}],"predecessor-version":[{"id":4523,"href":"http:\/\/blogdoarmindomaia.com.br\/index.php?rest_route=\/wp\/v2\/posts\/4521\/revisions\/4523"}],"wp:featuredmedia":[{"embeddable":true,"href":"http:\/\/blogdoarmindomaia.com.br\/index.php?rest_route=\/wp\/v2\/media\/4522"}],"wp:attachment":[{"href":"http:\/\/blogdoarmindomaia.com.br\/index.php?rest_route=%2Fwp%2Fv2%2Fmedia&parent=4521"}],"wp:term":[{"taxonomy":"category","embeddable":true,"href":"http:\/\/blogdoarmindomaia.com.br\/index.php?rest_route=%2Fwp%2Fv2%2Fcategories&post=4521"},{"taxonomy":"post_tag","embeddable":true,"href":"http:\/\/blogdoarmindomaia.com.br\/index.php?rest_route=%2Fwp%2Fv2%2Ftags&post=4521"}],"curies":[{"name":"wp","href":"https:\/\/api.w.org\/{rel}","templated":true}]}}