{"id":4526,"date":"2023-03-02T14:16:15","date_gmt":"2023-03-02T17:16:15","guid":{"rendered":"http:\/\/blogdoarmindomaia.com.br\/?p=4526"},"modified":"2023-03-02T14:16:17","modified_gmt":"2023-03-02T17:16:17","slug":"inaugurado-o-centro-cultural-do-uniaraxa","status":"publish","type":"post","link":"http:\/\/blogdoarmindomaia.com.br\/?p=4526","title":{"rendered":"Inaugurado o Centro Cultural do Uniarax\u00e1"},"content":{"rendered":"\n<figure class=\"wp-block-image size-large is-style-default\"><img loading=\"lazy\" decoding=\"async\" width=\"1024\" height=\"576\" src=\"http:\/\/blogdoarmindomaia.com.br\/wp-content\/uploads\/2023\/03\/Inaugurado-o-Centro-Cultural-do-Uniaraxa-pag-12-1024x576.jpeg\" alt=\"\" class=\"wp-image-4527\" srcset=\"http:\/\/blogdoarmindomaia.com.br\/wp-content\/uploads\/2023\/03\/Inaugurado-o-Centro-Cultural-do-Uniaraxa-pag-12-1024x576.jpeg 1024w, http:\/\/blogdoarmindomaia.com.br\/wp-content\/uploads\/2023\/03\/Inaugurado-o-Centro-Cultural-do-Uniaraxa-pag-12-300x169.jpeg 300w, http:\/\/blogdoarmindomaia.com.br\/wp-content\/uploads\/2023\/03\/Inaugurado-o-Centro-Cultural-do-Uniaraxa-pag-12-768x432.jpeg 768w, http:\/\/blogdoarmindomaia.com.br\/wp-content\/uploads\/2023\/03\/Inaugurado-o-Centro-Cultural-do-Uniaraxa-pag-12-1536x864.jpeg 1536w, http:\/\/blogdoarmindomaia.com.br\/wp-content\/uploads\/2023\/03\/Inaugurado-o-Centro-Cultural-do-Uniaraxa-pag-12.jpeg 1600w\" sizes=\"auto, (max-width: 1024px) 100vw, 1024px\" \/><\/figure>\n\n\n\n<figure class=\"wp-block-image size-large is-style-default\"><img loading=\"lazy\" decoding=\"async\" width=\"1024\" height=\"576\" src=\"http:\/\/blogdoarmindomaia.com.br\/wp-content\/uploads\/2023\/03\/convidados-1024x576.jpg\" alt=\"\" class=\"wp-image-4528\" srcset=\"http:\/\/blogdoarmindomaia.com.br\/wp-content\/uploads\/2023\/03\/convidados-1024x576.jpg 1024w, http:\/\/blogdoarmindomaia.com.br\/wp-content\/uploads\/2023\/03\/convidados-300x169.jpg 300w, http:\/\/blogdoarmindomaia.com.br\/wp-content\/uploads\/2023\/03\/convidados-768x432.jpg 768w, http:\/\/blogdoarmindomaia.com.br\/wp-content\/uploads\/2023\/03\/convidados-1536x864.jpg 1536w, http:\/\/blogdoarmindomaia.com.br\/wp-content\/uploads\/2023\/03\/convidados.jpg 1600w\" sizes=\"auto, (max-width: 1024px) 100vw, 1024px\" \/><\/figure>\n\n\n\n<figure class=\"wp-block-image size-large is-style-default\"><img loading=\"lazy\" decoding=\"async\" width=\"1024\" height=\"576\" src=\"http:\/\/blogdoarmindomaia.com.br\/wp-content\/uploads\/2023\/03\/representsantes-da-CBMM-1024x576.jpg\" alt=\"\" class=\"wp-image-4529\" srcset=\"http:\/\/blogdoarmindomaia.com.br\/wp-content\/uploads\/2023\/03\/representsantes-da-CBMM-1024x576.jpg 1024w, http:\/\/blogdoarmindomaia.com.br\/wp-content\/uploads\/2023\/03\/representsantes-da-CBMM-300x169.jpg 300w, http:\/\/blogdoarmindomaia.com.br\/wp-content\/uploads\/2023\/03\/representsantes-da-CBMM-768x432.jpg 768w, http:\/\/blogdoarmindomaia.com.br\/wp-content\/uploads\/2023\/03\/representsantes-da-CBMM-1536x864.jpg 1536w, http:\/\/blogdoarmindomaia.com.br\/wp-content\/uploads\/2023\/03\/representsantes-da-CBMM.jpg 1600w\" sizes=\"auto, (max-width: 1024px) 100vw, 1024px\" \/><\/figure>\n\n\n\n<figure class=\"wp-block-image size-full is-style-default\"><img loading=\"lazy\" decoding=\"async\" width=\"840\" height=\"900\" src=\"http:\/\/blogdoarmindomaia.com.br\/wp-content\/uploads\/2023\/03\/reitor-do-Uniaraxa-Jose-Oscar.jpg\" alt=\"\" class=\"wp-image-4530\" srcset=\"http:\/\/blogdoarmindomaia.com.br\/wp-content\/uploads\/2023\/03\/reitor-do-Uniaraxa-Jose-Oscar.jpg 840w, http:\/\/blogdoarmindomaia.com.br\/wp-content\/uploads\/2023\/03\/reitor-do-Uniaraxa-Jose-Oscar-280x300.jpg 280w, http:\/\/blogdoarmindomaia.com.br\/wp-content\/uploads\/2023\/03\/reitor-do-Uniaraxa-Jose-Oscar-768x823.jpg 768w\" sizes=\"auto, (max-width: 840px) 100vw, 840px\" \/><\/figure>\n\n\n\n<figure class=\"wp-block-image size-large is-style-default\"><img loading=\"lazy\" decoding=\"async\" width=\"1024\" height=\"576\" src=\"http:\/\/blogdoarmindomaia.com.br\/wp-content\/uploads\/2023\/03\/homenagem-da-Camara-ao-Uniaraxa-1024x576.jpg\" alt=\"\" class=\"wp-image-4531\" srcset=\"http:\/\/blogdoarmindomaia.com.br\/wp-content\/uploads\/2023\/03\/homenagem-da-Camara-ao-Uniaraxa-1024x576.jpg 1024w, http:\/\/blogdoarmindomaia.com.br\/wp-content\/uploads\/2023\/03\/homenagem-da-Camara-ao-Uniaraxa-300x169.jpg 300w, http:\/\/blogdoarmindomaia.com.br\/wp-content\/uploads\/2023\/03\/homenagem-da-Camara-ao-Uniaraxa-768x432.jpg 768w, http:\/\/blogdoarmindomaia.com.br\/wp-content\/uploads\/2023\/03\/homenagem-da-Camara-ao-Uniaraxa-1536x864.jpg 1536w, http:\/\/blogdoarmindomaia.com.br\/wp-content\/uploads\/2023\/03\/homenagem-da-Camara-ao-Uniaraxa.jpg 1600w\" sizes=\"auto, (max-width: 1024px) 100vw, 1024px\" \/><\/figure>\n\n\n\n<p>A noite de quarta-feira, 01 de mar\u00e7o, foi especial para a educa\u00e7\u00e3o, arte e cultural da regi\u00e3o. Numa solenidade que contou as presen\u00e7as de educadores, empres\u00e1rios, pol\u00edticos, estudantes e representantes de diversos segmentos da comunidade araxaense, foi inaugurado o pr\u00e9dio do Centro Cultural do Uniarax\u00e1. Com uma arquitetura moderna, inspirada nos pared\u00f5es da Serra da Canastra, o espa\u00e7o abriga um moderno e sofisticado teatro e uma ampla biblioteca. O novo Centro Cultural de Arax\u00e1, foi edificado na entrada do campus universit\u00e1rio do Uniarax\u00e1, na Avenida Ministro Olavo Drummond, no Bairro S\u00e3o Geraldo.&nbsp;<\/p>\n\n\n\n<p>Com seis mil metros de \u00e1rea constru\u00edda, o&nbsp;<strong>Centro Cultural UNIARAX\u00c1<\/strong>, \u00e9 um espa\u00e7o exclusivo, destinado \u00e0 realiza\u00e7\u00e3o de eventos art\u00edsticos e atra\u00e7\u00f5es culturais e educativas para a comunidade de Arax\u00e1 e regi\u00e3o. O teatro tem capacidade para 632 pessoas, com estrutura din\u00e2mica e flex\u00edvel, que, aliada a modernos equipamentos, torna poss\u00edvel a realiza\u00e7\u00e3o de variados tipos de espet\u00e1culos e eventos. O palco, em madeira, tem 25 metros de largura e 14 metros de profundidade. Para dar suporte aos artistas, s\u00e3o dois camarins coletivos no primeiro piso e dois individuais no n\u00edvel do palco, todos com banheiro e chuveiro.&nbsp; J\u00e1 biblioteca &nbsp;\u00e9 tamb\u00e9m&nbsp; um Centro de converg\u00eancia com op\u00e7\u00f5es para todas as gera\u00e7\u00f5es, composto por dois pavimentos com capacidade para 550 pessoas, com sala multiuso, brinquedoteca, \u00e1rea de estudo, acesso a computadores e um acervo atual de mais de 50 mil livros, que ser\u00e1 enriquecido com a inclus\u00e3o da Biblioteca Municipal Jo\u00e3o Rios Montandon. A biblioteca tem como patrono Atanagildo Cortes, jornalista que fez hist\u00f3ria e deu importantes contribui\u00e7\u00f5es para a cultura local. O mesmo pr\u00e9dio abrigar\u00e1 ainda a sede da Academia Araxaense de Letras, tornando-se fonte geradora de conhecimento, cultura e entretenimento.&nbsp;<\/p>\n\n\n\n<p>Segundo o professor<strong>&nbsp;Jos\u00e9 Oscar de Melo, reitor do UNIARAX\u00c1,&nbsp;<\/strong>comenta que o Centro Cultural \u00e9 a concretiza\u00e7\u00e3o de um sonho para toda a comunidade acad\u00eamica do centro universit\u00e1rio, inaugurando um novo tempo para Arax\u00e1 e regi\u00e3o.&nbsp;<\/p>\n\n\n\n<p>&nbsp;&nbsp;As obras do Centro Cultural foram conclu\u00eddas em dezembro de 2022, conforme previsto em projeto aprovado pelo Pronac e viabilizado por meio da Lei de Incentivo \u00e0 Cultura, com o apoio da&nbsp;<strong>CBMM<\/strong>, empresa araxaense especializada em&nbsp;<strong>tecnologia de Ni\u00f3bio<\/strong>.&nbsp; &nbsp;&nbsp;<\/p>\n\n\n\n<p>De acordo com o Diretor Industrial da CBMM, Rog\u00e9rio&nbsp; Contato Guimar\u00e3es, \u201c o Centro Cultural UNIARAX\u00c1 ser\u00e1 mais uma op\u00e7\u00e3o para promo\u00e7\u00e3o de Educa\u00e7\u00e3o e Cultura.&nbsp;<strong>\u201cA CBMM e o UNIARAX\u00c1 compartilham os compromissos de contribui\u00e7\u00e3o para o desenvolvimento da comunidade de Arax\u00e1. N\u00f3s esperamos que o espa\u00e7o proporcione transforma\u00e7\u00e3o real na comunidade.&#8221;<\/strong><\/p>\n\n\n\n<p>O calend\u00e1rio de eventos abertos ao p\u00fablico ser\u00e1 divulgado no site do UNIARAX\u00c1, em espa\u00e7o dedicado. O complexo \u00e9 100% alinhado \u00e0s normas de acessibilidade e seguran\u00e7a para oferecer conforto e tranquilidade para todos os p\u00fablicos.<\/p>\n\n\n\n<p>E para dar in\u00edcio aos eventos, nesta sexta e s\u00e1bado, dias 3 e 4 de mar\u00e7o, o espa\u00e7o ser\u00e1 oficialmente aberto ao p\u00fablico com o espet\u00e1culo&nbsp;<strong>\u201cIlusion Experience\u201d<\/strong>, dos ilusionistas&nbsp;<strong>Henry e Klaus<\/strong>. Na sexta-feira (3), mil crian\u00e7as das escolas p\u00fablicas de Arax\u00e1 assistir\u00e3o \u00e0 apresenta\u00e7\u00e3o, e no s\u00e1bado (4), o show ser\u00e1 aberto para a comunidade, com apresenta\u00e7\u00f5es \u00e0s 17h e \u00e0s 20h.&nbsp;&nbsp;<br><br><br><\/p>\n","protected":false},"excerpt":{"rendered":"<p>A noite de quarta-feira, 01 de mar\u00e7o, foi especial para a educa\u00e7\u00e3o, arte e cultural da regi\u00e3o. Numa solenidade que<\/p>\n","protected":false},"author":2,"featured_media":4527,"comment_status":"open","ping_status":"open","sticky":false,"template":"","format":"standard","meta":{"footnotes":""},"categories":[9,11,13],"tags":[],"class_list":["post-4526","post","type-post","status-publish","format-standard","has-post-thumbnail","hentry","category-araxa","category-destaques","category-educacao"],"_links":{"self":[{"href":"http:\/\/blogdoarmindomaia.com.br\/index.php?rest_route=\/wp\/v2\/posts\/4526","targetHints":{"allow":["GET"]}}],"collection":[{"href":"http:\/\/blogdoarmindomaia.com.br\/index.php?rest_route=\/wp\/v2\/posts"}],"about":[{"href":"http:\/\/blogdoarmindomaia.com.br\/index.php?rest_route=\/wp\/v2\/types\/post"}],"author":[{"embeddable":true,"href":"http:\/\/blogdoarmindomaia.com.br\/index.php?rest_route=\/wp\/v2\/users\/2"}],"replies":[{"embeddable":true,"href":"http:\/\/blogdoarmindomaia.com.br\/index.php?rest_route=%2Fwp%2Fv2%2Fcomments&post=4526"}],"version-history":[{"count":1,"href":"http:\/\/blogdoarmindomaia.com.br\/index.php?rest_route=\/wp\/v2\/posts\/4526\/revisions"}],"predecessor-version":[{"id":4532,"href":"http:\/\/blogdoarmindomaia.com.br\/index.php?rest_route=\/wp\/v2\/posts\/4526\/revisions\/4532"}],"wp:featuredmedia":[{"embeddable":true,"href":"http:\/\/blogdoarmindomaia.com.br\/index.php?rest_route=\/wp\/v2\/media\/4527"}],"wp:attachment":[{"href":"http:\/\/blogdoarmindomaia.com.br\/index.php?rest_route=%2Fwp%2Fv2%2Fmedia&parent=4526"}],"wp:term":[{"taxonomy":"category","embeddable":true,"href":"http:\/\/blogdoarmindomaia.com.br\/index.php?rest_route=%2Fwp%2Fv2%2Fcategories&post=4526"},{"taxonomy":"post_tag","embeddable":true,"href":"http:\/\/blogdoarmindomaia.com.br\/index.php?rest_route=%2Fwp%2Fv2%2Ftags&post=4526"}],"curies":[{"name":"wp","href":"https:\/\/api.w.org\/{rel}","templated":true}]}}