{"id":4533,"date":"2023-03-02T14:19:02","date_gmt":"2023-03-02T17:19:02","guid":{"rendered":"http:\/\/blogdoarmindomaia.com.br\/?p=4533"},"modified":"2023-03-02T14:19:03","modified_gmt":"2023-03-02T17:19:03","slug":"5o-rally-minas-brasil-etapa-araxa-comeca-dia-07","status":"publish","type":"post","link":"http:\/\/blogdoarmindomaia.com.br\/?p=4533","title":{"rendered":"5\u00ba Rally Minas Brasil etapa Arax\u00e1 come\u00e7a dia 07"},"content":{"rendered":"\n<figure class=\"wp-block-image size-large is-style-default\"><img loading=\"lazy\" decoding=\"async\" width=\"1024\" height=\"684\" src=\"http:\/\/blogdoarmindomaia.com.br\/wp-content\/uploads\/2023\/03\/5o-Rally-Minas-Brasil-etapa-Araxa-comeca-dia-07-pag-12-1024x684.jpg\" alt=\"\" class=\"wp-image-4534\" srcset=\"http:\/\/blogdoarmindomaia.com.br\/wp-content\/uploads\/2023\/03\/5o-Rally-Minas-Brasil-etapa-Araxa-comeca-dia-07-pag-12-1024x684.jpg 1024w, http:\/\/blogdoarmindomaia.com.br\/wp-content\/uploads\/2023\/03\/5o-Rally-Minas-Brasil-etapa-Araxa-comeca-dia-07-pag-12-300x200.jpg 300w, http:\/\/blogdoarmindomaia.com.br\/wp-content\/uploads\/2023\/03\/5o-Rally-Minas-Brasil-etapa-Araxa-comeca-dia-07-pag-12-768x513.jpg 768w, http:\/\/blogdoarmindomaia.com.br\/wp-content\/uploads\/2023\/03\/5o-Rally-Minas-Brasil-etapa-Araxa-comeca-dia-07-pag-12-1536x1026.jpg 1536w, http:\/\/blogdoarmindomaia.com.br\/wp-content\/uploads\/2023\/03\/5o-Rally-Minas-Brasil-etapa-Araxa-comeca-dia-07-pag-12-2048x1368.jpg 2048w\" sizes=\"auto, (max-width: 1024px) 100vw, 1024px\" \/><\/figure>\n\n\n\n<figure class=\"wp-block-image size-large is-style-default\"><img loading=\"lazy\" decoding=\"async\" width=\"1024\" height=\"608\" src=\"http:\/\/blogdoarmindomaia.com.br\/wp-content\/uploads\/2023\/03\/418044_1046697_005_02_ricardoleizer_dfotos_mb22_0079-1024x608.jpg\" alt=\"\" class=\"wp-image-4535\" srcset=\"http:\/\/blogdoarmindomaia.com.br\/wp-content\/uploads\/2023\/03\/418044_1046697_005_02_ricardoleizer_dfotos_mb22_0079-1024x608.jpg 1024w, http:\/\/blogdoarmindomaia.com.br\/wp-content\/uploads\/2023\/03\/418044_1046697_005_02_ricardoleizer_dfotos_mb22_0079-300x178.jpg 300w, http:\/\/blogdoarmindomaia.com.br\/wp-content\/uploads\/2023\/03\/418044_1046697_005_02_ricardoleizer_dfotos_mb22_0079-768x456.jpg 768w, http:\/\/blogdoarmindomaia.com.br\/wp-content\/uploads\/2023\/03\/418044_1046697_005_02_ricardoleizer_dfotos_mb22_0079-1536x912.jpg 1536w, http:\/\/blogdoarmindomaia.com.br\/wp-content\/uploads\/2023\/03\/418044_1046697_005_02_ricardoleizer_dfotos_mb22_0079-2048x1216.jpg 2048w\" sizes=\"auto, (max-width: 1024px) 100vw, 1024px\" \/><\/figure>\n\n\n\n<p>A poeira vai levantar em Arax\u00e1 na pr\u00f3xima semana. De 07 a 11 de mar\u00e7o, a cidade vai sediar o 5\u00ba Rally Minas Brasil que novamente tem a honra de abrir a temporada do Campeonato Brasileiro de Rally Cross-Country, para as categorias motos, UTVs, quadriciclos e carros. Organizado pela Rallymakers, em 2023 o evento permanece com sede em Arax\u00e1.&nbsp;<\/p>\n\n\n\n<p>E uma novidade \u00e9 que para essa temporada, o Rally Minas Brasil ganhou um dia a mais de disputa: agora ser\u00e3o tr\u00eas dias de velocidade em trechos cronometrados entre 180 e 200 quil\u00f4metros de pura montanha. Al\u00e9m de Arax\u00e1, o Rally Minas Brasil passar\u00e1 por Pratinha, Tapira, Sacramento e Ibi\u00e1.&nbsp;<\/p>\n\n\n\n<p>De acordo com o diretor geral da prova, Fernando Bentivoglio, o roteiro \u00e9 extremamente t\u00e9cnico e dever\u00e1 deixar os competidores exaustos, ao mesmo tempo em que \u00e9 prazeroso para acelerar.&nbsp;<em>\u201cVamos passar por uma regi\u00e3o montanhosa bastante sinuosa, com muitas subidas e descidas, e setores de eros\u00f5es (trial). O conjunto de suspens\u00e3o ser\u00e1 bastante exigido. Recomendo tamb\u00e9m que os participantes estejam bem-preparados fisicamente para encarar esse desafio pois n\u00e3o haver\u00e1 zonas de abastecimento para tomar f\u00f4lego\u201d<\/em>, salienta.<\/p>\n\n\n\n<p>Pilotos e navegadores&nbsp; podem acessar o site&nbsp;<a href=\"https:\/\/click.presskit.com.br\/url\/9219750c28\/651051798c9\" target=\"_blank\" rel=\"noreferrer noopener\">www.rallymakers.com.br<\/a>&nbsp;e garantir um lugar no grid do 5\u00ba Rally Minas Brasil, que vale pontos pelas 1\u00aa, 2\u00aa e 3\u00aa etapas do Campeonato Brasileiro de Rally Cross-Country. E por ser a primeira prova do ano, vem com um \u201ctempero a mais\u201d para trazer ainda mais dificuldades e aumentar as expectativas dos participantes ao longo da temporada.<\/p>\n\n\n\n<p><em>\u201cSer\u00e1 um rally dif\u00edcil que ter\u00e1 como objetivo, na quest\u00e3o do ranking, esquentar desde o primeiro quil\u00f4metro a briga pelo t\u00edtulo nacional\u201d<\/em>, destaca Bentivoglio.&nbsp;&nbsp;<\/p>\n\n\n\n<p>A programa\u00e7\u00e3o do 5\u00ba Rally Minas Brasil come\u00e7a no dia 07 de mar\u00e7o com as vistorias t\u00e9cnicas e administrativas. No dia seguinte, 08 (quarta-feira), tem shakedown, pr\u00f3logo e briefing com as orienta\u00e7\u00f5es gerais do evento. Nos dias 09, 10 e 11, ser\u00e1 dado o sinal verde para que pilotos e navegadores mostrem servi\u00e7o dentro das trilhas&nbsp;<\/p>\n\n\n\n<p><strong>O 5\u00ba Rally Minas Brasil \u00e9 uma realiza\u00e7\u00e3o da Rallymakers com apoio da Prefeituras Municipais de Arax\u00e1, Sacramento, Tapira, Pratinha e Ibi\u00e1.<\/strong><\/p>\n\n\n\n<p><strong>Supervis\u00e3o: CBM, CBA, FMEMG e FMA<\/strong><\/p>\n\n\n\n<figure class=\"wp-block-table\"><table><tbody><tr><td><\/td><\/tr><\/tbody><\/table><\/figure>\n","protected":false},"excerpt":{"rendered":"<p>A poeira vai levantar em Arax\u00e1 na pr\u00f3xima semana. De 07 a 11 de mar\u00e7o, a cidade vai sediar o<\/p>\n","protected":false},"author":2,"featured_media":4534,"comment_status":"open","ping_status":"open","sticky":false,"template":"","format":"standard","meta":{"footnotes":""},"categories":[9,11],"tags":[],"class_list":["post-4533","post","type-post","status-publish","format-standard","has-post-thumbnail","hentry","category-araxa","category-destaques"],"_links":{"self":[{"href":"http:\/\/blogdoarmindomaia.com.br\/index.php?rest_route=\/wp\/v2\/posts\/4533","targetHints":{"allow":["GET"]}}],"collection":[{"href":"http:\/\/blogdoarmindomaia.com.br\/index.php?rest_route=\/wp\/v2\/posts"}],"about":[{"href":"http:\/\/blogdoarmindomaia.com.br\/index.php?rest_route=\/wp\/v2\/types\/post"}],"author":[{"embeddable":true,"href":"http:\/\/blogdoarmindomaia.com.br\/index.php?rest_route=\/wp\/v2\/users\/2"}],"replies":[{"embeddable":true,"href":"http:\/\/blogdoarmindomaia.com.br\/index.php?rest_route=%2Fwp%2Fv2%2Fcomments&post=4533"}],"version-history":[{"count":1,"href":"http:\/\/blogdoarmindomaia.com.br\/index.php?rest_route=\/wp\/v2\/posts\/4533\/revisions"}],"predecessor-version":[{"id":4536,"href":"http:\/\/blogdoarmindomaia.com.br\/index.php?rest_route=\/wp\/v2\/posts\/4533\/revisions\/4536"}],"wp:featuredmedia":[{"embeddable":true,"href":"http:\/\/blogdoarmindomaia.com.br\/index.php?rest_route=\/wp\/v2\/media\/4534"}],"wp:attachment":[{"href":"http:\/\/blogdoarmindomaia.com.br\/index.php?rest_route=%2Fwp%2Fv2%2Fmedia&parent=4533"}],"wp:term":[{"taxonomy":"category","embeddable":true,"href":"http:\/\/blogdoarmindomaia.com.br\/index.php?rest_route=%2Fwp%2Fv2%2Fcategories&post=4533"},{"taxonomy":"post_tag","embeddable":true,"href":"http:\/\/blogdoarmindomaia.com.br\/index.php?rest_route=%2Fwp%2Fv2%2Ftags&post=4533"}],"curies":[{"name":"wp","href":"https:\/\/api.w.org\/{rel}","templated":true}]}}