{"id":4537,"date":"2023-03-02T16:07:09","date_gmt":"2023-03-02T19:07:09","guid":{"rendered":"http:\/\/blogdoarmindomaia.com.br\/?p=4537"},"modified":"2023-03-02T16:07:11","modified_gmt":"2023-03-02T19:07:11","slug":"programa-casa-do-pequeno-jardineiro-inicia-atividades-de-2023","status":"publish","type":"post","link":"http:\/\/blogdoarmindomaia.com.br\/?p=4537","title":{"rendered":"<strong>Programa Casa do Pequeno Jardineiro inicia atividades de 2023<\/strong>"},"content":{"rendered":"\n<figure class=\"wp-block-image size-full is-style-default\"><img loading=\"lazy\" decoding=\"async\" width=\"1024\" height=\"683\" src=\"http:\/\/blogdoarmindomaia.com.br\/wp-content\/uploads\/2023\/03\/Programa-Casa-do-Pequeno-Jardineiro-inicia-atividades-de-2023-pag-08.jpeg\" alt=\"\" class=\"wp-image-4538\" srcset=\"http:\/\/blogdoarmindomaia.com.br\/wp-content\/uploads\/2023\/03\/Programa-Casa-do-Pequeno-Jardineiro-inicia-atividades-de-2023-pag-08.jpeg 1024w, http:\/\/blogdoarmindomaia.com.br\/wp-content\/uploads\/2023\/03\/Programa-Casa-do-Pequeno-Jardineiro-inicia-atividades-de-2023-pag-08-300x200.jpeg 300w, http:\/\/blogdoarmindomaia.com.br\/wp-content\/uploads\/2023\/03\/Programa-Casa-do-Pequeno-Jardineiro-inicia-atividades-de-2023-pag-08-768x512.jpeg 768w\" sizes=\"auto, (max-width: 1024px) 100vw, 1024px\" \/><\/figure>\n\n\n\n<figure class=\"wp-block-image size-full is-style-default\"><img loading=\"lazy\" decoding=\"async\" width=\"1024\" height=\"683\" src=\"http:\/\/blogdoarmindomaia.com.br\/wp-content\/uploads\/2023\/03\/Casa-do-Pequeno-Jardineiro-3.jpeg\" alt=\"\" class=\"wp-image-4539\" srcset=\"http:\/\/blogdoarmindomaia.com.br\/wp-content\/uploads\/2023\/03\/Casa-do-Pequeno-Jardineiro-3.jpeg 1024w, http:\/\/blogdoarmindomaia.com.br\/wp-content\/uploads\/2023\/03\/Casa-do-Pequeno-Jardineiro-3-300x200.jpeg 300w, http:\/\/blogdoarmindomaia.com.br\/wp-content\/uploads\/2023\/03\/Casa-do-Pequeno-Jardineiro-3-768x512.jpeg 768w\" sizes=\"auto, (max-width: 1024px) 100vw, 1024px\" \/><\/figure>\n\n\n\n<figure class=\"wp-block-image size-full is-style-default\"><img loading=\"lazy\" decoding=\"async\" width=\"1024\" height=\"683\" src=\"http:\/\/blogdoarmindomaia.com.br\/wp-content\/uploads\/2023\/03\/Casa-do-Pequeno-Jardineiro-5.jpeg\" alt=\"\" class=\"wp-image-4540\" srcset=\"http:\/\/blogdoarmindomaia.com.br\/wp-content\/uploads\/2023\/03\/Casa-do-Pequeno-Jardineiro-5.jpeg 1024w, http:\/\/blogdoarmindomaia.com.br\/wp-content\/uploads\/2023\/03\/Casa-do-Pequeno-Jardineiro-5-300x200.jpeg 300w, http:\/\/blogdoarmindomaia.com.br\/wp-content\/uploads\/2023\/03\/Casa-do-Pequeno-Jardineiro-5-768x512.jpeg 768w\" sizes=\"auto, (max-width: 1024px) 100vw, 1024px\" \/><\/figure>\n\n\n\n<p>Uma iniciativa que trabalha a educa\u00e7\u00e3o socioambiental focada na inclus\u00e3o de adolescentes. A Prefeitura de Arax\u00e1, por meio da Secretaria Municipal de A\u00e7\u00e3o Social, iniciou as atividades do Programa Casa do Pequeno Jardineiro 2023.<br><br>S\u00e3o 150 jovens com idades entre 14 e 17 anos que t\u00eam direito a uma Bolsa Social no valor de meio sal\u00e1rio m\u00ednimo vigente, vale-transporte, camiseta de uniforme e alimenta\u00e7\u00e3o no local das atividades.<br><br>O Programa Casa do Pequeno Jardineiro realiza a promo\u00e7\u00e3o social, gera\u00e7\u00e3o de autonomia e renda, educa\u00e7\u00e3o ambiental e resgate de valores e princ\u00edpios. Os jovens recebem tamb\u00e9m acompanhamento familiar, com assistente social, psic\u00f3logo e educadores ambientais.<br><br>O diretor pedag\u00f3gico do programa, Jo\u00e3o Paulo Ferreira, explica que s\u00e3o desenvolvidas atividades l\u00fadicas, esportivas e educacionais quem promovem a transforma\u00e7\u00e3o na vida dos alunos e familiares em situa\u00e7\u00e3o de vulnerabilidade social.<br><br>\u201cDurante as atividades te\u00f3ricas e pr\u00e1ticas, os adolescentes aprendem sobre direitos e deveres, profissionaliza\u00e7\u00e3o no mercado de trabalho, meio ambiente, direitos e princ\u00edpios. O programa deixa de ser o \u00fanico espa\u00e7o de frequ\u00eancia regular, entendendo que educa\u00e7\u00e3o socioassistencial torna a pessoa protagonista da sua pr\u00f3pria hist\u00f3ria. O jovem precisa de v\u00e1rias composi\u00e7\u00f5es program\u00e1ticas para desenvolver seus talentos, interesses e necessidades buscando mais capacita\u00e7\u00e3o, conseguimos desta forma transformar a vida dessas pessoas\u201d, refor\u00e7a.<br><\/p>\n","protected":false},"excerpt":{"rendered":"<p>Uma iniciativa que trabalha a educa\u00e7\u00e3o socioambiental focada na inclus\u00e3o de adolescentes. A Prefeitura de Arax\u00e1, por meio da Secretaria<\/p>\n","protected":false},"author":2,"featured_media":4540,"comment_status":"open","ping_status":"open","sticky":false,"template":"","format":"standard","meta":{"footnotes":""},"categories":[9,11],"tags":[],"class_list":["post-4537","post","type-post","status-publish","format-standard","has-post-thumbnail","hentry","category-araxa","category-destaques"],"_links":{"self":[{"href":"http:\/\/blogdoarmindomaia.com.br\/index.php?rest_route=\/wp\/v2\/posts\/4537","targetHints":{"allow":["GET"]}}],"collection":[{"href":"http:\/\/blogdoarmindomaia.com.br\/index.php?rest_route=\/wp\/v2\/posts"}],"about":[{"href":"http:\/\/blogdoarmindomaia.com.br\/index.php?rest_route=\/wp\/v2\/types\/post"}],"author":[{"embeddable":true,"href":"http:\/\/blogdoarmindomaia.com.br\/index.php?rest_route=\/wp\/v2\/users\/2"}],"replies":[{"embeddable":true,"href":"http:\/\/blogdoarmindomaia.com.br\/index.php?rest_route=%2Fwp%2Fv2%2Fcomments&post=4537"}],"version-history":[{"count":1,"href":"http:\/\/blogdoarmindomaia.com.br\/index.php?rest_route=\/wp\/v2\/posts\/4537\/revisions"}],"predecessor-version":[{"id":4541,"href":"http:\/\/blogdoarmindomaia.com.br\/index.php?rest_route=\/wp\/v2\/posts\/4537\/revisions\/4541"}],"wp:featuredmedia":[{"embeddable":true,"href":"http:\/\/blogdoarmindomaia.com.br\/index.php?rest_route=\/wp\/v2\/media\/4540"}],"wp:attachment":[{"href":"http:\/\/blogdoarmindomaia.com.br\/index.php?rest_route=%2Fwp%2Fv2%2Fmedia&parent=4537"}],"wp:term":[{"taxonomy":"category","embeddable":true,"href":"http:\/\/blogdoarmindomaia.com.br\/index.php?rest_route=%2Fwp%2Fv2%2Fcategories&post=4537"},{"taxonomy":"post_tag","embeddable":true,"href":"http:\/\/blogdoarmindomaia.com.br\/index.php?rest_route=%2Fwp%2Fv2%2Ftags&post=4537"}],"curies":[{"name":"wp","href":"https:\/\/api.w.org\/{rel}","templated":true}]}}