{"id":4550,"date":"2023-03-03T17:27:50","date_gmt":"2023-03-03T20:27:50","guid":{"rendered":"http:\/\/blogdoarmindomaia.com.br\/?p=4550"},"modified":"2023-03-03T17:27:52","modified_gmt":"2023-03-03T20:27:52","slug":"prefeitura-participa-da-cerimonia-de-inauguracao-do-centro-cultural-uniaraxa","status":"publish","type":"post","link":"http:\/\/blogdoarmindomaia.com.br\/?p=4550","title":{"rendered":"Prefeitura participa da cerim\u00f4nia de inaugura\u00e7\u00e3o do Centro Cultural Uniarax\u00e1"},"content":{"rendered":"\n<figure class=\"wp-block-image size-full is-style-default\"><img loading=\"lazy\" decoding=\"async\" width=\"1024\" height=\"683\" src=\"http:\/\/blogdoarmindomaia.com.br\/wp-content\/uploads\/2023\/03\/Centro-Cultural-6.jpeg\" alt=\"\" class=\"wp-image-4551\" srcset=\"http:\/\/blogdoarmindomaia.com.br\/wp-content\/uploads\/2023\/03\/Centro-Cultural-6.jpeg 1024w, http:\/\/blogdoarmindomaia.com.br\/wp-content\/uploads\/2023\/03\/Centro-Cultural-6-300x200.jpeg 300w, http:\/\/blogdoarmindomaia.com.br\/wp-content\/uploads\/2023\/03\/Centro-Cultural-6-768x512.jpeg 768w\" sizes=\"auto, (max-width: 1024px) 100vw, 1024px\" \/><\/figure>\n\n\n\n<figure class=\"wp-block-image size-full is-style-default\"><img loading=\"lazy\" decoding=\"async\" width=\"1024\" height=\"683\" src=\"http:\/\/blogdoarmindomaia.com.br\/wp-content\/uploads\/2023\/03\/Centro-Cultural-5.jpeg\" alt=\"\" class=\"wp-image-4552\" srcset=\"http:\/\/blogdoarmindomaia.com.br\/wp-content\/uploads\/2023\/03\/Centro-Cultural-5.jpeg 1024w, http:\/\/blogdoarmindomaia.com.br\/wp-content\/uploads\/2023\/03\/Centro-Cultural-5-300x200.jpeg 300w, http:\/\/blogdoarmindomaia.com.br\/wp-content\/uploads\/2023\/03\/Centro-Cultural-5-768x512.jpeg 768w\" sizes=\"auto, (max-width: 1024px) 100vw, 1024px\" \/><\/figure>\n\n\n\n<figure class=\"wp-block-image size-full is-style-default\"><img loading=\"lazy\" decoding=\"async\" width=\"1024\" height=\"683\" src=\"http:\/\/blogdoarmindomaia.com.br\/wp-content\/uploads\/2023\/03\/Centro-Cultural-9-1.jpeg\" alt=\"\" class=\"wp-image-4553\" srcset=\"http:\/\/blogdoarmindomaia.com.br\/wp-content\/uploads\/2023\/03\/Centro-Cultural-9-1.jpeg 1024w, http:\/\/blogdoarmindomaia.com.br\/wp-content\/uploads\/2023\/03\/Centro-Cultural-9-1-300x200.jpeg 300w, http:\/\/blogdoarmindomaia.com.br\/wp-content\/uploads\/2023\/03\/Centro-Cultural-9-1-768x512.jpeg 768w\" sizes=\"auto, (max-width: 1024px) 100vw, 1024px\" \/><\/figure>\n\n\n\n<figure class=\"wp-block-image size-full is-style-default\"><img loading=\"lazy\" decoding=\"async\" width=\"1024\" height=\"683\" src=\"http:\/\/blogdoarmindomaia.com.br\/wp-content\/uploads\/2023\/03\/Centro-Cultural-11.jpeg\" alt=\"\" class=\"wp-image-4554\" srcset=\"http:\/\/blogdoarmindomaia.com.br\/wp-content\/uploads\/2023\/03\/Centro-Cultural-11.jpeg 1024w, http:\/\/blogdoarmindomaia.com.br\/wp-content\/uploads\/2023\/03\/Centro-Cultural-11-300x200.jpeg 300w, http:\/\/blogdoarmindomaia.com.br\/wp-content\/uploads\/2023\/03\/Centro-Cultural-11-768x512.jpeg 768w\" sizes=\"auto, (max-width: 1024px) 100vw, 1024px\" \/><\/figure>\n\n\n\n<figure class=\"wp-block-image size-full is-style-default\"><img loading=\"lazy\" decoding=\"async\" width=\"1024\" height=\"683\" src=\"http:\/\/blogdoarmindomaia.com.br\/wp-content\/uploads\/2023\/03\/Centro-Cultural-8.jpeg\" alt=\"\" class=\"wp-image-4555\" srcset=\"http:\/\/blogdoarmindomaia.com.br\/wp-content\/uploads\/2023\/03\/Centro-Cultural-8.jpeg 1024w, http:\/\/blogdoarmindomaia.com.br\/wp-content\/uploads\/2023\/03\/Centro-Cultural-8-300x200.jpeg 300w, http:\/\/blogdoarmindomaia.com.br\/wp-content\/uploads\/2023\/03\/Centro-Cultural-8-768x512.jpeg 768w\" sizes=\"auto, (max-width: 1024px) 100vw, 1024px\" \/><\/figure>\n\n\n\n<p>Um moderno espa\u00e7o destinado \u00e0 realiza\u00e7\u00e3o de eventos art\u00edsticos, culturais e educativos para Arax\u00e1 e regi\u00e3o. O Centro Cultural Uniarax\u00e1 foi inaugurado nesta quarta-feira (1\u00b0), em cerim\u00f4nia que contou com a presen\u00e7a do prefeito Robson Magela, secret\u00e1rios municipais, vereadores, representantes da sociedade civil e comunidade universit\u00e1ria. Com arquitetura inspirada nos pared\u00f5es da Serra da Canastra, o complexo possui um teatro com capacidade para 642 pessoas e uma biblioteca com um acervo de mais de 50 mil livros.<br><br>As obras do Centro Cultural foram viabilizadas por meio da Lei de Incentivo \u00e0 Cultura, com o apoio da CBMM, empresa araxaense especializada em tecnologia de Ni\u00f3bio. O complexo, com 6 mil m\u00b2 de \u00e1rea constru\u00edda, \u00e9 100% alinhado \u00e0s normas de acessibilidade e seguran\u00e7a para oferecer conforto e tranquilidade para todos os p\u00fablicos.<br><br>O prefeito Robson Magela refor\u00e7ou a import\u00e2ncia da cultura, arte e educa\u00e7\u00e3o para o futuro de Arax\u00e1. \u201cSabemos que a educa\u00e7\u00e3o salva os nossos jovens. E nossa cidade \u00e9 privilegiada por ter institui\u00e7\u00f5es e um Poder P\u00fablico que apoia, investe e n\u00e3o mede esfor\u00e7os para oferecer qualidade de ensino. Fico muito feliz pela popula\u00e7\u00e3o araxaense poder contar agora com esse Centro Cultural magn\u00edfico, que vai proporcionar atividades culturais, art\u00edsticas e educacionais para todos\u201d, disse.<br><br>O reitor do Uniarax\u00e1, professor Jos\u00e9 Oscar de Melo, destacou que o Centro Cultural \u00e9 a concretiza\u00e7\u00e3o de um sonho para toda a comunidade acad\u00eamica. \u201cEstamos muito felizes com a finaliza\u00e7\u00e3o do projeto e o in\u00edcio das atividades culturais. Nossa pretens\u00e3o \u00e9 transform\u00e1-lo em um centro de excel\u00eancia para as artes, beneficiando a comunidade regional com um espa\u00e7o de conhecimento ligado \u00e0 educa\u00e7\u00e3o, arte e cultura\u201d, ressaltou.<br><\/p>\n","protected":false},"excerpt":{"rendered":"<p>Um moderno espa\u00e7o destinado \u00e0 realiza\u00e7\u00e3o de eventos art\u00edsticos, culturais e educativos para Arax\u00e1 e regi\u00e3o. O Centro Cultural Uniarax\u00e1<\/p>\n","protected":false},"author":2,"featured_media":4553,"comment_status":"open","ping_status":"open","sticky":false,"template":"","format":"standard","meta":{"footnotes":""},"categories":[11],"tags":[],"class_list":["post-4550","post","type-post","status-publish","format-standard","has-post-thumbnail","hentry","category-destaques"],"_links":{"self":[{"href":"http:\/\/blogdoarmindomaia.com.br\/index.php?rest_route=\/wp\/v2\/posts\/4550","targetHints":{"allow":["GET"]}}],"collection":[{"href":"http:\/\/blogdoarmindomaia.com.br\/index.php?rest_route=\/wp\/v2\/posts"}],"about":[{"href":"http:\/\/blogdoarmindomaia.com.br\/index.php?rest_route=\/wp\/v2\/types\/post"}],"author":[{"embeddable":true,"href":"http:\/\/blogdoarmindomaia.com.br\/index.php?rest_route=\/wp\/v2\/users\/2"}],"replies":[{"embeddable":true,"href":"http:\/\/blogdoarmindomaia.com.br\/index.php?rest_route=%2Fwp%2Fv2%2Fcomments&post=4550"}],"version-history":[{"count":1,"href":"http:\/\/blogdoarmindomaia.com.br\/index.php?rest_route=\/wp\/v2\/posts\/4550\/revisions"}],"predecessor-version":[{"id":4556,"href":"http:\/\/blogdoarmindomaia.com.br\/index.php?rest_route=\/wp\/v2\/posts\/4550\/revisions\/4556"}],"wp:featuredmedia":[{"embeddable":true,"href":"http:\/\/blogdoarmindomaia.com.br\/index.php?rest_route=\/wp\/v2\/media\/4553"}],"wp:attachment":[{"href":"http:\/\/blogdoarmindomaia.com.br\/index.php?rest_route=%2Fwp%2Fv2%2Fmedia&parent=4550"}],"wp:term":[{"taxonomy":"category","embeddable":true,"href":"http:\/\/blogdoarmindomaia.com.br\/index.php?rest_route=%2Fwp%2Fv2%2Fcategories&post=4550"},{"taxonomy":"post_tag","embeddable":true,"href":"http:\/\/blogdoarmindomaia.com.br\/index.php?rest_route=%2Fwp%2Fv2%2Ftags&post=4550"}],"curies":[{"name":"wp","href":"https:\/\/api.w.org\/{rel}","templated":true}]}}