{"id":4557,"date":"2023-03-06T11:23:11","date_gmt":"2023-03-06T14:23:11","guid":{"rendered":"http:\/\/blogdoarmindomaia.com.br\/?p=4557"},"modified":"2023-03-06T11:23:13","modified_gmt":"2023-03-06T14:23:13","slug":"programacao-tecnica-da-cimtb-nos-20-anos-de-araxa-sera-a-maior-da-historia","status":"publish","type":"post","link":"http:\/\/blogdoarmindomaia.com.br\/?p=4557","title":{"rendered":"<em>Programa\u00e7\u00e3o T\u00e9cnica da CIMTB nos 20 anos de Arax\u00e1 ser\u00e1 a maior da hist\u00f3ria<\/em>"},"content":{"rendered":"\n<figure class=\"wp-block-image size-large is-style-default\"><img loading=\"lazy\" decoding=\"async\" width=\"1024\" height=\"683\" src=\"http:\/\/blogdoarmindomaia.com.br\/wp-content\/uploads\/2023\/03\/Programacao-Tecnica-da-CIMTB-nos-20-anos-de-Araxa-sera-a-maior-da-historia-esportes-1024x683.jpg\" alt=\"\" class=\"wp-image-4558\" srcset=\"http:\/\/blogdoarmindomaia.com.br\/wp-content\/uploads\/2023\/03\/Programacao-Tecnica-da-CIMTB-nos-20-anos-de-Araxa-sera-a-maior-da-historia-esportes-1024x683.jpg 1024w, http:\/\/blogdoarmindomaia.com.br\/wp-content\/uploads\/2023\/03\/Programacao-Tecnica-da-CIMTB-nos-20-anos-de-Araxa-sera-a-maior-da-historia-esportes-300x200.jpg 300w, http:\/\/blogdoarmindomaia.com.br\/wp-content\/uploads\/2023\/03\/Programacao-Tecnica-da-CIMTB-nos-20-anos-de-Araxa-sera-a-maior-da-historia-esportes-768x512.jpg 768w, http:\/\/blogdoarmindomaia.com.br\/wp-content\/uploads\/2023\/03\/Programacao-Tecnica-da-CIMTB-nos-20-anos-de-Araxa-sera-a-maior-da-historia-esportes.jpg 1200w\" sizes=\"auto, (max-width: 1024px) 100vw, 1024px\" \/><\/figure>\n\n\n\n<p><em>Pista&nbsp;de Arax\u00e1 da CIMTB estar\u00e1 fechada na quinta-feira, v\u00e9spera da abertura da competi\u00e7\u00e3o. Os treinos oficiais acontecer\u00e3o a partir de sexta-feira, dia 14 de abril. Apenas a Cl\u00ednica T\u00e9cnica, para treinadores que agendarem com anteced\u00eancia, estar\u00e1 autorizada pela organiza\u00e7\u00e3o<\/em><\/p>\n\n\n\n<p>Visando garantir a seguran\u00e7a de todos os participantes inscritos na abertura da Copa Internacional de Mountain Bike, entre os dias 14 e 16 de abril, em Arax\u00e1, a organiza\u00e7\u00e3o definiu a programa\u00e7\u00e3o t\u00e9cnica com regras bastante espec\u00edficas para as pr\u00e1ticas na pista do Grande Hotel Termas de Arax\u00e1. Na quinta-feira (13), \u00faltimo dia de montagem dos estandes no evento, estar\u00e1 proibido andar de bike nas pistas, sendo apenas permitido percorrer o trajeto a p\u00e9.<\/p>\n\n\n\n<p>A exce\u00e7\u00e3o se faz na Cl\u00ednica T\u00e9cnica, das 10h \u00e0s 16h, para os treinadores que fizerem seus agendamentos com anteced\u00eancia. Nesta a\u00e7\u00e3o, o objetivo principal est\u00e1 em que profissionais especializados fa\u00e7am a leitura da pista com os atletas inscritos na CIMTB para terem o maior conhecimento poss\u00edvel e obterem o melhor desempenho poss\u00edvel no dia de sua prova, evitando ao m\u00e1ximo os riscos de acidentes.<\/p>\n\n\n\n<p>\u201cOs treinadores interessados em realizar a Cl\u00ednica T\u00e9cnica, devem enviar e-mail para organiza\u00e7\u00e3o (<a href=\"mailto:info@cimtb.com.br\" target=\"_blank\" rel=\"noreferrer noopener\">info@cimtb.com.br<\/a>) requisitando a utiliza\u00e7\u00e3o da pista na quinta-feira. No dia da Cl\u00ednica, para ter acesso \u00e0 pista, o treinador deve pegar as placas da Cl\u00ednica T\u00e9cnica e dos seus atletas inscritos na prova na secretaria e fix\u00e1-las em todas as bikes participantes. Teremos o controle em v\u00e1rios pontos da pista e faremos o controle de uso permitindo apenas os bikers com placas a usar a pista\u201d, explica Rog\u00e9rio Bernardes.<\/p>\n\n\n\n<p>\u201cCompletando, \u00e9 importante que a din\u00e2mica das cl\u00ednicas sejam respeitadas. Atletas que estiverem treinando na pista sozinhos, sem o acompanhamento do treinador, ser\u00e3o retirados mesmo que tenham a placa de identifica\u00e7\u00e3o, pois o objetivo \u00e9 justamente a troca de informa\u00e7\u00e3o e a orienta\u00e7\u00e3o pr\u00f3xima do respons\u00e1vel\u201d.<\/p>\n\n\n\n<p>Tamb\u00e9m na quinta-feira, haver\u00e1 outras duas atividades previstas em programa\u00e7\u00e3o: o Congresso T\u00e9cnico presencial \u2013 XCO + XCC somente para Super Elite (Elite + Sub23), \u00e0s 17h, e o Congresso T\u00e9cnico para as demais categorias XCO, XCC E Maratona (somente virtual), \u00e0s 18h.<\/p>\n\n\n\n<p><strong>Programa\u00e7\u00e3o de sexta-feira (14)<\/strong><br>As atividades na sexta-feira t\u00eam o in\u00edcio de sua programa\u00e7\u00e3o \u00e0s 8h30, com abertura da secretaria para a confirma\u00e7\u00e3o das inscri\u00e7\u00f5es e credenciamento de apoio aos atletas\/equipes. \u00c0s 10h, inicia-se o treino oficial da Maratona, at\u00e9 \u00e0s 16h, e o do XCO (exceto na pista XCC quando estiverem acontecendo provas) com t\u00e9rmino \u00e0s 17h.<\/p>\n\n\n\n<p>A a\u00e7\u00e3o no primeiro dia de competi\u00e7\u00f5es tem in\u00edcio \u00e0s 14h, a primeira bateria de largadas do XCC: M\u00e1ster Masculino (acima de 34 anos), Cadete Masculino (de 23 a 34 anos), Geral Feminino (acima de 15 anos), Teen Masculino (de 12 a 18 anos), e El\u00e9trica Masculino (acima de 15 anos). A cereja do bolo acontecer\u00e1 \u00e0s 15h30 e 16h30, com as Super Elites Feminina e Masculina, respectivamente. A premia\u00e7\u00e3o do dia ser\u00e1 logo em seguida, \u00e0s 17h30.<\/p>\n\n\n\n<p><strong>Programa\u00e7\u00e3o de s\u00e1bado (15)<\/strong><br>O dia come\u00e7a com abertura da secretaria, \u00e0s 8h. Logo em seguida, \u00e0s 8h20, tem vez a primeira largada das E-MTB El\u00e9tricas: Masculina Pro, Masculina Geral e Feminina. \u00c0s 10h20 \u00e9 a vez da segunda largada, o XCO Classe 1 para as Super Elites Masculina e Feminina. A premia\u00e7\u00e3o das duas largadas ser\u00e1 \u00e0s 12h15.<\/p>\n\n\n\n<p>Das 12h30 \u00e0s 17h acontece o treino do XCO (trecho usado pelo XCM n\u00e3o poder\u00e1 ser usado no treino do XCO). \u00c0s 14h \u00e9 vez da terceira largada, para a tradicional Maratona no circuito de cerca de 15 km por volta, para um total de 17 categorias (E-MTB Masculina, E-MTB Feminina, Ultra, Expert, Cadete, Master, Seguran\u00e7a P\u00fablica, Veterano, Peso Pesado, PCD, Duplas, Gravel, Open Feminina, Turismo, Hand Bike). A premia\u00e7\u00e3o da Maratona ocorre \u00e0s 18h.<\/p>\n\n\n\n<p><strong>Programa\u00e7\u00e3o do domingo (16)<\/strong><br>No \u00faltimo dia de competi\u00e7\u00e3o, a secretaria abre mais cedo, das 7h30 \u00e0s 13h. A primeira largada do dia ser\u00e1 \u00e0s 8h, com as categorias masculinas Sub17, Sub15, ULTRA, Sub55, Sub60, Sub65, Over65, Sub12. Logo em seguida mais uma largada para homens, \u00e0s 10h, com as categorias Sub30, Sub35, Sub40, Sub45 e Sub50. A premia\u00e7\u00e3o da primeira largada acontece \u00e0s 10h30. Grande festa dentro da CIMTB, a categoria Mirim tem sua largada \u00e0s 11h30. Vale ressaltar a novidade da categoria Sub12, criada esse ano, para crian\u00e7as de 9 a 11 anos que j\u00e1 est\u00e3o com a t\u00e9cnica mais desenvolvida.<\/p>\n\n\n\n<p>Ao meio-dia (12h), \u00e9 a vez das mulheres tomarem conta da pista no Grande Hotel, com a terceira largada: Super Elite, J\u00fanior, Sub17, Sub15, Sub40, Sub50, Over50, Sub12. \u00c0s 13h acontece a premia\u00e7\u00e3o da segunda largada, seguida do Concurso de Reda\u00e7\u00e3o e Desenho. Os homens da Super Elite e da J\u00fanior encerram a edi\u00e7\u00e3o de 20 anos de Arax\u00e1 \u00e0s 14h. \u00c0s 14h30 e 16h15 acontecem as premia\u00e7\u00f5es das largadas 3 e 4, respectivamente.<\/p>\n\n\n\n<p><strong>Inscri\u00e7\u00f5es abertas<\/strong><br>As inscri\u00e7\u00f5es para a hist\u00f3rica edi\u00e7\u00e3o de 20 anos da etapa de Arax\u00e1 da Copa Internacional de Mountain Bike (CIMTB) j\u00e1 est\u00e3o abertas. Entre os dias 14 e 16 de abril, os melhores ciclistas do Brasil e do mundo estar\u00e3o em a\u00e7\u00e3o nas trilhas nos arredores do Grande Hotel Termas de Arax\u00e1. Para garantir vaga em uma das 46 categorias das disputas em tr\u00eas modalidades \u2013 Cross Country Ol\u00edmpico (XCO), Short Track (XCC) e Maratona (XCM) \u2013 os ciclistas devem acessar o site do evento&nbsp;<a href=\"https:\/\/www.cimtb.com.br\/\" target=\"_blank\" rel=\"noreferrer noopener\">www.cimtb.com.br<\/a>&nbsp;e clicar no menu Inscri\u00e7\u00f5es.<\/p>\n\n\n\n<p><strong>Sobre a CBMM<\/strong><br>L\u00edder mundial na produ\u00e7\u00e3o e comercializa\u00e7\u00e3o de produtos de Ni\u00f3bio, a CBMM possui mais de 400 clientes, em 50 pa\u00edses. A companhia fornece produtos e tecnologia de ponta aos setores de infraestrutura, mobilidade, aeroespacial, sa\u00fade e energia. Fundada em 1955, em Arax\u00e1, Minas Gerais, a CBMM apoia iniciativas que visam o desenvolvimento socioecon\u00f4mico, cultural e esportivo nos locais onde atua, buscando beneficiar essas comunidades e auxiliar na forma\u00e7\u00e3o das pr\u00f3ximas gera\u00e7\u00f5es. Para mais informa\u00e7\u00f5es, visite:&nbsp;<a href=\"http:\/\/cbmm.com\/pt\/media-center\" target=\"_blank\" rel=\"noreferrer noopener\">cbmm.com\/pt\/media-center<\/a>.<\/p>\n\n\n\n<p><strong>Hist\u00f3ria da CIMTB<br><\/strong>A organiza\u00e7\u00e3o da CIMTB realizou sua primeira prova em 1996. Desde ent\u00e3o, vem inovando e contribuindo ativamente para o crescimento e fortalecimento do mountain bike e o mercado de bicicletas no Brasil. Contando pontos para o ranking mundial da Uni\u00e3o Cicl\u00edstica Internacional (UCI) desde 2004, a CIMTB tem sido seletiva para os Jogos Ol\u00edmpicos nos ciclos de Pequim 2008, Londres 2012, Rio 2016, T\u00f3quio 2020 e Paris 2024. Em 2022, a CIMTB aumentou ainda mais sua relev\u00e2ncia internacional, com a realiza\u00e7\u00e3o da etapa de abertura da Copa do Mundo Mercedes-Benz de Mountain Bike 2022, em Petr\u00f3polis. Al\u00e9m disso, foi respons\u00e1vel pela constru\u00e7\u00e3o da pista de mountain bike dos Jogos Ol\u00edmpicos Rio 2016, considerada uma das melhores da hist\u00f3ria dos Jogos desde 1996, primeiro ano do MTB em Olimp\u00edadas.<\/p>\n","protected":false},"excerpt":{"rendered":"<p>Pista&nbsp;de Arax\u00e1 da CIMTB estar\u00e1 fechada na quinta-feira, v\u00e9spera da abertura da competi\u00e7\u00e3o. Os treinos oficiais acontecer\u00e3o a partir de<\/p>\n","protected":false},"author":2,"featured_media":4558,"comment_status":"open","ping_status":"open","sticky":false,"template":"","format":"standard","meta":{"footnotes":""},"categories":[9,11],"tags":[],"class_list":["post-4557","post","type-post","status-publish","format-standard","has-post-thumbnail","hentry","category-araxa","category-destaques"],"_links":{"self":[{"href":"http:\/\/blogdoarmindomaia.com.br\/index.php?rest_route=\/wp\/v2\/posts\/4557","targetHints":{"allow":["GET"]}}],"collection":[{"href":"http:\/\/blogdoarmindomaia.com.br\/index.php?rest_route=\/wp\/v2\/posts"}],"about":[{"href":"http:\/\/blogdoarmindomaia.com.br\/index.php?rest_route=\/wp\/v2\/types\/post"}],"author":[{"embeddable":true,"href":"http:\/\/blogdoarmindomaia.com.br\/index.php?rest_route=\/wp\/v2\/users\/2"}],"replies":[{"embeddable":true,"href":"http:\/\/blogdoarmindomaia.com.br\/index.php?rest_route=%2Fwp%2Fv2%2Fcomments&post=4557"}],"version-history":[{"count":1,"href":"http:\/\/blogdoarmindomaia.com.br\/index.php?rest_route=\/wp\/v2\/posts\/4557\/revisions"}],"predecessor-version":[{"id":4559,"href":"http:\/\/blogdoarmindomaia.com.br\/index.php?rest_route=\/wp\/v2\/posts\/4557\/revisions\/4559"}],"wp:featuredmedia":[{"embeddable":true,"href":"http:\/\/blogdoarmindomaia.com.br\/index.php?rest_route=\/wp\/v2\/media\/4558"}],"wp:attachment":[{"href":"http:\/\/blogdoarmindomaia.com.br\/index.php?rest_route=%2Fwp%2Fv2%2Fmedia&parent=4557"}],"wp:term":[{"taxonomy":"category","embeddable":true,"href":"http:\/\/blogdoarmindomaia.com.br\/index.php?rest_route=%2Fwp%2Fv2%2Fcategories&post=4557"},{"taxonomy":"post_tag","embeddable":true,"href":"http:\/\/blogdoarmindomaia.com.br\/index.php?rest_route=%2Fwp%2Fv2%2Ftags&post=4557"}],"curies":[{"name":"wp","href":"https:\/\/api.w.org\/{rel}","templated":true}]}}