{"id":4575,"date":"2023-03-07T11:16:52","date_gmt":"2023-03-07T14:16:52","guid":{"rendered":"http:\/\/blogdoarmindomaia.com.br\/?p=4575"},"modified":"2023-03-07T11:16:54","modified_gmt":"2023-03-07T14:16:54","slug":"academia-araxaense-de-letras-inaugura-nova-sede-e-homenageia-ex-presidentes","status":"publish","type":"post","link":"http:\/\/blogdoarmindomaia.com.br\/?p=4575","title":{"rendered":"<strong>Academia Araxaense de Letras inaugura nova sede e homenageia ex-presidentes<\/strong>"},"content":{"rendered":"\n<figure class=\"wp-block-image size-large is-style-default\"><img loading=\"lazy\" decoding=\"async\" width=\"697\" height=\"1024\" src=\"http:\/\/blogdoarmindomaia.com.br\/wp-content\/uploads\/2023\/03\/Academia-Araxaense-de-Letras-inaugura-nova-sede-pag-09-697x1024.jpeg\" alt=\"\" class=\"wp-image-4576\" srcset=\"http:\/\/blogdoarmindomaia.com.br\/wp-content\/uploads\/2023\/03\/Academia-Araxaense-de-Letras-inaugura-nova-sede-pag-09-697x1024.jpeg 697w, http:\/\/blogdoarmindomaia.com.br\/wp-content\/uploads\/2023\/03\/Academia-Araxaense-de-Letras-inaugura-nova-sede-pag-09-204x300.jpeg 204w, http:\/\/blogdoarmindomaia.com.br\/wp-content\/uploads\/2023\/03\/Academia-Araxaense-de-Letras-inaugura-nova-sede-pag-09.jpeg 735w\" sizes=\"auto, (max-width: 697px) 100vw, 697px\" \/><\/figure>\n\n\n\n<figure class=\"wp-block-image size-large is-style-default\"><img loading=\"lazy\" decoding=\"async\" width=\"1024\" height=\"699\" src=\"http:\/\/blogdoarmindomaia.com.br\/wp-content\/uploads\/2023\/03\/Academia-Araxaense-de-Letras-inaugura-nova-sede--1024x699.jpeg\" alt=\"\" class=\"wp-image-4577\" srcset=\"http:\/\/blogdoarmindomaia.com.br\/wp-content\/uploads\/2023\/03\/Academia-Araxaense-de-Letras-inaugura-nova-sede--1024x699.jpeg 1024w, http:\/\/blogdoarmindomaia.com.br\/wp-content\/uploads\/2023\/03\/Academia-Araxaense-de-Letras-inaugura-nova-sede--300x205.jpeg 300w, http:\/\/blogdoarmindomaia.com.br\/wp-content\/uploads\/2023\/03\/Academia-Araxaense-de-Letras-inaugura-nova-sede--768x524.jpeg 768w, http:\/\/blogdoarmindomaia.com.br\/wp-content\/uploads\/2023\/03\/Academia-Araxaense-de-Letras-inaugura-nova-sede--130x90.jpeg 130w, http:\/\/blogdoarmindomaia.com.br\/wp-content\/uploads\/2023\/03\/Academia-Araxaense-de-Letras-inaugura-nova-sede-.jpeg 1080w\" sizes=\"auto, (max-width: 1024px) 100vw, 1024px\" \/><\/figure>\n\n\n\n<figure class=\"wp-block-image size-large is-style-default\"><img loading=\"lazy\" decoding=\"async\" width=\"683\" height=\"1024\" src=\"http:\/\/blogdoarmindomaia.com.br\/wp-content\/uploads\/2023\/03\/nova_sede-3-683x1024.jpeg\" alt=\"\" class=\"wp-image-4578\" srcset=\"http:\/\/blogdoarmindomaia.com.br\/wp-content\/uploads\/2023\/03\/nova_sede-3-683x1024.jpeg 683w, http:\/\/blogdoarmindomaia.com.br\/wp-content\/uploads\/2023\/03\/nova_sede-3-200x300.jpeg 200w, http:\/\/blogdoarmindomaia.com.br\/wp-content\/uploads\/2023\/03\/nova_sede-3.jpeg 720w\" sizes=\"auto, (max-width: 683px) 100vw, 683px\" \/><\/figure>\n\n\n\n<figure class=\"wp-block-image size-large is-style-default\"><img loading=\"lazy\" decoding=\"async\" width=\"1024\" height=\"683\" src=\"http:\/\/blogdoarmindomaia.com.br\/wp-content\/uploads\/2023\/03\/nova_sede-6-1024x683.jpeg\" alt=\"\" class=\"wp-image-4579\" srcset=\"http:\/\/blogdoarmindomaia.com.br\/wp-content\/uploads\/2023\/03\/nova_sede-6-1024x683.jpeg 1024w, http:\/\/blogdoarmindomaia.com.br\/wp-content\/uploads\/2023\/03\/nova_sede-6-300x200.jpeg 300w, http:\/\/blogdoarmindomaia.com.br\/wp-content\/uploads\/2023\/03\/nova_sede-6-768x512.jpeg 768w, http:\/\/blogdoarmindomaia.com.br\/wp-content\/uploads\/2023\/03\/nova_sede-6.jpeg 1080w\" sizes=\"auto, (max-width: 1024px) 100vw, 1024px\" \/><\/figure>\n\n\n\n<p>A Academia Araxaense de Letras realizou na \u00faltima sexta-feira (3) a inaugura\u00e7\u00e3o de sua nova sede, no Centro Cultural do Uniarax\u00e1. A entidade ocupa uma sala anexa \u00e0 biblioteca Atanagildo C\u00f4rtes, no terceiro andar do complexo. \u201c\u00c9 motivo de orgulho e honra termos a Academia Araxaense de Letras dentro do nosso Centro Cultural. Vamos aqui engrandecer a cultura, a literatura e desenvolver grandes projetos neste sentido. Tenho certeza de que, uma vez instalada neste espa\u00e7o, a Academia ir\u00e1 proporcionar grandes momentos a toda comunidade\u201d, diz o reitor do Uniarax\u00e1, Prof. Me. Jos\u00e9 Oscar de Melo.<\/p>\n\n\n\n<p>Ap\u00f3s o corte da fita que, simbolicamente, marcou a abertura do espa\u00e7o \u00e0 comunidade, o presidente da Academia, Luiz Humberto Fran\u00e7a, conduziu os convidados a uma viagem pela hist\u00f3ria da entidade, que caminha para os seus 60 anos. Um dos pontos marcantes da solenidade foi o descerramento da galeria de fotos dos ex-presidentes. Familiares e representantes de todos os nomes que fizeram hist\u00f3ria na Casa das Letras estiveram presentes e se emocionaram com a homenagem. \u201cMeu pai, Geraldo Porf\u00edrio Botelho, foi o primeiro presidente da Academia Araxaense de Letras e eu me lembro muito bem do quanto ele gostava dessa entidade. Ele era muito ligado \u00e0s letras, tinha colunas no jornal Correio de Arax\u00e1 e chegou a publicar um livro. Ver a foto dele nesta galeria me traz muita felicidade em saber que a hist\u00f3ria, a mem\u00f3ria dele est\u00e1 eternizada aqui\u201d, comenta a jornalista Regina Porf\u00edrio Botelho.<\/p>\n\n\n\n<p>A inaugura\u00e7\u00e3o foi encerrada com um sarau, com a presen\u00e7a de acad\u00eamicos da AALetras e representantes da Academia Juvenil de Letras. \u201cNossa nova sede, neste espa\u00e7o de cultura, demonstra o quando a Academia quer estar cada vez mais perto das pessoas, da comunidade. Queremos estar em contato frequente com os estudantes, frequentadores da biblioteca e, inclusive, estamos estudando como nosso riqu\u00edssimo acervo poder\u00e1 ser acessado por todos. Nossos acad\u00eamicos, intelectuais, estar\u00e3o sempre presentes por aqui e ser\u00e1 uma honra receber a popula\u00e7\u00e3o de Arax\u00e1 em nossa sede e em nossos projetos\u201d, ressalta Luiz Humberto Fran\u00e7a, presidente da Academia Araxaense de Letras.<\/p>\n","protected":false},"excerpt":{"rendered":"<p>A Academia Araxaense de Letras realizou na \u00faltima sexta-feira (3) a inaugura\u00e7\u00e3o de sua nova sede, no Centro Cultural do<\/p>\n","protected":false},"author":2,"featured_media":4576,"comment_status":"open","ping_status":"open","sticky":false,"template":"","format":"standard","meta":{"footnotes":""},"categories":[9,5,11],"tags":[],"class_list":["post-4575","post","type-post","status-publish","format-standard","has-post-thumbnail","hentry","category-araxa","category-arte-e-cultura","category-destaques"],"_links":{"self":[{"href":"http:\/\/blogdoarmindomaia.com.br\/index.php?rest_route=\/wp\/v2\/posts\/4575","targetHints":{"allow":["GET"]}}],"collection":[{"href":"http:\/\/blogdoarmindomaia.com.br\/index.php?rest_route=\/wp\/v2\/posts"}],"about":[{"href":"http:\/\/blogdoarmindomaia.com.br\/index.php?rest_route=\/wp\/v2\/types\/post"}],"author":[{"embeddable":true,"href":"http:\/\/blogdoarmindomaia.com.br\/index.php?rest_route=\/wp\/v2\/users\/2"}],"replies":[{"embeddable":true,"href":"http:\/\/blogdoarmindomaia.com.br\/index.php?rest_route=%2Fwp%2Fv2%2Fcomments&post=4575"}],"version-history":[{"count":1,"href":"http:\/\/blogdoarmindomaia.com.br\/index.php?rest_route=\/wp\/v2\/posts\/4575\/revisions"}],"predecessor-version":[{"id":4580,"href":"http:\/\/blogdoarmindomaia.com.br\/index.php?rest_route=\/wp\/v2\/posts\/4575\/revisions\/4580"}],"wp:featuredmedia":[{"embeddable":true,"href":"http:\/\/blogdoarmindomaia.com.br\/index.php?rest_route=\/wp\/v2\/media\/4576"}],"wp:attachment":[{"href":"http:\/\/blogdoarmindomaia.com.br\/index.php?rest_route=%2Fwp%2Fv2%2Fmedia&parent=4575"}],"wp:term":[{"taxonomy":"category","embeddable":true,"href":"http:\/\/blogdoarmindomaia.com.br\/index.php?rest_route=%2Fwp%2Fv2%2Fcategories&post=4575"},{"taxonomy":"post_tag","embeddable":true,"href":"http:\/\/blogdoarmindomaia.com.br\/index.php?rest_route=%2Fwp%2Fv2%2Ftags&post=4575"}],"curies":[{"name":"wp","href":"https:\/\/api.w.org\/{rel}","templated":true}]}}