{"id":4581,"date":"2023-03-08T14:14:07","date_gmt":"2023-03-08T17:14:07","guid":{"rendered":"http:\/\/blogdoarmindomaia.com.br\/?p=4581"},"modified":"2023-03-08T14:14:09","modified_gmt":"2023-03-08T17:14:09","slug":"areas-verdes-de-araxa-sao-recuperadas","status":"publish","type":"post","link":"http:\/\/blogdoarmindomaia.com.br\/?p=4581","title":{"rendered":"<strong>\u00c1reas Verdes de Arax\u00e1 s\u00e3o recuperadas<\/strong>"},"content":{"rendered":"\n<figure class=\"wp-block-image size-full is-style-default\"><img loading=\"lazy\" decoding=\"async\" width=\"1024\" height=\"683\" src=\"http:\/\/blogdoarmindomaia.com.br\/wp-content\/uploads\/2023\/03\/Areas-Verdes-7.jpeg\" alt=\"\" class=\"wp-image-4582\" srcset=\"http:\/\/blogdoarmindomaia.com.br\/wp-content\/uploads\/2023\/03\/Areas-Verdes-7.jpeg 1024w, http:\/\/blogdoarmindomaia.com.br\/wp-content\/uploads\/2023\/03\/Areas-Verdes-7-300x200.jpeg 300w, http:\/\/blogdoarmindomaia.com.br\/wp-content\/uploads\/2023\/03\/Areas-Verdes-7-768x512.jpeg 768w\" sizes=\"auto, (max-width: 1024px) 100vw, 1024px\" \/><\/figure>\n\n\n\n<figure class=\"wp-block-image size-full is-style-default\"><img loading=\"lazy\" decoding=\"async\" width=\"1024\" height=\"683\" src=\"http:\/\/blogdoarmindomaia.com.br\/wp-content\/uploads\/2023\/03\/Areas-Verdes-5.jpeg\" alt=\"\" class=\"wp-image-4583\" srcset=\"http:\/\/blogdoarmindomaia.com.br\/wp-content\/uploads\/2023\/03\/Areas-Verdes-5.jpeg 1024w, http:\/\/blogdoarmindomaia.com.br\/wp-content\/uploads\/2023\/03\/Areas-Verdes-5-300x200.jpeg 300w, http:\/\/blogdoarmindomaia.com.br\/wp-content\/uploads\/2023\/03\/Areas-Verdes-5-768x512.jpeg 768w\" sizes=\"auto, (max-width: 1024px) 100vw, 1024px\" \/><\/figure>\n\n\n\n<p>Reduzir os efeitos da polui\u00e7\u00e3o, servir de abrigo e diminuir o n\u00famero de doen\u00e7as respirat\u00f3rias, principalmente em idosos e crian\u00e7as. Essas s\u00e3o apenas algumas das importantes fun\u00e7\u00f5es das \u00c1reas Verdes da cidade. Com isso, o Instituto de Planejamento e Desenvolvimento Sustent\u00e1vel de Arax\u00e1 (IPDSA) est\u00e1 realizando a recupera\u00e7\u00e3o de espa\u00e7os ambientais.<br>&nbsp;<br>A a\u00e7\u00e3o mais recente foi realizada em parceria com a CBMM, resultando no plantio de mais de 2.000 mudas de \u00e1rvores na \u00c1rea Verde do bairro Guilhermina Vieira Chaer e na \u00c1rea de Preserva\u00e7\u00e3o do bairro Jardim Primavera, onde era alvo para dep\u00f3sitos de lixo dom\u00e9stico e res\u00edduos da constru\u00e7\u00e3o civil.<br>&nbsp;<br>De acordo com o superintendente do IPDSA, Vin\u00edcius Martins, vale lembrar que os \u00f3rg\u00e3os p\u00fablicos s\u00e3o respons\u00e1veis por gerenciar e manter essas \u00e1reas, mas tamb\u00e9m \u00e9 dever da popula\u00e7\u00e3o contribuir com sua conserva\u00e7\u00e3o.<br>&nbsp;<br>\u201cSomente nos \u00faltimos quatro meses o IPDSA j\u00e1 realizou o plantio de mais de 2.000 \u00e1rvores. O primeiro plantio foi realizado no Jardim Dona Ad\u00e9lia 2, em parceria com a Secretaria de Educa\u00e7\u00e3o, Secretaria de Servi\u00e7os Urbanos e Casa do Pequeno Jardineiro. Atualmente, as mudas est\u00e3o sendo monitoradas, o combate a formigueiros est\u00e1 sendo realizado e logo teremos uma \u00e1rea totalmente arborizada. Com esse trabalho cont\u00ednuo, o IPDSA permanece cumprindo o seu papel de dar continuidade ao processo de planejamento e monitoramento das \u00e1reas ambientais de Arax\u00e1\u201d, destaca.<br><\/p>\n\n\n\n<p>&#8212;<\/p>\n\n\n\n<p>Att.<\/p>\n","protected":false},"excerpt":{"rendered":"<p>Reduzir os efeitos da polui\u00e7\u00e3o, servir de abrigo e diminuir o n\u00famero de doen\u00e7as respirat\u00f3rias, principalmente em idosos e crian\u00e7as.<\/p>\n","protected":false},"author":2,"featured_media":4582,"comment_status":"open","ping_status":"open","sticky":false,"template":"","format":"standard","meta":{"footnotes":""},"categories":[9,11],"tags":[],"class_list":["post-4581","post","type-post","status-publish","format-standard","has-post-thumbnail","hentry","category-araxa","category-destaques"],"_links":{"self":[{"href":"http:\/\/blogdoarmindomaia.com.br\/index.php?rest_route=\/wp\/v2\/posts\/4581","targetHints":{"allow":["GET"]}}],"collection":[{"href":"http:\/\/blogdoarmindomaia.com.br\/index.php?rest_route=\/wp\/v2\/posts"}],"about":[{"href":"http:\/\/blogdoarmindomaia.com.br\/index.php?rest_route=\/wp\/v2\/types\/post"}],"author":[{"embeddable":true,"href":"http:\/\/blogdoarmindomaia.com.br\/index.php?rest_route=\/wp\/v2\/users\/2"}],"replies":[{"embeddable":true,"href":"http:\/\/blogdoarmindomaia.com.br\/index.php?rest_route=%2Fwp%2Fv2%2Fcomments&post=4581"}],"version-history":[{"count":1,"href":"http:\/\/blogdoarmindomaia.com.br\/index.php?rest_route=\/wp\/v2\/posts\/4581\/revisions"}],"predecessor-version":[{"id":4584,"href":"http:\/\/blogdoarmindomaia.com.br\/index.php?rest_route=\/wp\/v2\/posts\/4581\/revisions\/4584"}],"wp:featuredmedia":[{"embeddable":true,"href":"http:\/\/blogdoarmindomaia.com.br\/index.php?rest_route=\/wp\/v2\/media\/4582"}],"wp:attachment":[{"href":"http:\/\/blogdoarmindomaia.com.br\/index.php?rest_route=%2Fwp%2Fv2%2Fmedia&parent=4581"}],"wp:term":[{"taxonomy":"category","embeddable":true,"href":"http:\/\/blogdoarmindomaia.com.br\/index.php?rest_route=%2Fwp%2Fv2%2Fcategories&post=4581"},{"taxonomy":"post_tag","embeddable":true,"href":"http:\/\/blogdoarmindomaia.com.br\/index.php?rest_route=%2Fwp%2Fv2%2Ftags&post=4581"}],"curies":[{"name":"wp","href":"https:\/\/api.w.org\/{rel}","templated":true}]}}