{"id":459,"date":"2022-04-22T21:32:53","date_gmt":"2022-04-23T00:32:53","guid":{"rendered":"http:\/\/blogdoarmindomaia.com.br\/?p=459"},"modified":"2022-04-22T21:32:55","modified_gmt":"2022-04-23T00:32:55","slug":"projeto-de-lei-complementar-do-deputado-federal-mario-heringer-podera-beneficiar-araxa","status":"publish","type":"post","link":"http:\/\/blogdoarmindomaia.com.br\/?p=459","title":{"rendered":"Projeto de Lei complementar do Deputado Federal M\u00e1rio Heringer poder\u00e1 beneficiar Arax\u00e1"},"content":{"rendered":"\n<figure class=\"wp-block-image size-large is-style-default\"><img loading=\"lazy\" decoding=\"async\" width=\"681\" height=\"1024\" src=\"http:\/\/blogdoarmindomaia.com.br\/wp-content\/uploads\/2022\/04\/Deputado-Federal-Mario-Heringer-PDT-de-Minas-Gerais-681x1024.jpg\" alt=\"\" class=\"wp-image-460\" srcset=\"http:\/\/blogdoarmindomaia.com.br\/wp-content\/uploads\/2022\/04\/Deputado-Federal-Mario-Heringer-PDT-de-Minas-Gerais-681x1024.jpg 681w, http:\/\/blogdoarmindomaia.com.br\/wp-content\/uploads\/2022\/04\/Deputado-Federal-Mario-Heringer-PDT-de-Minas-Gerais-199x300.jpg 199w, http:\/\/blogdoarmindomaia.com.br\/wp-content\/uploads\/2022\/04\/Deputado-Federal-Mario-Heringer-PDT-de-Minas-Gerais-768x1155.jpg 768w, http:\/\/blogdoarmindomaia.com.br\/wp-content\/uploads\/2022\/04\/Deputado-Federal-Mario-Heringer-PDT-de-Minas-Gerais.jpg 851w\" sizes=\"auto, (max-width: 681px) 100vw, 681px\" \/><\/figure>\n\n\n\n<p>Em tempos bicudos e de recursos\u00a0<strong>escassos, Arax\u00e1 poder\u00e1 ser beneficiada com um projeto de lei complementar de autoria do deputado federal do PDT de Minas Gerais, o m\u00e9dico M\u00e1rio Heringer. Se trata de uma proposta para incluir alguns poucos munic\u00edpios de Minas Gerais, ao programa SUDECO, entre eles a nossa Arax\u00e1, para receberem volumosos recursos do governo federal, via Minist\u00e9rio do Desenvolvimento. O programa SUDECO &#8211;\u00a0<\/strong>Superintend\u00eancia do Desenvolvimento do Centro-Oeste, que at\u00e9 ent\u00e3o atende apenas munic\u00edpios dos Estados de Mato Grosso, Mato Grosso do Sul, Goi\u00e1s, e o Distrito Federal, passaria com a aprova\u00e7\u00e3o desta lei complementar do deputado M\u00e1rio Heringer, a destinar recursos tamb\u00e9m para os munic\u00edpios de Arax\u00e1, Araguari, Ituiutaba, Capin\u00f3polis, Ipia\u00e7u, Can\u00e1polis, entre outros; num total de 85 cidades mineiras. O deputado Mario Henriger se baseou no projeto, defendendo que os munic\u00edpios citados na proposta fazem parte do bioma que forma boa parte do Centro-Oeste brasileiro. \u201cEles comungam, assim, n\u00e3o apenas de flora e fauna semelhantes, mas de um mesmo regime de chuvas e de um mesmo tipo de voca\u00e7\u00e3o agroindustrial, concentrada na produ\u00e7\u00e3o extensiva de gr\u00e3os, e com relev\u00e2ncia na pecu\u00e1ria bovina\u201d.\u00a0 O FCO como \u00e9 conhecido esse programa, ofertar\u00e1 m\u00faltiplos benef\u00edcios ao munic\u00edpio em variados setores, com foco e investimentos pesados no agroneg\u00f3cio, com desenvolvimento regional, gera\u00e7\u00e3o de emprego, renda e atra\u00e7\u00e3o de novos neg\u00f3cios, empresas e o aquecimento da economia desses munic\u00edpios. Uma grande mobiliza\u00e7\u00e3o dos prefeitos desses mais de 80 munic\u00edpios de Minas Gerais, que poder\u00e3o ser contemplados com a aprova\u00e7\u00e3o desse projeto que tramita em regime de urg\u00eancia na C\u00e2mara dos deputados, os prefeitos n\u00e3o ter\u00e3o de fazer nada. Apenas precisam divulgar o projeto e buscar apoios das classes pol\u00edtica, empresarial e da popula\u00e7\u00e3o em geral, articulando junto aos seus parlamentares federais, representativos em cada munic\u00edpio, o voto favor\u00e1vel ao projeto de lei. E n\u00f3s buscamos informa\u00e7\u00f5es, ontem; as cidades que j\u00e1 est\u00e3o dentro do PCO, recebem muito dinheiro federal para aplica\u00e7\u00e3o em setores diversos; pois a preserva\u00e7\u00e3o, conserva\u00e7\u00e3o e manuten\u00e7\u00e3o do bioma do centro oeste est\u00e3o em voga e s\u00e3o uma prioridade mundial.<\/p>\n","protected":false},"excerpt":{"rendered":"<p>Em tempos bicudos e de recursos\u00a0escassos, Arax\u00e1 poder\u00e1 ser beneficiada com um projeto de lei complementar de autoria do deputado<\/p>\n","protected":false},"author":2,"featured_media":460,"comment_status":"open","ping_status":"open","sticky":false,"template":"","format":"standard","meta":{"footnotes":""},"categories":[9,11],"tags":[],"class_list":["post-459","post","type-post","status-publish","format-standard","has-post-thumbnail","hentry","category-araxa","category-destaques"],"_links":{"self":[{"href":"http:\/\/blogdoarmindomaia.com.br\/index.php?rest_route=\/wp\/v2\/posts\/459","targetHints":{"allow":["GET"]}}],"collection":[{"href":"http:\/\/blogdoarmindomaia.com.br\/index.php?rest_route=\/wp\/v2\/posts"}],"about":[{"href":"http:\/\/blogdoarmindomaia.com.br\/index.php?rest_route=\/wp\/v2\/types\/post"}],"author":[{"embeddable":true,"href":"http:\/\/blogdoarmindomaia.com.br\/index.php?rest_route=\/wp\/v2\/users\/2"}],"replies":[{"embeddable":true,"href":"http:\/\/blogdoarmindomaia.com.br\/index.php?rest_route=%2Fwp%2Fv2%2Fcomments&post=459"}],"version-history":[{"count":1,"href":"http:\/\/blogdoarmindomaia.com.br\/index.php?rest_route=\/wp\/v2\/posts\/459\/revisions"}],"predecessor-version":[{"id":461,"href":"http:\/\/blogdoarmindomaia.com.br\/index.php?rest_route=\/wp\/v2\/posts\/459\/revisions\/461"}],"wp:featuredmedia":[{"embeddable":true,"href":"http:\/\/blogdoarmindomaia.com.br\/index.php?rest_route=\/wp\/v2\/media\/460"}],"wp:attachment":[{"href":"http:\/\/blogdoarmindomaia.com.br\/index.php?rest_route=%2Fwp%2Fv2%2Fmedia&parent=459"}],"wp:term":[{"taxonomy":"category","embeddable":true,"href":"http:\/\/blogdoarmindomaia.com.br\/index.php?rest_route=%2Fwp%2Fv2%2Fcategories&post=459"},{"taxonomy":"post_tag","embeddable":true,"href":"http:\/\/blogdoarmindomaia.com.br\/index.php?rest_route=%2Fwp%2Fv2%2Ftags&post=459"}],"curies":[{"name":"wp","href":"https:\/\/api.w.org\/{rel}","templated":true}]}}