{"id":4592,"date":"2023-03-08T14:23:10","date_gmt":"2023-03-08T17:23:10","guid":{"rendered":"http:\/\/blogdoarmindomaia.com.br\/?p=4592"},"modified":"2023-03-08T14:23:12","modified_gmt":"2023-03-08T17:23:12","slug":"dinamo-anuncia-robert-carlos-como-novo-tecnico-do-sub-17","status":"publish","type":"post","link":"http:\/\/blogdoarmindomaia.com.br\/?p=4592","title":{"rendered":"<strong>D\u00ednamo anuncia Robert Carlos como novo t\u00e9cnico do Sub-17<\/strong><br>"},"content":{"rendered":"\n<figure class=\"wp-block-image size-large is-style-default\"><img loading=\"lazy\" decoding=\"async\" width=\"1024\" height=\"682\" src=\"http:\/\/blogdoarmindomaia.com.br\/wp-content\/uploads\/2023\/03\/Robert-Carlos-Novo-treinador-\u00b4Dinamo-sub-17-3-1024x682.jpeg\" alt=\"\" class=\"wp-image-4593\" srcset=\"http:\/\/blogdoarmindomaia.com.br\/wp-content\/uploads\/2023\/03\/Robert-Carlos-Novo-treinador-\u00b4Dinamo-sub-17-3-1024x682.jpeg 1024w, http:\/\/blogdoarmindomaia.com.br\/wp-content\/uploads\/2023\/03\/Robert-Carlos-Novo-treinador-\u00b4Dinamo-sub-17-3-300x200.jpeg 300w, http:\/\/blogdoarmindomaia.com.br\/wp-content\/uploads\/2023\/03\/Robert-Carlos-Novo-treinador-\u00b4Dinamo-sub-17-3-768x512.jpeg 768w, http:\/\/blogdoarmindomaia.com.br\/wp-content\/uploads\/2023\/03\/Robert-Carlos-Novo-treinador-\u00b4Dinamo-sub-17-3-1536x1023.jpeg 1536w, http:\/\/blogdoarmindomaia.com.br\/wp-content\/uploads\/2023\/03\/Robert-Carlos-Novo-treinador-\u00b4Dinamo-sub-17-3.jpeg 1600w\" sizes=\"auto, (max-width: 1024px) 100vw, 1024px\" \/><\/figure>\n\n\n\n<p>A Associa\u00e7\u00e3o Esportiva D\u00ednamo Esporte Clube apresentou o novo treinador da categoria de base sub-17 para a temporada 2023. O comandante \u00e9 Robert Carlos, de 31 anos, natural de Belo Horizonte e bacharel em Educa\u00e7\u00e3o F\u00edsica. Ele possui licen\u00e7as A, B e C para forma\u00e7\u00e3o de treinadores, concedidas pela Confedera\u00e7\u00e3o Brasileira de Futebol &#8211; CBF Academy.<br><br>Robert trabalha no futebol h\u00e1 cinco anos e tem passagens como treinador e auxiliar t\u00e9cnico pelas equipes do Frigoarnaldo (Contagem), Minas Boca (Sete Lagoas) e Futgol (Contagem). O profissional chega para substituir Warley Leonildo (Pelezinho), que comandou a equipe em 2022.<br><br>O novo t\u00e9cnico est\u00e1 motivado e disposto a continuar ajudando a formar novos talentos em Arax\u00e1. Ele ir\u00e1 comandar a equipe no Campeonato Mineiro deste ano, que tem previs\u00e3o para come\u00e7ar no fim do primeiro semestre.<br><br>\u201cTemos um elenco muito bom, com excelentes pe\u00e7as \u00e0 disposi\u00e7\u00e3o. A expectativa \u00e9 muito boa e vamos caminhar passo a passo para fazer um bom Campeonato Mineiro e, principalmente, formar grandes atletas. Estou trabalhando com a equipe uma metodologia pr\u00f3pria que desenvolvi ao longo da minha carreira, com trabalhos de campo reduzido e t\u00e1tica coletiva\u201d, destaca.<br>&nbsp;<br><strong>Projeto D\u00ednamo Formando Atletas e Cidad\u00e3os<\/strong><br><br>O projeto \u201cD\u00ednamo Formando Atletas e Cidad\u00e3os\u201d \u00e9 desenvolvido com recursos da Lei de Incentivo ao Esporte, com patroc\u00ednio da CBMM para sua execu\u00e7\u00e3o.<br><br>Tem como objetivo principal detectar e desenvolver novos talentos. S\u00e3o 60 atletas de alto rendimento, com idade entre 14 a 17 anos, que s\u00e3o preparados para se tornarem cidad\u00e3os de bem e quem sabe seguir uma carreira no futebol.<br><br>Por meio desse projeto, o clube j\u00e1 revelou jogadores para grandes equipes do futebol nacional.<\/p>\n\n\n\n<p><\/p>\n","protected":false},"excerpt":{"rendered":"<p>A Associa\u00e7\u00e3o Esportiva D\u00ednamo Esporte Clube apresentou o novo treinador da categoria de base sub-17 para a temporada 2023. O<\/p>\n","protected":false},"author":2,"featured_media":4593,"comment_status":"open","ping_status":"open","sticky":false,"template":"","format":"standard","meta":{"footnotes":""},"categories":[9,15],"tags":[],"class_list":["post-4592","post","type-post","status-publish","format-standard","has-post-thumbnail","hentry","category-araxa","category-esportes"],"_links":{"self":[{"href":"http:\/\/blogdoarmindomaia.com.br\/index.php?rest_route=\/wp\/v2\/posts\/4592","targetHints":{"allow":["GET"]}}],"collection":[{"href":"http:\/\/blogdoarmindomaia.com.br\/index.php?rest_route=\/wp\/v2\/posts"}],"about":[{"href":"http:\/\/blogdoarmindomaia.com.br\/index.php?rest_route=\/wp\/v2\/types\/post"}],"author":[{"embeddable":true,"href":"http:\/\/blogdoarmindomaia.com.br\/index.php?rest_route=\/wp\/v2\/users\/2"}],"replies":[{"embeddable":true,"href":"http:\/\/blogdoarmindomaia.com.br\/index.php?rest_route=%2Fwp%2Fv2%2Fcomments&post=4592"}],"version-history":[{"count":1,"href":"http:\/\/blogdoarmindomaia.com.br\/index.php?rest_route=\/wp\/v2\/posts\/4592\/revisions"}],"predecessor-version":[{"id":4594,"href":"http:\/\/blogdoarmindomaia.com.br\/index.php?rest_route=\/wp\/v2\/posts\/4592\/revisions\/4594"}],"wp:featuredmedia":[{"embeddable":true,"href":"http:\/\/blogdoarmindomaia.com.br\/index.php?rest_route=\/wp\/v2\/media\/4593"}],"wp:attachment":[{"href":"http:\/\/blogdoarmindomaia.com.br\/index.php?rest_route=%2Fwp%2Fv2%2Fmedia&parent=4592"}],"wp:term":[{"taxonomy":"category","embeddable":true,"href":"http:\/\/blogdoarmindomaia.com.br\/index.php?rest_route=%2Fwp%2Fv2%2Fcategories&post=4592"},{"taxonomy":"post_tag","embeddable":true,"href":"http:\/\/blogdoarmindomaia.com.br\/index.php?rest_route=%2Fwp%2Fv2%2Ftags&post=4592"}],"curies":[{"name":"wp","href":"https:\/\/api.w.org\/{rel}","templated":true}]}}