{"id":4598,"date":"2023-03-09T14:19:18","date_gmt":"2023-03-09T17:19:18","guid":{"rendered":"http:\/\/blogdoarmindomaia.com.br\/?p=4598"},"modified":"2023-03-09T14:19:20","modified_gmt":"2023-03-09T17:19:20","slug":"tela-interativa-csd-investe-mais-uma-vez-em-tecnologia-educacional","status":"publish","type":"post","link":"http:\/\/blogdoarmindomaia.com.br\/?p=4598","title":{"rendered":"<strong>Tela interativa: CSD investe, mais uma vez, em tecnologia educacional<\/strong>"},"content":{"rendered":"\n<figure class=\"wp-block-image size-large is-style-default\"><img loading=\"lazy\" decoding=\"async\" width=\"1024\" height=\"683\" src=\"http:\/\/blogdoarmindomaia.com.br\/wp-content\/uploads\/2023\/03\/tela_interativa-2-1024x683.jpg\" alt=\"\" class=\"wp-image-4599\" srcset=\"http:\/\/blogdoarmindomaia.com.br\/wp-content\/uploads\/2023\/03\/tela_interativa-2-1024x683.jpg 1024w, http:\/\/blogdoarmindomaia.com.br\/wp-content\/uploads\/2023\/03\/tela_interativa-2-300x200.jpg 300w, http:\/\/blogdoarmindomaia.com.br\/wp-content\/uploads\/2023\/03\/tela_interativa-2-768x512.jpg 768w, http:\/\/blogdoarmindomaia.com.br\/wp-content\/uploads\/2023\/03\/tela_interativa-2-1536x1024.jpg 1536w, http:\/\/blogdoarmindomaia.com.br\/wp-content\/uploads\/2023\/03\/tela_interativa-2-2048x1365.jpg 2048w\" sizes=\"auto, (max-width: 1024px) 100vw, 1024px\" \/><\/figure>\n\n\n\n<p>Tela touch de 75\u201d polegadas, imagem em 4K, som embutido, Windows e Android integrados, utilizada por at\u00e9 10 usu\u00e1rios ao mesmo tempo. Essa \u00e9 a nova tecnologia, disponibilizada pelo Col\u00e9gio S\u00e3o Domingos aos alunos do Ensino Fundamental e M\u00e9dio, revolucionando o processo de ensino e aprendizagem.<\/p>\n\n\n\n<p>\u201cA alta qualidade da imagem e som produzidos, compat\u00edvel com a tecnologia utilizada pelos estudantes em seus equipamentos, estimula os alunos a ficarem mais atentos.\u201d, detalha Ricardo J\u00fanior Ferreira, respons\u00e1vel pelo setor de TI da escola.<\/p>\n\n\n\n<p>Toda a equipe de professores do CSD foi treinada para utilizar a tela. De forma geral, a adapta\u00e7\u00e3o \u00e9 r\u00e1pida. \u201cDentro do Windows, h\u00e1 recursos de reconhecimento de voz, audiodescri\u00e7\u00e3o para pessoas com defici\u00eancia visual e na tela podem ser instalados teclado e mouse. H\u00e1 recursos para que o usu\u00e1rio arraste o conte\u00fado, atendendo crian\u00e7as e pessoas com baixa estatura. Um mundo de possibilidades a ser explorado, desde recursos e softwares j\u00e1 instalados na tela, que permitem espelhamento de celulares por <em>wifi<\/em>, compartilhamento do conte\u00fado da aula na nuvem, grava\u00e7\u00e3o e transmiss\u00e3o da aula direto para o Youtube e outras plataformas, al\u00e9m de v\u00e1rias ferramentas, dentre elas, esquadro, compasso, reconhecimento de texto, manipula\u00e7\u00e3o de imagens. \u00c9 importante ressaltar que a tecnologia tornou o aprendizado mais din\u00e2mico, f\u00e1cil e agrad\u00e1vel para professores e alunos.\u201d, complementa Vagner Bona, Suporte T\u00e9cnico da Digital Way, empresa respons\u00e1vel pelo treinamento dos profissionais.<\/p>\n\n\n\n<p>Com essa ferramenta, professores e alunos podem explorar qualquer atividade de aula, desde um arquivo em PDF at\u00e9 uma atividade interativa como a simula\u00e7\u00e3o de rea\u00e7\u00f5es qu\u00edmicas ou o ciclo de vida de um animal em um ecossistema.<\/p>\n\n\n\n<p>\u201cTem sido algo transformador, pois possibilita a integra\u00e7\u00e3o dos conte\u00fados com o mundo virtual, com associa\u00e7\u00e3o de dados, compartilhamento de v\u00eddeos, imagens, gr\u00e1ficos, tudo de uma forma bem din\u00e2mica. As aulas tornaram-se mais atrativas, mais interessantes. Tudo que for desenvolvido em sala, pode ser salvo ao final das atividades e compartilhado com os alunos.\u201d, explica o professor de Biologia e Coordenador Pedag\u00f3gico do Ensino M\u00e9dio, Renato Fonseca Barcellos.<\/p>\n\n\n\n<p>\u201cAumentou a praticidade. D\u00e1 para enxergar melhor o conte\u00fado da tela mesmo com as luzes acesas, o que aumenta a concentra\u00e7\u00e3o dos alunos. O professor projeta imagens da internet, enquanto explica o conte\u00fado. Qualquer d\u00favida que o professor tenha em rela\u00e7\u00e3o \u00e0s nossas perguntas, as respostas j\u00e1 est\u00e3o em m\u00e3os.\u201d, elogia o estudante Bernardo Costa Rezende Pereira, aluno do Segundo Ano do Ensino M\u00e9dio.<\/p>\n","protected":false},"excerpt":{"rendered":"<p>Tela touch de 75\u201d polegadas, imagem em 4K, som embutido, Windows e Android integrados, utilizada por at\u00e9 10 usu\u00e1rios ao<\/p>\n","protected":false},"author":2,"featured_media":4599,"comment_status":"open","ping_status":"open","sticky":false,"template":"","format":"standard","meta":{"footnotes":""},"categories":[9,13],"tags":[],"class_list":["post-4598","post","type-post","status-publish","format-standard","has-post-thumbnail","hentry","category-araxa","category-educacao"],"_links":{"self":[{"href":"http:\/\/blogdoarmindomaia.com.br\/index.php?rest_route=\/wp\/v2\/posts\/4598","targetHints":{"allow":["GET"]}}],"collection":[{"href":"http:\/\/blogdoarmindomaia.com.br\/index.php?rest_route=\/wp\/v2\/posts"}],"about":[{"href":"http:\/\/blogdoarmindomaia.com.br\/index.php?rest_route=\/wp\/v2\/types\/post"}],"author":[{"embeddable":true,"href":"http:\/\/blogdoarmindomaia.com.br\/index.php?rest_route=\/wp\/v2\/users\/2"}],"replies":[{"embeddable":true,"href":"http:\/\/blogdoarmindomaia.com.br\/index.php?rest_route=%2Fwp%2Fv2%2Fcomments&post=4598"}],"version-history":[{"count":1,"href":"http:\/\/blogdoarmindomaia.com.br\/index.php?rest_route=\/wp\/v2\/posts\/4598\/revisions"}],"predecessor-version":[{"id":4600,"href":"http:\/\/blogdoarmindomaia.com.br\/index.php?rest_route=\/wp\/v2\/posts\/4598\/revisions\/4600"}],"wp:featuredmedia":[{"embeddable":true,"href":"http:\/\/blogdoarmindomaia.com.br\/index.php?rest_route=\/wp\/v2\/media\/4599"}],"wp:attachment":[{"href":"http:\/\/blogdoarmindomaia.com.br\/index.php?rest_route=%2Fwp%2Fv2%2Fmedia&parent=4598"}],"wp:term":[{"taxonomy":"category","embeddable":true,"href":"http:\/\/blogdoarmindomaia.com.br\/index.php?rest_route=%2Fwp%2Fv2%2Fcategories&post=4598"},{"taxonomy":"post_tag","embeddable":true,"href":"http:\/\/blogdoarmindomaia.com.br\/index.php?rest_route=%2Fwp%2Fv2%2Ftags&post=4598"}],"curies":[{"name":"wp","href":"https:\/\/api.w.org\/{rel}","templated":true}]}}