{"id":4604,"date":"2023-03-09T14:48:40","date_gmt":"2023-03-09T17:48:40","guid":{"rendered":"http:\/\/blogdoarmindomaia.com.br\/?p=4604"},"modified":"2023-03-09T14:48:42","modified_gmt":"2023-03-09T17:48:42","slug":"arthur-formado-na-base-do-dinamo-e-convocado-para-a-selecao-brasileira","status":"publish","type":"post","link":"http:\/\/blogdoarmindomaia.com.br\/?p=4604","title":{"rendered":"Arthur formado na base do D\u00ednamo \u00e9 convocado para a Sele\u00e7\u00e3o Brasileira"},"content":{"rendered":"\n<figure class=\"wp-block-image size-full is-style-default\"><img loading=\"lazy\" decoding=\"async\" width=\"683\" height=\"874\" src=\"http:\/\/blogdoarmindomaia.com.br\/wp-content\/uploads\/2023\/03\/Arthur-formado-na-base-do-Dinamo-e-convocado-para-a-Selecao-Brasileira-esportes.jpg\" alt=\"\" class=\"wp-image-4606\" srcset=\"http:\/\/blogdoarmindomaia.com.br\/wp-content\/uploads\/2023\/03\/Arthur-formado-na-base-do-Dinamo-e-convocado-para-a-Selecao-Brasileira-esportes.jpg 683w, http:\/\/blogdoarmindomaia.com.br\/wp-content\/uploads\/2023\/03\/Arthur-formado-na-base-do-Dinamo-e-convocado-para-a-Selecao-Brasileira-esportes-234x300.jpg 234w\" sizes=\"auto, (max-width: 683px) 100vw, 683px\" \/><\/figure>\n\n\n\n<figure class=\"wp-block-image size-full is-style-default\"><img loading=\"lazy\" decoding=\"async\" width=\"1024\" height=\"576\" src=\"http:\/\/blogdoarmindomaia.com.br\/wp-content\/uploads\/2023\/03\/7b971101-1a02-45cd-9c85-3ac5d29bd9cb.jpg\" alt=\"\" class=\"wp-image-4607\" srcset=\"http:\/\/blogdoarmindomaia.com.br\/wp-content\/uploads\/2023\/03\/7b971101-1a02-45cd-9c85-3ac5d29bd9cb.jpg 1024w, http:\/\/blogdoarmindomaia.com.br\/wp-content\/uploads\/2023\/03\/7b971101-1a02-45cd-9c85-3ac5d29bd9cb-300x169.jpg 300w, http:\/\/blogdoarmindomaia.com.br\/wp-content\/uploads\/2023\/03\/7b971101-1a02-45cd-9c85-3ac5d29bd9cb-768x432.jpg 768w\" sizes=\"auto, (max-width: 1024px) 100vw, 1024px\" \/><\/figure>\n\n\n\n<p>O lateral direito Arthur do Am\u00e9rica Mineiro de 19 anos foi convocado pelo t\u00e9cnico Ramon Menezes para a Sele\u00e7\u00e3o Brasileira de Futebol, que ir\u00e1 enfrentar o Marrocos no pr\u00f3ximo dia 25 de mar\u00e7o em partida amistosa.&nbsp; O lateral Arthur Augusto de Matos Soares, nasceu em Belo Horizonte. Ele chegou ao D\u00ednamo de Arax\u00e1 aos 14 anos, para jogar na equipe Sub-15 do Azul\u00e3o de Arax\u00e1. A passagem de Arthur no D\u00ednamo foi r\u00e1pida. Ele ficou no clube de base de Arax\u00e1 por apenas quatro meses, tempo suficiente para se destacar de forma positiva, quando disputou com a camisa azul, a Copa Parana\u00edba na cidade de S\u00e3o Gotardo. De acordo com o t\u00e9cnico de Arthur no D\u00ednamo, Ronaldo Alves, \u201c o Arthur chegou no D\u00ednamo em janeiro de 2018 para a prepara\u00e7\u00e3o para o Campeonato Mineiro sub-15, onde a gente disputou a Copa S\u00e3o Gotardo da categoria e ele se destacou aos 14 anos nessa competi\u00e7\u00e3o de S\u00e3o Gotardo e l\u00e1 tinham alguns observadores t\u00e9cnicos que j\u00e1 ficaram de olho nele. E na \u00e9poca o D\u00ednamo tinha uma parceria com o Am\u00e9rica de Belo Horizonte, o clube deu a prefer\u00eancia para o Am\u00e9rica Mineiro. E ap\u00f3s alguns jogos do Campeonato Mineiro, os observadores constataram que o Arthur tinha um futebol diferenciado e a gente fez a libera\u00e7\u00e3o e o contrato com ele para ele ir para a base do Am\u00e9rica\u201d. Ronaldo Alves tamb\u00e9m revela que, \u201c pra gente que treinou o atleta quando ele tinha 14 anos, \u00e9 uma alegria muito grande ver ele na Sele\u00e7\u00e3o principal e para todos os funcion\u00e1rios do D\u00ednamo que conviveram com ele aqui \u00e9 motivo de muito orgulho e ele hoje \u00e9 exemplo para os novos atletas&nbsp; que fazem parte do projeto D\u00ednamo.\u201d S\u00f3 lembrando que Arthur foi campe\u00e3o sulamericano Sub-20 pela Sele\u00e7\u00e3o Brasileira no m\u00eas passado e que&nbsp; &nbsp;v\u00e1rios clubes grandes do futebol europeu est\u00e3o interessados em contratar Arthur, entre eles o Barcelona da Espanha. Em caso de negocia\u00e7\u00e3o para o exterior,&nbsp; o D\u00ednamo como time formador do atleta ter\u00e1 direito a cerca de 20 por cento do valor da negocia\u00e7\u00e3o. &nbsp;&nbsp;&nbsp;&nbsp;&nbsp;&nbsp;&nbsp;&nbsp;&nbsp;&nbsp;&nbsp;&nbsp;&nbsp;&nbsp;&nbsp;&nbsp;<\/p>\n\n\n\n<p>,<\/p>\n","protected":false},"excerpt":{"rendered":"<p>O lateral direito Arthur do Am\u00e9rica Mineiro de 19 anos foi convocado pelo t\u00e9cnico Ramon Menezes para a Sele\u00e7\u00e3o Brasileira<\/p>\n","protected":false},"author":2,"featured_media":4606,"comment_status":"open","ping_status":"open","sticky":false,"template":"","format":"standard","meta":{"footnotes":""},"categories":[9,11,15],"tags":[],"class_list":["post-4604","post","type-post","status-publish","format-standard","has-post-thumbnail","hentry","category-araxa","category-destaques","category-esportes"],"_links":{"self":[{"href":"http:\/\/blogdoarmindomaia.com.br\/index.php?rest_route=\/wp\/v2\/posts\/4604","targetHints":{"allow":["GET"]}}],"collection":[{"href":"http:\/\/blogdoarmindomaia.com.br\/index.php?rest_route=\/wp\/v2\/posts"}],"about":[{"href":"http:\/\/blogdoarmindomaia.com.br\/index.php?rest_route=\/wp\/v2\/types\/post"}],"author":[{"embeddable":true,"href":"http:\/\/blogdoarmindomaia.com.br\/index.php?rest_route=\/wp\/v2\/users\/2"}],"replies":[{"embeddable":true,"href":"http:\/\/blogdoarmindomaia.com.br\/index.php?rest_route=%2Fwp%2Fv2%2Fcomments&post=4604"}],"version-history":[{"count":1,"href":"http:\/\/blogdoarmindomaia.com.br\/index.php?rest_route=\/wp\/v2\/posts\/4604\/revisions"}],"predecessor-version":[{"id":4608,"href":"http:\/\/blogdoarmindomaia.com.br\/index.php?rest_route=\/wp\/v2\/posts\/4604\/revisions\/4608"}],"wp:featuredmedia":[{"embeddable":true,"href":"http:\/\/blogdoarmindomaia.com.br\/index.php?rest_route=\/wp\/v2\/media\/4606"}],"wp:attachment":[{"href":"http:\/\/blogdoarmindomaia.com.br\/index.php?rest_route=%2Fwp%2Fv2%2Fmedia&parent=4604"}],"wp:term":[{"taxonomy":"category","embeddable":true,"href":"http:\/\/blogdoarmindomaia.com.br\/index.php?rest_route=%2Fwp%2Fv2%2Fcategories&post=4604"},{"taxonomy":"post_tag","embeddable":true,"href":"http:\/\/blogdoarmindomaia.com.br\/index.php?rest_route=%2Fwp%2Fv2%2Ftags&post=4604"}],"curies":[{"name":"wp","href":"https:\/\/api.w.org\/{rel}","templated":true}]}}