{"id":4609,"date":"2023-03-09T14:55:10","date_gmt":"2023-03-09T17:55:10","guid":{"rendered":"http:\/\/blogdoarmindomaia.com.br\/?p=4609"},"modified":"2023-03-09T14:55:12","modified_gmt":"2023-03-09T17:55:12","slug":"davi-abdanur-um-araxaense-revelacao-nacional-no-beach-tenis","status":"publish","type":"post","link":"http:\/\/blogdoarmindomaia.com.br\/?p=4609","title":{"rendered":"Davi Abdanur: Um araxaense revela\u00e7\u00e3o nacional no Beach T\u00eanis"},"content":{"rendered":"\n<figure class=\"wp-block-image size-full is-style-default\"><img loading=\"lazy\" decoding=\"async\" width=\"718\" height=\"897\" src=\"http:\/\/blogdoarmindomaia.com.br\/wp-content\/uploads\/2023\/03\/b4c496cf-68ce-45b6-9951-5ab218987ab6.jpg\" alt=\"\" class=\"wp-image-4610\" srcset=\"http:\/\/blogdoarmindomaia.com.br\/wp-content\/uploads\/2023\/03\/b4c496cf-68ce-45b6-9951-5ab218987ab6.jpg 718w, http:\/\/blogdoarmindomaia.com.br\/wp-content\/uploads\/2023\/03\/b4c496cf-68ce-45b6-9951-5ab218987ab6-240x300.jpg 240w\" sizes=\"auto, (max-width: 718px) 100vw, 718px\" \/><\/figure>\n\n\n\n<figure class=\"wp-block-image size-full is-style-default\"><img loading=\"lazy\" decoding=\"async\" width=\"718\" height=\"310\" src=\"http:\/\/blogdoarmindomaia.com.br\/wp-content\/uploads\/2023\/03\/4056f002-3729-4f27-9eb0-aedd5879cecf.jpg\" alt=\"\" class=\"wp-image-4611\" srcset=\"http:\/\/blogdoarmindomaia.com.br\/wp-content\/uploads\/2023\/03\/4056f002-3729-4f27-9eb0-aedd5879cecf.jpg 718w, http:\/\/blogdoarmindomaia.com.br\/wp-content\/uploads\/2023\/03\/4056f002-3729-4f27-9eb0-aedd5879cecf-300x130.jpg 300w\" sizes=\"auto, (max-width: 718px) 100vw, 718px\" \/><\/figure>\n\n\n\n<figure class=\"wp-block-image size-full is-style-default\"><img loading=\"lazy\" decoding=\"async\" width=\"707\" height=\"721\" src=\"http:\/\/blogdoarmindomaia.com.br\/wp-content\/uploads\/2023\/03\/718b4763-7c26-445f-a9c0-acf643a16ff3.jpg\" alt=\"\" class=\"wp-image-4612\" srcset=\"http:\/\/blogdoarmindomaia.com.br\/wp-content\/uploads\/2023\/03\/718b4763-7c26-445f-a9c0-acf643a16ff3.jpg 707w, http:\/\/blogdoarmindomaia.com.br\/wp-content\/uploads\/2023\/03\/718b4763-7c26-445f-a9c0-acf643a16ff3-294x300.jpg 294w\" sizes=\"auto, (max-width: 707px) 100vw, 707px\" \/><\/figure>\n\n\n\n<p>Davi Abdanur&nbsp; tem 17 anos e nasceu em Arax\u00e1 MG. &nbsp;O atleta migrou-se do t\u00eanis para o Beach T\u00eanis aos 15 anos de idade. No t\u00eanis, seu hist\u00f3rico de sucesso na carreira juvenil obteve \u00f3timos resultados. Davi nesta fase j\u00e1 se consagrava como uma revela\u00e7\u00e3o no t\u00eanis. Dos 7 aos 14 anos Davi foi camp\u00e3o Mineiro e Campe\u00e3o da Liga Triangulina por 3 anos consecutivos. &nbsp;Nasser Abdanur, pai de Davi e um dos maiores incentivadores do filho conta que, \u201cele chegou a ser o primeiro do ranking mineiro aos 13 anos pela FMT. Chegou \u00e1s oitavas de final em torneio pela CBT no Rio de Janeiro e foi vice campe\u00e3o brasileiro sub 14 em duplas. Mas seu maior resultado foi como Vice Campe\u00e3o brasileiro de primeira classe em Curitiba aos 14 anos que no detalhe teve a bola do jogo pra se consagrar campe\u00e3o brasileiro na etapa, &nbsp;mas acabou desperdi\u00e7ando\u201d, conta seu pai Nasser Abdanur.<\/p>\n\n\n\n<p>Davi teve v\u00e1rios incentivos, um deles foi ganhando uma bolsa para cl\u00ednica intensiva em Cambori\u00fa SC com Larri Passos, t\u00e9cnico de Gustavo Kuerten ( Guga) que foi ex N1 do mundo. Larri disse; &nbsp;\u201cMais um talento surgindo e com golpes de direita diferenciados. Um garoto muito alegre e com enorme energia, focado e incans\u00e1vel nos treinos\u201d.<\/p>\n\n\n\n<p>.Chegando a pandemia, como a dificuldade e cancelamento de torneios Davi preferiu encerrar a carreira de tenista e logo transferiu seu esporte ao Beach T\u00eanis com a inten\u00e7\u00e3o de se tornar forte e se profissionalizar.<\/p>\n\n\n\n<p>Era de se esperar e o sucesso no Beach T\u00eanis veio muito r\u00e1pido. Davi foi reconhecido pelo N1 do Brasil e uns dos melhores do mundo, Andr\u00e9 Baran onde eles treinam juntos em Uberl\u00e2ndia e que para um garoto de 17 anos, \u00e9 um privil\u00e9gio enorme. Persistindo no crescimento e com o apoio da Park Education Arax\u00e1, Davi come\u00e7ou a rodar o Brasil e ter vit\u00f3rias importantes.<\/p>\n\n\n\n<p>Seus primeiros torneios com resultados em 2022, Davi foi campe\u00e3o de todas as etapas de torneios da federa\u00e7\u00e3o Mineira FMT 1000, terminando o ano em 1 do ranking mineiro sub 18, isso ainda com 16 anos de idade.<\/p>\n\n\n\n<p>Ap\u00f3s ficar em 3 lugar na International Tennis Federation. ITF j\u00fanior sub 18 em Valinhos SP, Davi come\u00e7ou a pensar mais alto e ent\u00e3o participar de torneios PRO ( profissional). Logo veio resultados surpreendentes em v\u00e1rios torneios de 2022 a 2023 como:<\/p>\n\n\n\n<p>Vice campe\u00e3o FMT&#8230;&#8230;&#8230;&#8230;. Juiz de Fora MG<\/p>\n\n\n\n<p>Campe\u00e3o PRO ( 3 vezes)&#8230;&#8230; Goinaia GO<\/p>\n\n\n\n<p>Quartas de final&#8230;&#8230;&#8230;&#8230;&#8230;&#8230; ITF ( international) em Bras\u00edlia DF<\/p>\n\n\n\n<p>Campe\u00e3o PRO&#8230;&#8230;&#8230;&#8230;&#8230;&#8230;&#8230; Uberl\u00e2ndia MG<\/p>\n\n\n\n<p>Campe\u00e3o PRO&#8230;&#8230;&#8230;&#8230;&#8230;&#8230;&#8230; Catal\u00e3o GO<\/p>\n\n\n\n<p>Campe\u00e3o PRO&#8230;&#8230;&#8230;&#8230;&#8230;&#8230;&#8230; An\u00e1polis GO<\/p>\n\n\n\n<p>E Campe\u00e3o tamb\u00e9m em v\u00e1rios outros torneios como Patos de Minas, Perdizes, Patroc\u00ednio, Arax\u00e1 etc..<\/p>\n\n\n\n<p>Davi este ano tem como objetivo seguir todos os torneios de ITF e PRO e buscar como meta ficar entre os 200 do ranking mundial, Uma miss\u00e3o que exige muito treino e dedica\u00e7\u00e3o e principalmente apoio financeiro, onde&nbsp; vem procurando patrocinador pra seguir a carreira .<\/p>\n\n\n\n<p>Seu pai, Nasser, conta e lembra que, \u201cDavi no come\u00e7o da carreira de t\u00eanis ele era muito humilde pra jogar, n\u00e3o tinha roupa e nem t\u00eanis pr\u00f3prio ao esporte que praticava, ele jogava com camiseta da sele\u00e7\u00e3o brasileira e o pior era t\u00eanis velho de futebol, &nbsp;mas para ele era tudo divertido, n\u00e3o tinha vergonha de jogar. Viajava pra torneios e jogava com aquela roupa que se sentia bem, muito engra\u00e7ado, simplesmente assim&#8230; Um garoto muito extrovertido, humilde e com muita vontade de vencer\u201d.<\/p>\n","protected":false},"excerpt":{"rendered":"<p>Davi Abdanur&nbsp; tem 17 anos e nasceu em Arax\u00e1 MG. &nbsp;O atleta migrou-se do t\u00eanis para o Beach T\u00eanis aos<\/p>\n","protected":false},"author":2,"featured_media":4610,"comment_status":"open","ping_status":"open","sticky":false,"template":"","format":"standard","meta":{"footnotes":""},"categories":[9,11],"tags":[],"class_list":["post-4609","post","type-post","status-publish","format-standard","has-post-thumbnail","hentry","category-araxa","category-destaques"],"_links":{"self":[{"href":"http:\/\/blogdoarmindomaia.com.br\/index.php?rest_route=\/wp\/v2\/posts\/4609","targetHints":{"allow":["GET"]}}],"collection":[{"href":"http:\/\/blogdoarmindomaia.com.br\/index.php?rest_route=\/wp\/v2\/posts"}],"about":[{"href":"http:\/\/blogdoarmindomaia.com.br\/index.php?rest_route=\/wp\/v2\/types\/post"}],"author":[{"embeddable":true,"href":"http:\/\/blogdoarmindomaia.com.br\/index.php?rest_route=\/wp\/v2\/users\/2"}],"replies":[{"embeddable":true,"href":"http:\/\/blogdoarmindomaia.com.br\/index.php?rest_route=%2Fwp%2Fv2%2Fcomments&post=4609"}],"version-history":[{"count":1,"href":"http:\/\/blogdoarmindomaia.com.br\/index.php?rest_route=\/wp\/v2\/posts\/4609\/revisions"}],"predecessor-version":[{"id":4613,"href":"http:\/\/blogdoarmindomaia.com.br\/index.php?rest_route=\/wp\/v2\/posts\/4609\/revisions\/4613"}],"wp:featuredmedia":[{"embeddable":true,"href":"http:\/\/blogdoarmindomaia.com.br\/index.php?rest_route=\/wp\/v2\/media\/4610"}],"wp:attachment":[{"href":"http:\/\/blogdoarmindomaia.com.br\/index.php?rest_route=%2Fwp%2Fv2%2Fmedia&parent=4609"}],"wp:term":[{"taxonomy":"category","embeddable":true,"href":"http:\/\/blogdoarmindomaia.com.br\/index.php?rest_route=%2Fwp%2Fv2%2Fcategories&post=4609"},{"taxonomy":"post_tag","embeddable":true,"href":"http:\/\/blogdoarmindomaia.com.br\/index.php?rest_route=%2Fwp%2Fv2%2Ftags&post=4609"}],"curies":[{"name":"wp","href":"https:\/\/api.w.org\/{rel}","templated":true}]}}