{"id":4616,"date":"2023-03-09T15:47:57","date_gmt":"2023-03-09T18:47:57","guid":{"rendered":"http:\/\/blogdoarmindomaia.com.br\/?p=4616"},"modified":"2023-03-09T15:47:59","modified_gmt":"2023-03-09T18:47:59","slug":"secretaria-de-seguranca-promove-campanha-porta-de-escolas","status":"publish","type":"post","link":"http:\/\/blogdoarmindomaia.com.br\/?p=4616","title":{"rendered":"Secretaria de Seguran\u00e7a promove campanha Porta de Escolas"},"content":{"rendered":"\n<figure class=\"wp-block-image size-large is-style-default\"><img loading=\"lazy\" decoding=\"async\" width=\"1024\" height=\"577\" src=\"http:\/\/blogdoarmindomaia.com.br\/wp-content\/uploads\/2023\/03\/Secretaria-de-Seguranca-promove-campanha-Porta-de-Escolas-pag-04-1024x577.jpeg\" alt=\"\" class=\"wp-image-4617\" srcset=\"http:\/\/blogdoarmindomaia.com.br\/wp-content\/uploads\/2023\/03\/Secretaria-de-Seguranca-promove-campanha-Porta-de-Escolas-pag-04-1024x577.jpeg 1024w, http:\/\/blogdoarmindomaia.com.br\/wp-content\/uploads\/2023\/03\/Secretaria-de-Seguranca-promove-campanha-Porta-de-Escolas-pag-04-300x169.jpeg 300w, http:\/\/blogdoarmindomaia.com.br\/wp-content\/uploads\/2023\/03\/Secretaria-de-Seguranca-promove-campanha-Porta-de-Escolas-pag-04-768x432.jpeg 768w, http:\/\/blogdoarmindomaia.com.br\/wp-content\/uploads\/2023\/03\/Secretaria-de-Seguranca-promove-campanha-Porta-de-Escolas-pag-04.jpeg 1156w\" sizes=\"auto, (max-width: 1024px) 100vw, 1024px\" \/><\/figure>\n\n\n\n<p><\/p>\n\n\n\n<p><\/p>\n\n\n\n<p>Tr\u00e2nsito seguro \u00e9 tr\u00e2nsito consciente! Trabalhar a educa\u00e7\u00e3o no tr\u00e2nsito com todas as faixas et\u00e1rias \u00e9 uma das a\u00e7\u00f5es da Prefeitura de Arax\u00e1 por meio de parcerias e a\u00e7\u00f5es promovidas em diversos pontos da cidade. Nesta semana, a Secretaria Municipal de Seguran\u00e7a P\u00fablica est\u00e1 realizando a campanha Porta de Escolas, com a\u00e7\u00f5es em diversas unidades de educa\u00e7\u00e3o.<br><br>O trabalho envolve agentes de tr\u00e2nsito, guardas patrimoniais e policiais militares. S\u00e3o blitze educativas com orienta\u00e7\u00f5es aos motoristas e pedestres, com a distribui\u00e7\u00e3o de material informativo sobre diversas a\u00e7\u00f5es respons\u00e1veis no tr\u00e2nsito como uso da faixa de pedestres, uso do cinto de seguran\u00e7a, respeito ao estacionamento priorit\u00e1rio, entre outros.<br><br>A diretora da Escola Municipal Padre Jo\u00e3o Botelho, Cacilda de F\u00e1tima Cearence, destaca que a a\u00e7\u00e3o vem de encontro com a necessidade da comunidade escolar, tendo em vista que a unidade atende 500 alunos. \u201cNos hor\u00e1rios de entrada e sa\u00edda, o fluxo de autom\u00f3veis e pedestres aumenta consideravelmente, sendo necess\u00e1rias a\u00e7\u00f5es que garantam a seguran\u00e7a de todos. Acreditamos que com a colabora\u00e7\u00e3o de cada um faremos o tr\u00e2nsito na porta das escolas mais seguro para as crian\u00e7as e toda a comunidade\u201d, destaca.<br><br>O secret\u00e1rio municipal de Seguran\u00e7a P\u00fablica, Daniel Rosa, destaca que a educa\u00e7\u00e3o no tr\u00e2nsito tem que ser constante, envolvendo todos os usu\u00e1rios da via. \u201cA Administra\u00e7\u00e3o Municipal est\u00e1 atenta \u00e0 necessidade de sinaliza\u00e7\u00e3o e ilumina\u00e7\u00e3o para melhorar a seguran\u00e7a da cidade. A maioria dos acidentes ocorre por imprud\u00eancia de motoristas e pedestres. O trabalho de conscientiza\u00e7\u00e3o fica mais efetivo, \u00e9 completo quando podemos contar com o cidad\u00e3o fazendo a sua parte, principalmente respeitando as leis de tr\u00e2nsito\u201d, diz.<\/p>\n","protected":false},"excerpt":{"rendered":"<p>Tr\u00e2nsito seguro \u00e9 tr\u00e2nsito consciente! Trabalhar a educa\u00e7\u00e3o no tr\u00e2nsito com todas as faixas et\u00e1rias \u00e9 uma das a\u00e7\u00f5es da<\/p>\n","protected":false},"author":2,"featured_media":4617,"comment_status":"open","ping_status":"open","sticky":false,"template":"","format":"standard","meta":{"footnotes":""},"categories":[9,11],"tags":[],"class_list":["post-4616","post","type-post","status-publish","format-standard","has-post-thumbnail","hentry","category-araxa","category-destaques"],"_links":{"self":[{"href":"http:\/\/blogdoarmindomaia.com.br\/index.php?rest_route=\/wp\/v2\/posts\/4616","targetHints":{"allow":["GET"]}}],"collection":[{"href":"http:\/\/blogdoarmindomaia.com.br\/index.php?rest_route=\/wp\/v2\/posts"}],"about":[{"href":"http:\/\/blogdoarmindomaia.com.br\/index.php?rest_route=\/wp\/v2\/types\/post"}],"author":[{"embeddable":true,"href":"http:\/\/blogdoarmindomaia.com.br\/index.php?rest_route=\/wp\/v2\/users\/2"}],"replies":[{"embeddable":true,"href":"http:\/\/blogdoarmindomaia.com.br\/index.php?rest_route=%2Fwp%2Fv2%2Fcomments&post=4616"}],"version-history":[{"count":1,"href":"http:\/\/blogdoarmindomaia.com.br\/index.php?rest_route=\/wp\/v2\/posts\/4616\/revisions"}],"predecessor-version":[{"id":4618,"href":"http:\/\/blogdoarmindomaia.com.br\/index.php?rest_route=\/wp\/v2\/posts\/4616\/revisions\/4618"}],"wp:featuredmedia":[{"embeddable":true,"href":"http:\/\/blogdoarmindomaia.com.br\/index.php?rest_route=\/wp\/v2\/media\/4617"}],"wp:attachment":[{"href":"http:\/\/blogdoarmindomaia.com.br\/index.php?rest_route=%2Fwp%2Fv2%2Fmedia&parent=4616"}],"wp:term":[{"taxonomy":"category","embeddable":true,"href":"http:\/\/blogdoarmindomaia.com.br\/index.php?rest_route=%2Fwp%2Fv2%2Fcategories&post=4616"},{"taxonomy":"post_tag","embeddable":true,"href":"http:\/\/blogdoarmindomaia.com.br\/index.php?rest_route=%2Fwp%2Fv2%2Ftags&post=4616"}],"curies":[{"name":"wp","href":"https:\/\/api.w.org\/{rel}","templated":true}]}}