{"id":462,"date":"2022-04-22T21:58:47","date_gmt":"2022-04-23T00:58:47","guid":{"rendered":"http:\/\/blogdoarmindomaia.com.br\/?p=462"},"modified":"2022-04-22T21:58:50","modified_gmt":"2022-04-23T00:58:50","slug":"a-fe-e-a-coragem-da-martir-filomena-guiam-o-30o-encontro-de-folias-de-reis-de-araxa","status":"publish","type":"post","link":"http:\/\/blogdoarmindomaia.com.br\/?p=462","title":{"rendered":"A f\u00e9 e a coragem da M\u00e1rtir Filomena, guiam o 30\u00ba Encontro de Folias de Reis de Arax\u00e1"},"content":{"rendered":"\n<figure class=\"wp-block-image size-full is-style-default\"><img loading=\"lazy\" decoding=\"async\" width=\"768\" height=\"1024\" src=\"http:\/\/blogdoarmindomaia.com.br\/wp-content\/uploads\/2022\/04\/Filo-05.jpg\" alt=\"\" class=\"wp-image-469\" srcset=\"http:\/\/blogdoarmindomaia.com.br\/wp-content\/uploads\/2022\/04\/Filo-05.jpg 768w, http:\/\/blogdoarmindomaia.com.br\/wp-content\/uploads\/2022\/04\/Filo-05-225x300.jpg 225w\" sizes=\"auto, (max-width: 768px) 100vw, 768px\" \/><\/figure>\n\n\n\n<figure class=\"wp-block-image size-large is-style-default\"><img loading=\"lazy\" decoding=\"async\" width=\"768\" height=\"1024\" src=\"http:\/\/blogdoarmindomaia.com.br\/wp-content\/uploads\/2022\/04\/Filo-01-768x1024.jpg\" alt=\"\" class=\"wp-image-468\" srcset=\"http:\/\/blogdoarmindomaia.com.br\/wp-content\/uploads\/2022\/04\/Filo-01-768x1024.jpg 768w, http:\/\/blogdoarmindomaia.com.br\/wp-content\/uploads\/2022\/04\/Filo-01-225x300.jpg 225w, http:\/\/blogdoarmindomaia.com.br\/wp-content\/uploads\/2022\/04\/Filo-01-1152x1536.jpg 1152w, http:\/\/blogdoarmindomaia.com.br\/wp-content\/uploads\/2022\/04\/Filo-01.jpg 1200w\" sizes=\"auto, (max-width: 768px) 100vw, 768px\" \/><\/figure>\n\n\n\n<figure class=\"wp-block-image size-full is-style-default\"><img loading=\"lazy\" decoding=\"async\" width=\"768\" height=\"1024\" src=\"http:\/\/blogdoarmindomaia.com.br\/wp-content\/uploads\/2022\/04\/Filo-02.jpg\" alt=\"\" class=\"wp-image-467\" srcset=\"http:\/\/blogdoarmindomaia.com.br\/wp-content\/uploads\/2022\/04\/Filo-02.jpg 768w, http:\/\/blogdoarmindomaia.com.br\/wp-content\/uploads\/2022\/04\/Filo-02-225x300.jpg 225w\" sizes=\"auto, (max-width: 768px) 100vw, 768px\" \/><\/figure>\n\n\n\n<figure class=\"wp-block-image size-full is-style-default\"><img loading=\"lazy\" decoding=\"async\" width=\"768\" height=\"1024\" src=\"http:\/\/blogdoarmindomaia.com.br\/wp-content\/uploads\/2022\/04\/Filo-04.jpg\" alt=\"\" class=\"wp-image-466\" srcset=\"http:\/\/blogdoarmindomaia.com.br\/wp-content\/uploads\/2022\/04\/Filo-04.jpg 768w, http:\/\/blogdoarmindomaia.com.br\/wp-content\/uploads\/2022\/04\/Filo-04-225x300.jpg 225w\" sizes=\"auto, (max-width: 768px) 100vw, 768px\" \/><\/figure>\n\n\n\n<figure class=\"wp-block-image size-full is-style-default\"><img loading=\"lazy\" decoding=\"async\" width=\"720\" height=\"720\" src=\"http:\/\/blogdoarmindomaia.com.br\/wp-content\/uploads\/2022\/04\/fikomena-20222222.jpeg\" alt=\"\" class=\"wp-image-465\" srcset=\"http:\/\/blogdoarmindomaia.com.br\/wp-content\/uploads\/2022\/04\/fikomena-20222222.jpeg 720w, http:\/\/blogdoarmindomaia.com.br\/wp-content\/uploads\/2022\/04\/fikomena-20222222-300x300.jpeg 300w, http:\/\/blogdoarmindomaia.com.br\/wp-content\/uploads\/2022\/04\/fikomena-20222222-150x150.jpeg 150w\" sizes=\"auto, (max-width: 720px) 100vw, 720px\" \/><\/figure>\n\n\n\n<figure class=\"wp-block-image size-full is-style-default\"><img loading=\"lazy\" decoding=\"async\" width=\"1000\" height=\"667\" src=\"http:\/\/blogdoarmindomaia.com.br\/wp-content\/uploads\/2022\/04\/filomena-festa-20222.jpeg\" alt=\"\" class=\"wp-image-464\" srcset=\"http:\/\/blogdoarmindomaia.com.br\/wp-content\/uploads\/2022\/04\/filomena-festa-20222.jpeg 1000w, http:\/\/blogdoarmindomaia.com.br\/wp-content\/uploads\/2022\/04\/filomena-festa-20222-300x200.jpeg 300w, http:\/\/blogdoarmindomaia.com.br\/wp-content\/uploads\/2022\/04\/filomena-festa-20222-768x512.jpeg 768w\" sizes=\"auto, (max-width: 1000px) 100vw, 1000px\" \/><\/figure>\n\n\n\n<figure class=\"wp-block-image size-full is-style-default\"><img loading=\"lazy\" decoding=\"async\" width=\"1000\" height=\"667\" src=\"http:\/\/blogdoarmindomaia.com.br\/wp-content\/uploads\/2022\/04\/Festa-Filo-08.jpg\" alt=\"\" class=\"wp-image-463\" srcset=\"http:\/\/blogdoarmindomaia.com.br\/wp-content\/uploads\/2022\/04\/Festa-Filo-08.jpg 1000w, http:\/\/blogdoarmindomaia.com.br\/wp-content\/uploads\/2022\/04\/Festa-Filo-08-300x200.jpg 300w, http:\/\/blogdoarmindomaia.com.br\/wp-content\/uploads\/2022\/04\/Festa-Filo-08-768x512.jpg 768w\" sizes=\"auto, (max-width: 1000px) 100vw, 1000px\" \/><\/figure>\n\n\n\n<p>A culmin\u00e2ncia da Festa ser\u00e1 entre os dias 28 de abril \u00e0 1\u00ba de maio na Capela da M\u00e1rtir Filomena em Arax\u00e1<\/p>\n\n\n\n<p>Depois de 2 anos de paralisa\u00e7\u00e3o por causa da pandemia da Covid-19, est\u00e3o de volta em 2022, as celebra\u00e7\u00f5es de mais uma festa em louvor \u00e0 M\u00e1rtir Filomena em Arax\u00e1. O 30\u00ba Encontro de Folias de Reis da Capela M\u00e1rtir Filomena que ter\u00e1 seu \u00e1pice entre os dias 28,29,30 de abril e 1\u00ba de maio, j\u00e1 est\u00e1 acontecendo desde a segunda quinzena do m\u00eas de mar\u00e7o com a realiza\u00e7\u00e3o de diversas atividades como; novenas, quermesses, leil\u00f5es e forr\u00f3 dan\u00e7ante. Com entrada gratuita para a comunidade em todas a\u00e7\u00f5es realizadas at\u00e9 agora; o evento cultural, folcl\u00f3rico e religioso est\u00e1 sendo realizado na sede da Capela da M\u00e1rtir Filomena, localizada na rua Hon\u00f3rio de Paiva Abreu, no Bairro Bela Vista em Arax\u00e1.<\/p>\n\n\n\n<p>As manifesta\u00e7\u00f5es religiosas, folcl\u00f3ricas e culturais realizadas em torno da Capela da M\u00e1rtir Filomena, s\u00e3o realizadas tradicionalmente desde o ano de 1990. M\u00e1rtir Filomena viveu em Arax\u00e1 em meados do s\u00e9culo XIX. Por ter contra\u00eddo a doen\u00e7a de var\u00edola, ela foi tirada do conv\u00edvio familiar e social. No local onde hoje foi edificada a singela Capela em sua homenagem, diz a lenda que ali, M\u00e1rtir Filomena teria sido enterrada viva. Ao longo da hist\u00f3ria, v\u00e1rios milagres e curas s\u00e3o atribu\u00eddos a ela.<\/p>\n\n\n\n<p>O Respeito, a devo\u00e7\u00e3o e a gratid\u00e3o de fi\u00e9is pelas gra\u00e7as recebidas, se transformaram em ferramentas e a\u00e7\u00f5es folcl\u00f3ricas e populares expressadas, anualmente por meio das atividades culturais que resgatam principalmente a arte dos grupos de folias de reis, congados e Mo\u00e7ambique, que s\u00e3o manifesta\u00e7\u00f5es art\u00edsticas e religiosas.&nbsp;&nbsp;&nbsp;<\/p>\n\n\n\n<p>De acordo com o presidente da&nbsp;Associa\u00e7\u00e3o da Capela M\u00e1rtir Filomena, Jo\u00e3o Paulo Ferreira, \u201c o tema da festa deste ano \u00e9 \u201cA f\u00e9 e a coragem da m\u00e1rtir Filomena\u201d, que vem fortalecer e renovar a nossa devo\u00e7\u00e3o em seu nome\u201d.<\/p>\n\n\n\n<p>Al\u00e9m de promover e resgatar a cultura e o folclore secular das folias de reis no interior de Minas Gerais, o 30\u00ba Encontro, tamb\u00e9m proporciona aos grupos de foli\u00f5es e ao p\u00fablico em geral, a oportunidade de participarem de atividades e a\u00e7\u00f5es relacionadas com a arte das cantorias em versos que exaltam o nascimento de Jesus Cristo.<\/p>\n\n\n\n<p>Este ano cerca de 50 grupos de folias de reis de Arax\u00e1 e v\u00e1rias cidades da regi\u00e3o devem participar do Encontro que ser\u00e1 realizado no dia 01 de maio, na culmin\u00e2ncia da festa.&nbsp;&nbsp; &nbsp;&nbsp;&nbsp;&nbsp;<\/p>\n\n\n\n<p>O 30\u00ba Encontro de Folias de Reis da Capela M\u00e1rtir Filomena de Arax\u00e1, \u00e9 um projeto organiza\u00e7\u00e3o da Associa\u00e7\u00e3o da Capela Filomena, realizado por meio da Lei de Incentivo \u00e0 Cultura (PRONAC- 19 3050 ), conta com o patroc\u00ednio da Companhia Brasileira de Metalurgia e Minera\u00e7\u00e3o \u2013 CBMM e com o apoio da prefeitura municipal de Arax\u00e1 e Funda\u00e7\u00e3o Cultural Calmon Barreto. A realiza\u00e7\u00e3o \u00e9 da Secretaria Especial da Cultura, do Minist\u00e9rio do Turismo e Governo Federal \u2013 P\u00e1tria Amada Brasil.<\/p>\n\n\n\n<p>Confira e prestigie a Programa\u00e7\u00e3o completa do 30\u00ba Encontro de Folias de Reis &#8211; A f\u00e9 e a Coragem da M\u00e1rtir Filomena<\/p>\n\n\n\n<p>&nbsp;28\/04\/2022 &#8211; Quinta feira<\/p>\n\n\n\n<p>18h &#8211; Marruco da Viola &#8211; Viola instrumental<\/p>\n\n\n\n<p>&nbsp;18h 20 &#8211; Apresenta\u00e7\u00e3o de folia de reis.<\/p>\n\n\n\n<p>19:00h ter\u00e7o sertanejo.<\/p>\n\n\n\n<p>20h30 &#8211; Show artistas da terra<\/p>\n\n\n\n<p>Matheus e Alexandre<\/p>\n\n\n\n<p>29\/04\/2022 &#8211; Sexta Feira<\/p>\n\n\n\n<p>18h &#8211; Patr\u00edcia e Gustavo &#8211; Viola Caipira<\/p>\n\n\n\n<p>18h 20- Apresenta\u00e7\u00e3o de Ternos de Folias de<\/p>\n\n\n\n<p>Reis.<\/p>\n\n\n\n<p>19h ter\u00e7o<\/p>\n\n\n\n<p>20h30 &#8211; Show artistas da terra Amigos do Forr\u00f3<\/p>\n\n\n\n<p>30\/04\/2022 &#8211; S\u00e1bado<\/p>\n\n\n\n<p>13h &#8211; Exposi\u00e7\u00e3o Museu devotos de Santos Reis.<\/p>\n\n\n\n<p>14h &#8211; Raphael Borsatto &#8211; Saxofone<\/p>\n\n\n\n<p>15 horas &#8211; tarde sertaneja<\/p>\n\n\n\n<p>18h &#8211; Apresenta\u00e7\u00e3o de Ternos de Folias de<\/p>\n\n\n\n<p>Reis<\/p>\n\n\n\n<p>19h &#8211; Ter\u00e7o<\/p>\n\n\n\n<p>20h00 &#8211; Show Artistas da Terra:<\/p>\n\n\n\n<p>Z\u00e9 Floresta.<\/p>\n\n\n\n<p>21h &#8211; Batid\u00e3o do Sert\u00e3o<\/p>\n\n\n\n<p>01\/05\/2022 &#8211; Domingo<\/p>\n\n\n\n<p>7h &#8211; Caf\u00e9 da manh\u00e3 &#8211; Abertura e<\/p>\n\n\n\n<p>apresenta\u00e7\u00f5es de Folias de Reis<\/p>\n\n\n\n<p>8h &#8211; Exposi\u00e7\u00e3o do Museu Devotos de Santos Reis e abertura do 30\u00b0 Encontro de Folias de Reis<\/p>\n\n\n\n<p>11h &#8211;&nbsp; Almo\u00e7o<\/p>\n\n\n\n<p>17h &#8211; encerramento.<\/p>\n","protected":false},"excerpt":{"rendered":"<p>A culmin\u00e2ncia da Festa ser\u00e1 entre os dias 28 de abril \u00e0 1\u00ba de maio na Capela da M\u00e1rtir Filomena<\/p>\n","protected":false},"author":2,"featured_media":465,"comment_status":"open","ping_status":"open","sticky":false,"template":"","format":"standard","meta":{"footnotes":""},"categories":[9,11],"tags":[],"class_list":["post-462","post","type-post","status-publish","format-standard","has-post-thumbnail","hentry","category-araxa","category-destaques"],"_links":{"self":[{"href":"http:\/\/blogdoarmindomaia.com.br\/index.php?rest_route=\/wp\/v2\/posts\/462","targetHints":{"allow":["GET"]}}],"collection":[{"href":"http:\/\/blogdoarmindomaia.com.br\/index.php?rest_route=\/wp\/v2\/posts"}],"about":[{"href":"http:\/\/blogdoarmindomaia.com.br\/index.php?rest_route=\/wp\/v2\/types\/post"}],"author":[{"embeddable":true,"href":"http:\/\/blogdoarmindomaia.com.br\/index.php?rest_route=\/wp\/v2\/users\/2"}],"replies":[{"embeddable":true,"href":"http:\/\/blogdoarmindomaia.com.br\/index.php?rest_route=%2Fwp%2Fv2%2Fcomments&post=462"}],"version-history":[{"count":1,"href":"http:\/\/blogdoarmindomaia.com.br\/index.php?rest_route=\/wp\/v2\/posts\/462\/revisions"}],"predecessor-version":[{"id":470,"href":"http:\/\/blogdoarmindomaia.com.br\/index.php?rest_route=\/wp\/v2\/posts\/462\/revisions\/470"}],"wp:featuredmedia":[{"embeddable":true,"href":"http:\/\/blogdoarmindomaia.com.br\/index.php?rest_route=\/wp\/v2\/media\/465"}],"wp:attachment":[{"href":"http:\/\/blogdoarmindomaia.com.br\/index.php?rest_route=%2Fwp%2Fv2%2Fmedia&parent=462"}],"wp:term":[{"taxonomy":"category","embeddable":true,"href":"http:\/\/blogdoarmindomaia.com.br\/index.php?rest_route=%2Fwp%2Fv2%2Fcategories&post=462"},{"taxonomy":"post_tag","embeddable":true,"href":"http:\/\/blogdoarmindomaia.com.br\/index.php?rest_route=%2Fwp%2Fv2%2Ftags&post=462"}],"curies":[{"name":"wp","href":"https:\/\/api.w.org\/{rel}","templated":true}]}}