{"id":4627,"date":"2023-03-13T11:44:20","date_gmt":"2023-03-13T14:44:20","guid":{"rendered":"http:\/\/blogdoarmindomaia.com.br\/?p=4627"},"modified":"2023-03-13T11:44:22","modified_gmt":"2023-03-13T14:44:22","slug":"projeto-escola-magica-contempla-1-400-alunos-do-tempo-integral-da-prefeitura-de-araxa","status":"publish","type":"post","link":"http:\/\/blogdoarmindomaia.com.br\/?p=4627","title":{"rendered":"Projeto Escola M\u00e1gica contempla 1.400 alunos do Tempo Integral da Prefeitura de Arax\u00e1"},"content":{"rendered":"\n<figure class=\"wp-block-image size-full is-style-default\"><img loading=\"lazy\" decoding=\"async\" width=\"1024\" height=\"683\" src=\"http:\/\/blogdoarmindomaia.com.br\/wp-content\/uploads\/2023\/03\/Escola-Magica-8.jpeg\" alt=\"\" class=\"wp-image-4628\" srcset=\"http:\/\/blogdoarmindomaia.com.br\/wp-content\/uploads\/2023\/03\/Escola-Magica-8.jpeg 1024w, http:\/\/blogdoarmindomaia.com.br\/wp-content\/uploads\/2023\/03\/Escola-Magica-8-300x200.jpeg 300w, http:\/\/blogdoarmindomaia.com.br\/wp-content\/uploads\/2023\/03\/Escola-Magica-8-768x512.jpeg 768w\" sizes=\"auto, (max-width: 1024px) 100vw, 1024px\" \/><\/figure>\n\n\n\n<figure class=\"wp-block-image size-full is-style-default\"><img loading=\"lazy\" decoding=\"async\" width=\"1024\" height=\"683\" src=\"http:\/\/blogdoarmindomaia.com.br\/wp-content\/uploads\/2023\/03\/Escola-Magica-4.jpeg\" alt=\"\" class=\"wp-image-4629\" srcset=\"http:\/\/blogdoarmindomaia.com.br\/wp-content\/uploads\/2023\/03\/Escola-Magica-4.jpeg 1024w, http:\/\/blogdoarmindomaia.com.br\/wp-content\/uploads\/2023\/03\/Escola-Magica-4-300x200.jpeg 300w, http:\/\/blogdoarmindomaia.com.br\/wp-content\/uploads\/2023\/03\/Escola-Magica-4-768x512.jpeg 768w\" sizes=\"auto, (max-width: 1024px) 100vw, 1024px\" \/><\/figure>\n\n\n\n<p>Educar crian\u00e7as de forma l\u00fadica e diferente, esse \u00e9 o intuito do projeto Escola M\u00e1gica, uma plataforma de ensino online direcionada para professores e alunos. A iniciativa \u00e9 uma parceria da Secretaria Municipal de Educa\u00e7\u00e3o e CBMM, que em 2023 contempla 1.400 alunos de 13 unidades que contam com o projeto Tempo Integral.<br><br>O objetivo \u00e9 potencializar o aprendizado com uma base psicopedag\u00f3gica voltada ao est\u00edmulo de intelig\u00eancias m\u00faltiplas em crian\u00e7as do ensino fundamental. Para a execu\u00e7\u00e3o do projeto, foi disponibilizado um kit educacional l\u00fadico, com atividades interativas que ajudam os alunos a aprender de maneira mais divertida, desenvolvendo a intelig\u00eancia interpessoal e a intrapessoal, comunica\u00e7\u00e3o, orat\u00f3ria, mudan\u00e7a de perspectivas, disciplina, intelig\u00eancia l\u00f3gico-matem\u00e1tica, coordena\u00e7\u00e3o motora, percep\u00e7\u00e3o perif\u00e9rica, criatividade e inova\u00e7\u00e3o.<br><br>De acordo com a assessora administrativa da Secretaria de Educa\u00e7\u00e3o, Leany Tupinamb\u00e1, para a continuidade do projeto os professores ir\u00e3o passar por um curso presencial com participa\u00e7\u00e3o dos ilusionistas Henry Vargas e Klauss Dur\u00e3es, previsto para abril.<br><br>\u201cAs aulas se dar\u00e3o de forma l\u00fadica para desenvolver a criatividade e imagina\u00e7\u00e3o dos alunos. E \u00e9 muito gratificante ver o encantamento de cada crian\u00e7a durante as aulas. E esse encantamento n\u00e3o \u00e9 pelo entretenimento, \u00e9, sim, por acreditar que o imposs\u00edvel pode se tornar realidade, isso \u00e9 muito importante para o futuro deles\u201d, refor\u00e7a.<br><br><strong>Projeto Escola M\u00e1gica 2022<\/strong><br><br>A Escola M\u00e1gica em 2022 atendeu 300 alunos do 3\u00b0 ano do Tempo Integral. O encerramento do projeto aconteceu recentemente, no Teatro CBMM do Centro Cultural Uniarax\u00e1, e reuniu mais de 1.000 alunos de escolas municipais que tiveram a oportunidade de assistir um espet\u00e1culo de magia dos ilusionistas brasileiros Henry Vargas e Klauss Dur\u00e3es.<br><br>O aluno N\u00edcolas Vazquez Santana, de 7 anos, da Escola Municipal Agar de Affonseca e Silva teve a oportunidade de ir at\u00e9 o palco e participar de uma parte do show de ilusionismo.<br><br>Com os olhos brilhando de alegria e entusiasmo, ele conta como foi a experi\u00eancia de vivenciar esse momento. \u201cEu amei participar, aqui eu aprendi que n\u00e3o posso nunca desistir dos meus sonhos, e que eu posso conquistar o que eu quiser. Agora eu decidi que quero ser um m\u00e1gico igual a eles, estou muito feliz.\u201d<\/p>\n","protected":false},"excerpt":{"rendered":"<p>Educar crian\u00e7as de forma l\u00fadica e diferente, esse \u00e9 o intuito do projeto Escola M\u00e1gica, uma plataforma de ensino online<\/p>\n","protected":false},"author":2,"featured_media":4629,"comment_status":"open","ping_status":"open","sticky":false,"template":"","format":"standard","meta":{"footnotes":""},"categories":[9,13],"tags":[],"class_list":["post-4627","post","type-post","status-publish","format-standard","has-post-thumbnail","hentry","category-araxa","category-educacao"],"_links":{"self":[{"href":"http:\/\/blogdoarmindomaia.com.br\/index.php?rest_route=\/wp\/v2\/posts\/4627","targetHints":{"allow":["GET"]}}],"collection":[{"href":"http:\/\/blogdoarmindomaia.com.br\/index.php?rest_route=\/wp\/v2\/posts"}],"about":[{"href":"http:\/\/blogdoarmindomaia.com.br\/index.php?rest_route=\/wp\/v2\/types\/post"}],"author":[{"embeddable":true,"href":"http:\/\/blogdoarmindomaia.com.br\/index.php?rest_route=\/wp\/v2\/users\/2"}],"replies":[{"embeddable":true,"href":"http:\/\/blogdoarmindomaia.com.br\/index.php?rest_route=%2Fwp%2Fv2%2Fcomments&post=4627"}],"version-history":[{"count":1,"href":"http:\/\/blogdoarmindomaia.com.br\/index.php?rest_route=\/wp\/v2\/posts\/4627\/revisions"}],"predecessor-version":[{"id":4630,"href":"http:\/\/blogdoarmindomaia.com.br\/index.php?rest_route=\/wp\/v2\/posts\/4627\/revisions\/4630"}],"wp:featuredmedia":[{"embeddable":true,"href":"http:\/\/blogdoarmindomaia.com.br\/index.php?rest_route=\/wp\/v2\/media\/4629"}],"wp:attachment":[{"href":"http:\/\/blogdoarmindomaia.com.br\/index.php?rest_route=%2Fwp%2Fv2%2Fmedia&parent=4627"}],"wp:term":[{"taxonomy":"category","embeddable":true,"href":"http:\/\/blogdoarmindomaia.com.br\/index.php?rest_route=%2Fwp%2Fv2%2Fcategories&post=4627"},{"taxonomy":"post_tag","embeddable":true,"href":"http:\/\/blogdoarmindomaia.com.br\/index.php?rest_route=%2Fwp%2Fv2%2Ftags&post=4627"}],"curies":[{"name":"wp","href":"https:\/\/api.w.org\/{rel}","templated":true}]}}