{"id":4634,"date":"2023-03-14T14:31:30","date_gmt":"2023-03-14T17:31:30","guid":{"rendered":"http:\/\/blogdoarmindomaia.com.br\/?p=4634"},"modified":"2023-03-14T14:31:32","modified_gmt":"2023-03-14T17:31:32","slug":"dupla-cavalo-e-panda-sucesso-no-rock-in-rio-vai-estar-na-fenadoces-2023","status":"publish","type":"post","link":"http:\/\/blogdoarmindomaia.com.br\/?p=4634","title":{"rendered":"<strong>Dupla \u2018Cavalo e Panda\u2019, sucesso no Rock in Rio, vai estar na Fenadoces 2023<\/strong>"},"content":{"rendered":"\n<figure class=\"wp-block-image size-large is-style-default\"><img loading=\"lazy\" decoding=\"async\" width=\"1024\" height=\"623\" src=\"http:\/\/blogdoarmindomaia.com.br\/wp-content\/uploads\/2023\/03\/Dupla-Cavalo-e-Panda-pag-06-1024x623.jpg\" alt=\"\" class=\"wp-image-4635\" srcset=\"http:\/\/blogdoarmindomaia.com.br\/wp-content\/uploads\/2023\/03\/Dupla-Cavalo-e-Panda-pag-06-1024x623.jpg 1024w, http:\/\/blogdoarmindomaia.com.br\/wp-content\/uploads\/2023\/03\/Dupla-Cavalo-e-Panda-pag-06-300x182.jpg 300w, http:\/\/blogdoarmindomaia.com.br\/wp-content\/uploads\/2023\/03\/Dupla-Cavalo-e-Panda-pag-06-768x467.jpg 768w, http:\/\/blogdoarmindomaia.com.br\/wp-content\/uploads\/2023\/03\/Dupla-Cavalo-e-Panda-pag-06.jpg 1069w\" sizes=\"auto, (max-width: 1024px) 100vw, 1024px\" \/><\/figure>\n\n\n\n<figure class=\"wp-block-image size-full is-style-default\"><img loading=\"lazy\" decoding=\"async\" width=\"1024\" height=\"1004\" src=\"http:\/\/blogdoarmindomaia.com.br\/wp-content\/uploads\/2023\/03\/release02_fenadoces_coelhos.jpg\" alt=\"\" class=\"wp-image-4636\" srcset=\"http:\/\/blogdoarmindomaia.com.br\/wp-content\/uploads\/2023\/03\/release02_fenadoces_coelhos.jpg 1024w, http:\/\/blogdoarmindomaia.com.br\/wp-content\/uploads\/2023\/03\/release02_fenadoces_coelhos-300x294.jpg 300w, http:\/\/blogdoarmindomaia.com.br\/wp-content\/uploads\/2023\/03\/release02_fenadoces_coelhos-768x753.jpg 768w\" sizes=\"auto, (max-width: 1024px) 100vw, 1024px\" \/><\/figure>\n\n\n\n<p>O palco mais doce do Brasil vai receber grandes nomes da m\u00fasica em 2023. A 3\u00aa Feira de Doces de Arax\u00e1 (Fenadoces), al\u00e9m de valorizar e resgatar a cultura doceira, promover neg\u00f3cios com os estandes e Food Trucks, ainda \u00e9 um espa\u00e7o de arte e cultura, com apresenta\u00e7\u00f5es art\u00edsticas nacionais e regionais. Uma das atra\u00e7\u00f5es confirmadas \u00e9 a dupla \u2018Cavalo e Panda\u2019, sucesso no Rock In Rio e que chega a Arax\u00e1 para um super show.<\/p>\n\n\n\n<p>A dupla tem uma proposta diferente, que leva m\u00fasica de qualidade mesclada com teatro, com\u00e9dia e uma intera\u00e7\u00e3o extremamente participativa do p\u00fablico. \u201c\u00c9 um dos shows que temos certeza que, as pessoas que passarem pelo nosso evento, v\u00e3o admirar e cantar junto com a dupla, que tem um estilo \u00fanico no palco, de alto n\u00edvel e um repert\u00f3rio ecl\u00e9tico e animado\u201d, explica o produtor da Fenadoces Alexandre Borges.<\/p>\n\n\n\n<p>\u2018Cavalo e Panda\u2019 come\u00e7ou a circular em 2012 pelas ruas da cidade de S\u00e3o Paulo com sua irreverente apresenta\u00e7\u00e3o. As personalidades \u00fanicas do Cavalo Beats e Panda Sax foram<\/p>\n\n\n\n<p>Moldadas com a intera\u00e7\u00e3o e forma\u00e7\u00e3o cultural na maior cidade do pa\u00eds. De l\u00e1 pra c\u00e1, a dupla fez parcerias para eventos exclusivos de empresas como Facebook, Google, YouTube, Netflix, Adobe, Globosat, Ben&amp;Jerry\u2019s, MC Donalds\u2019s, dentre tantas outras. No Rock In Rio, a dupla garantiu presen\u00e7a nos anos de 2015, 2017 e 2019, al\u00e9m de tocar em eventos particulares, festas universit\u00e1rias e outros festivais pelo Brasil, passando por mais de 100 cidades em 13 estados, al\u00e9m de show em Lima. no Peru. e em 7 cidades da It\u00e1lia. Em Arax\u00e1, \u2018Cavalo e Panda\u2019 sobem ao palco da Fenadoces no dia 07 de abril, a partir de 22h.<\/p>\n\n\n\n<p><strong>Outras atra\u00e7\u00f5es culturais<\/strong><\/p>\n\n\n\n<p>\u201cPensamos em atra\u00e7\u00f5es bastante diversificadas, afinal, o p\u00fablico da Fenadoces \u00e9 composto de fam\u00edlias, grupos de amigos, jovens, adolescentes e adultos. Ou seja, pessoas de todo canto da cidade, todos os Bairros, que vem provar as del\u00edcias que temos nos estandes e v\u00e3o passar momentos agrad\u00e1veis com cultura, m\u00fasica e divers\u00e3o\u201d, \u00e9 o que conta a idealizadora da Fenadoces, Fabiana Alves.<\/p>\n\n\n\n<p>Segundo a empres\u00e1ria, o Palha\u00e7o Fiapo tamb\u00e9m vai passar pela Fenadoces. Fiapo \u00e9 divers\u00e3o garantida para crian\u00e7as e adultos e vai realizar v\u00e1rias interven\u00e7\u00f5es em todos os dias a feira, circulando pelo meio das pessoas, propondo brincadeiras e uma conversa bastante inusitada. E ainda, no domingo de P\u00e1scoa, 09 de abril, o Coelhinho vai chegar na Feira para uma visita pra l\u00e1 de especial para a meninada, acompanhado da B\u00eaJazz Street Band e das mascotes do Projeto de Educa\u00e7\u00e3o Ambiental da Companhia Brasileira de Metalurgia e Minera\u00e7\u00e3o (CBMM), a Loba Kika, o Tamandu\u00e1 Manduca e a Anta Eva, da Turma da Kika no Cerrado.<\/p>\n\n\n\n<p>Tamb\u00e9m est\u00e1 programada a cria\u00e7\u00e3o da \u00c1rea Kids, em todos os dias da Fenadoces, com brinquedos e divers\u00e3o garantida para as crian\u00e7as. Outra atra\u00e7\u00e3o \u00e9 para os artes\u00e3os doceiros. A Carreta do Banco do Brasil vai promover o Circuito de Neg\u00f3cios Agro e Treinamentos, refor\u00e7ando a presen\u00e7a do BB como parceiro do agro e da economia criativa das cidades, apresentando palestras educativas sobre boas pr\u00e1ticas e empreendedorismo feminino.<\/p>\n\n\n\n<p><strong>Confira a programa\u00e7\u00e3o completa<\/strong><\/p>\n\n\n\n<ul class=\"wp-block-list\">\n<li>Dia 05\/04\/2023<\/li>\n<\/ul>\n\n\n\n<p>13h: Abertura do Pavilh\u00e3o de Doces e Gastronomia<\/p>\n\n\n\n<p>16h: Palha\u00e7o Fiapo<\/p>\n\n\n\n<p>19h30: Abertura Oficial<\/p>\n\n\n\n<p>21h: Banda Latitude 19<\/p>\n\n\n\n<ul class=\"wp-block-list\">\n<li>Dia 06\/04\/2023<\/li>\n<\/ul>\n\n\n\n<p>13h: Abertura do Pavilh\u00e3o de Doces e Gastronomia<\/p>\n\n\n\n<p>17h: Palha\u00e7o Fiapo<\/p>\n\n\n\n<p>19h: Mostra De Dan\u00e7a \u2013 Cia CDK<\/p>\n\n\n\n<p>19h15: Mostra De Dan\u00e7a &#8211; Lorena Senna<\/p>\n\n\n\n<p>19h30: Mostra De Dan\u00e7a &#8211; Balleto<\/p>\n\n\n\n<p>19h45: Mostra De Dan\u00e7a &#8211; Styl Company<\/p>\n\n\n\n<p>20h15: Banda Vinith<\/p>\n\n\n\n<p>22h: Mamma Jamma<\/p>\n\n\n\n<ul class=\"wp-block-list\">\n<li>Dia 07\/04\/2023<\/li>\n<\/ul>\n\n\n\n<p>13h: Abertura do Pavilh\u00e3o de Doces e Gastronomia<\/p>\n\n\n\n<p>15h: Palha\u00e7o Fiapo<\/p>\n\n\n\n<p>18h: Banda Lottus<\/p>\n\n\n\n<p>20h: Arteria Trio<\/p>\n\n\n\n<p>22h: Cavalo e Panda<\/p>\n\n\n\n<ul class=\"wp-block-list\">\n<li>Dia 08\/04\/2023<\/li>\n<\/ul>\n\n\n\n<p>13h: Abertura do Pavilh\u00e3o de Doces e Gastronomia<\/p>\n\n\n\n<p>15h: Palha\u00e7o Fiapo<\/p>\n\n\n\n<p>18h: Banda Vi-Voz<\/p>\n\n\n\n<p>20h: Leandro Soares &#8211; Rumo Aos 30<\/p>\n\n\n\n<p>22h: Banda Johnny Go!<\/p>\n\n\n\n<ul class=\"wp-block-list\">\n<li>Dia 09\/04\/2023<\/li>\n<\/ul>\n\n\n\n<p>11h: Abertura do Pavilh\u00e3o de Doces e Gastronomia<\/p>\n\n\n\n<p>11h: Chegada do Coelho e sua Banda B\u00eaJazz \u2013 Partipa\u00e7\u00e3o da Turma Kika no Cerrado (CBMM)<\/p>\n\n\n\n<p>13h: Teatro \u2013 O Palha\u00e7o Que Queria Ser M\u00e1gico<\/p>\n\n\n\n<p>14h: Chorando Na Pra\u00e7a<\/p>\n\n\n\n<p>16h: Banda 5\u00ba Sol<\/p>\n\n\n\n<p><strong>A Fenadoces<\/strong> A Fenadoces \u00e9 uma realiza\u00e7\u00e3o do Donuts da Fabi, com Patroc\u00ednio da CBMM e McCain e apoio da Prefeitura de Arax\u00e1, do Banco do Brasil, a Associa\u00e7\u00e3o de Doceiros de Arax\u00e1 (ADA), Rotary Club Arax\u00e1 Sul e TV Integra\u00e7\u00e3o. A Giganet \u00e9 parceira do evento e vai ser a provedora oficial da internet no espa\u00e7o. A entrada \u00e9 gratuita. Mais informa\u00e7\u00f5es em @fenadoces.<\/p>\n","protected":false},"excerpt":{"rendered":"<p>O palco mais doce do Brasil vai receber grandes nomes da m\u00fasica em 2023. A 3\u00aa Feira de Doces de<\/p>\n","protected":false},"author":2,"featured_media":4635,"comment_status":"open","ping_status":"open","sticky":false,"template":"","format":"standard","meta":{"footnotes":""},"categories":[9,5],"tags":[],"class_list":["post-4634","post","type-post","status-publish","format-standard","has-post-thumbnail","hentry","category-araxa","category-arte-e-cultura"],"_links":{"self":[{"href":"http:\/\/blogdoarmindomaia.com.br\/index.php?rest_route=\/wp\/v2\/posts\/4634","targetHints":{"allow":["GET"]}}],"collection":[{"href":"http:\/\/blogdoarmindomaia.com.br\/index.php?rest_route=\/wp\/v2\/posts"}],"about":[{"href":"http:\/\/blogdoarmindomaia.com.br\/index.php?rest_route=\/wp\/v2\/types\/post"}],"author":[{"embeddable":true,"href":"http:\/\/blogdoarmindomaia.com.br\/index.php?rest_route=\/wp\/v2\/users\/2"}],"replies":[{"embeddable":true,"href":"http:\/\/blogdoarmindomaia.com.br\/index.php?rest_route=%2Fwp%2Fv2%2Fcomments&post=4634"}],"version-history":[{"count":1,"href":"http:\/\/blogdoarmindomaia.com.br\/index.php?rest_route=\/wp\/v2\/posts\/4634\/revisions"}],"predecessor-version":[{"id":4637,"href":"http:\/\/blogdoarmindomaia.com.br\/index.php?rest_route=\/wp\/v2\/posts\/4634\/revisions\/4637"}],"wp:featuredmedia":[{"embeddable":true,"href":"http:\/\/blogdoarmindomaia.com.br\/index.php?rest_route=\/wp\/v2\/media\/4635"}],"wp:attachment":[{"href":"http:\/\/blogdoarmindomaia.com.br\/index.php?rest_route=%2Fwp%2Fv2%2Fmedia&parent=4634"}],"wp:term":[{"taxonomy":"category","embeddable":true,"href":"http:\/\/blogdoarmindomaia.com.br\/index.php?rest_route=%2Fwp%2Fv2%2Fcategories&post=4634"},{"taxonomy":"post_tag","embeddable":true,"href":"http:\/\/blogdoarmindomaia.com.br\/index.php?rest_route=%2Fwp%2Fv2%2Ftags&post=4634"}],"curies":[{"name":"wp","href":"https:\/\/api.w.org\/{rel}","templated":true}]}}