{"id":4641,"date":"2023-03-14T14:44:51","date_gmt":"2023-03-14T17:44:51","guid":{"rendered":"http:\/\/blogdoarmindomaia.com.br\/?p=4641"},"modified":"2023-03-14T14:44:53","modified_gmt":"2023-03-14T17:44:53","slug":"5o-rally-minas-brasil-consagra-os-campeoes-em-araxa","status":"publish","type":"post","link":"http:\/\/blogdoarmindomaia.com.br\/?p=4641","title":{"rendered":"<strong>5\u00ba Rally Minas Brasil consagra os campe\u00f5es em Arax\u00e1<\/strong>"},"content":{"rendered":"\n<figure class=\"wp-block-image size-full is-style-default\"><img loading=\"lazy\" decoding=\"async\" width=\"1024\" height=\"682\" src=\"http:\/\/blogdoarmindomaia.com.br\/wp-content\/uploads\/2023\/03\/419570_1050513_sanderson_pereira_a.jpg\" alt=\"\" class=\"wp-image-4642\" srcset=\"http:\/\/blogdoarmindomaia.com.br\/wp-content\/uploads\/2023\/03\/419570_1050513_sanderson_pereira_a.jpg 1024w, http:\/\/blogdoarmindomaia.com.br\/wp-content\/uploads\/2023\/03\/419570_1050513_sanderson_pereira_a-300x200.jpg 300w, http:\/\/blogdoarmindomaia.com.br\/wp-content\/uploads\/2023\/03\/419570_1050513_sanderson_pereira_a-768x512.jpg 768w\" sizes=\"auto, (max-width: 1024px) 100vw, 1024px\" \/><\/figure>\n\n\n\n<figure class=\"wp-block-image size-large is-style-default\"><img loading=\"lazy\" decoding=\"async\" width=\"1024\" height=\"683\" src=\"http:\/\/blogdoarmindomaia.com.br\/wp-content\/uploads\/2023\/03\/419570_1050510_104_03_fernandogenaro_mb23_4265-1024x683.jpg\" alt=\"\" class=\"wp-image-4643\" srcset=\"http:\/\/blogdoarmindomaia.com.br\/wp-content\/uploads\/2023\/03\/419570_1050510_104_03_fernandogenaro_mb23_4265-1024x683.jpg 1024w, http:\/\/blogdoarmindomaia.com.br\/wp-content\/uploads\/2023\/03\/419570_1050510_104_03_fernandogenaro_mb23_4265-300x200.jpg 300w, http:\/\/blogdoarmindomaia.com.br\/wp-content\/uploads\/2023\/03\/419570_1050510_104_03_fernandogenaro_mb23_4265-768x512.jpg 768w, http:\/\/blogdoarmindomaia.com.br\/wp-content\/uploads\/2023\/03\/419570_1050510_104_03_fernandogenaro_mb23_4265-1536x1024.jpg 1536w, http:\/\/blogdoarmindomaia.com.br\/wp-content\/uploads\/2023\/03\/419570_1050510_104_03_fernandogenaro_mb23_4265-2048x1366.jpg 2048w\" sizes=\"auto, (max-width: 1024px) 100vw, 1024px\" \/><\/figure>\n\n\n\n<p><\/p>\n\n\n\n<p><em>Ap\u00f3s mais um dia exigente com terreno escorregadio, Adrien Metge (motos); Den\u00edsio Nascimento\/Gunnar Dums (UTV) e Rodrigo Ach\u00e9\/Ka\u00edque Bentivoglio (carros) confirmam vit\u00f3ria na classifica\u00e7\u00e3o geral<\/em><\/p>\n\n\n\n<p>Campe\u00f5es definidos no 5\u00ba Rally Minas Brasil, e com todo o merecimento. Afinal, Adrien Metge (motos); Den\u00edsio Nascimento\/Gunnar Dums (UTV) e Rodrigo Ach\u00e9\/Ka\u00edque Bentivoglio (carros) dominaram a prova de abertura do Campeonato Brasileiro de Rally Cross-Country desde o pr\u00f3logo da quarta-feira (08) \u2013 um trecho cronometrado curto que define a ordem de largada do primeiro dia. Todos eles foram os mais r\u00e1pidos nas duas primeiras etapas e chegaram \u00e0 terceira em condi\u00e7\u00e3o de administrar a boa vantagem.&nbsp;<\/p>\n\n\n\n<p>Metge (Yamaha) n\u00e3o tirou a m\u00e3o na especial do s\u00e1bado (11) que, para as motos, foi encurtada para 113 quil\u00f4metros dos 186 quil\u00f4metros originais. A chuva insistente em torno de Arax\u00e1 impediu que o helic\u00f3ptero respons\u00e1vel pelo sinal de r\u00e1dio para os competidores voasse com seguran\u00e7a. O franc\u00eas superou Gabriel Soares (Honda) por 1min18 para gabaritar o Rally Minas Brasil sobre duas rodas.&nbsp;<\/p>\n\n\n\n<p><em>&#8220;Estou feliz com a prova! O rally foi dif\u00edcil com o piso escorregadio e o barro, era simples errar e cair, e eu consegui ficar sobre a moto o tempo todo e andar e em ritmo bom. A moto funcionou perfeitamente e a equipe fez um \u00f3timo trabalho&#8221;<\/em>, festejou o franc\u00eas que, na edi\u00e7\u00e3o 2022, perdeu a chance de vencer na geral por problemas mec\u00e2nicos. Bissinho Zavatti (Honda) completou a disputa em segundo lugar, com Ricardo Martins (Yamaha) em terceiro.&nbsp;<\/p>\n\n\n\n<p>Nos UTVs, Den\u00edsio e Gunnar n\u00e3o tomaram conhecimento dos 38 advers\u00e1rios \u2013 o maior grid da disputa. Mesmo concentrados em n\u00e3o correr riscos desnecess\u00e1rios e com uma diferen\u00e7a confort\u00e1vel para os principais concorrentes, ficaram com a quinta posi\u00e7\u00e3o no \u00faltimo dia. Mais do que suficiente para levantar o trof\u00e9u de campe\u00f5es do 5\u00ba Rally Minas Brasil.&nbsp;<em>&#8220;Foi uma prova fant\u00e1stica, a organiza\u00e7\u00e3o est\u00e1 de parab\u00e9ns. A chuva trouxe uma pimenta e deixou o rally ainda mais prazeroso e t\u00e9cnico. Para n\u00f3s foi uma surpresa liderar desde o in\u00edcio. Nosso Can-Am X3 foi fant\u00e1stico, obtivemos uma boa evolu\u00e7\u00e3o e um acerto perfeito de suspens\u00e3o, a equipe est\u00e1 de parab\u00e9ns&#8221;<\/em>, elogiou o piloto.&nbsp;<\/p>\n\n\n\n<p>Para Rodrigo Ach\u00e9 (Ford Ranger V8 T1), foi a primeira vit\u00f3ria em uma prova do Brasileiro, justamente na estreia da parceria com Bentivoglio \u2013 bicampe\u00e3o do Sert\u00f5es (com Lucas Moraes). Um resultado conquistado diante de rivais de peso, como os companheiros Marcos Baumgart (atual campe\u00e3o brasileiro) e Beco Andreotti, que terminaram em segundo.&nbsp;<\/p>\n\n\n\n<p><em>&#8220;Andamos bem desde o pr\u00f3logo, uma tocada muito entrosada com o Ka\u00edque mesmo sendo nossa primeira prova juntos, ele \u00e9 uma lenda desse esporte, al\u00e9m de um grande amigo. Parab\u00e9ns \u00e0 organiza\u00e7\u00e3o, o rally foi sensacional&#8221;<\/em>, festejou Ach\u00e9.&nbsp;<em>&#8220;Fizemos uma prova maravilhosa, como tinha de ser, e estreamos com o p\u00e9 direito&#8221;<\/em>, completou Bentivoglio.&nbsp;<\/p>\n\n\n\n<p>O 5\u00ba Rally Minas Brasil teve concentra\u00e7\u00e3o no Grande Hotel Termas de Arax\u00e1 \u2013 uma constru\u00e7\u00e3o da d\u00e9cada de 1940 em estilo neocl\u00e1ssico. O local encantou a todos os participantes por sua beleza e, principalmente, a acolhida.&nbsp;<em>\u201cO evento foi s\u00f3 elogios. Trazer o parque de apoio para a \u00e1rea de estacionamento do&nbsp;hotel foi uma das melhores decis\u00f5es que j\u00e1 tivemos. Os competidores trouxeram suas fam\u00edlias para se hospedar e passar dias agrad\u00e1veis em Arax\u00e1 e conhecer a regi\u00e3o, bem como, tamb\u00e9m estar presente nas disputas. Destacando ainda a estrutura disponibilizada para as equipes de apoio que, durante os tr\u00eas dias trabalharam sem qualquer tipo de problema. Foi incr\u00edvel\u201d<\/em>, encerrou o diretor geral do evento, Fernando Bentivoglio.&nbsp;<\/p>\n\n\n\n<p><strong>5\u00ba Rally Minas Brasil&nbsp;<\/strong><\/p>\n\n\n\n<p><strong>Terceira etapa (113km &#8211; motos\/186km &#8211; carros e UTVs)<\/strong><\/p>\n\n\n\n<p><strong>Carros<\/strong><\/p>\n\n\n\n<ol class=\"wp-block-list\" type=\"1\">\n<li>Julio Capua \/ Du Sachs (Toyota GR Hilux T1+ \/ R.Mattheis) 2h28min50<\/li>\n\n\n\n<li>Marcos Baumgart \/ Beco Andreotti (Ford Ranger V8 T1 \/ X Rally) 2h29min58<\/li>\n\n\n\n<li>Rodrigo Ach\u00e9 \/ Ka\u00edque Bentivoglio (Ford Ranger V8 T1 \/ X Rally) 2h30min01<\/li>\n\n\n\n<li>Glauber Fontoura \/ Marcos Panstein (Toyota Hilux V8 T1 FIA \/ FD Rally) 2h34min20<\/li>\n\n\n\n<li>Gunter Hinkelmann \/ Daniel Spolidorio (Ford Ranger V8 T1 \/ X Rally) 2h36min39&nbsp;<\/li>\n<\/ol>\n\n\n\n<p><strong>Motos<\/strong><\/p>\n\n\n\n<ol class=\"wp-block-list\" type=\"1\">\n<li>Adrien Metge (Yamaha WR 450F \/ IMS Yamaha) 1h29min11<\/li>\n\n\n\n<li>Gabriel Soares (Honda CRF 450RX \/ Honda Racing) 1h30min28<\/li>\n\n\n\n<li>Bissinho Zavatti (Honda CRF 450RX \/ Honda Racing) 1h33min28<\/li>\n\n\n\n<li>Ricardo Martins (Yamaha YZ 450F \/ IMS Yamaha) 1h33min37<\/li>\n\n\n\n<li>Martin Duplessis (Honda CRF 450RX \/ Honda Racing) 1h34min42<\/li>\n<\/ol>\n\n\n\n<p>* especial encerrada no km 113 por quest\u00f5es de seguran\u00e7a&nbsp;<\/p>\n\n\n\n<p><strong>UTV<\/strong><\/p>\n\n\n\n<ol class=\"wp-block-list\" type=\"1\">\n<li>Cristiano Batista \/ Robledo Nicoletti (Can-Am Maverick \/ Transm\u00e1quinas) 2h26min44<\/li>\n\n\n\n<li>Andr\u00e9 Hort \/ Henry Ritter (Can-Am Maverick \/ MH Racing) 2h30min29<\/li>\n\n\n\n<li>Markus De Wit \/ Caio Spolidorio (Can-Am Maverick \/ De Wit Racing) 2h31min53<\/li>\n\n\n\n<li>F\u00e1bio Pirondi \/ Marcelo Ritter (Can-Am Maverick \/ Cotton Racing) 2h32min25<\/li>\n\n\n\n<li>Den\u00edsio Nascimento \/ Gunnar Dums (Can-Am Maverick \/ Bompack) 2h32min30<\/li>\n<\/ol>\n\n\n\n<p><strong>Classifica\u00e7\u00e3o final<\/strong><\/p>\n\n\n\n<p><strong>Carros<\/strong><\/p>\n\n\n\n<ol class=\"wp-block-list\" type=\"1\">\n<li>Rodrigo Ach\u00e9 \/ Ka\u00edque Bentivoglio (Ford Ranger V8 T1 \/ X Rally) 7h41min42<\/li>\n\n\n\n<li>Marcos Baumgart \/ Beco Andreotti (Ford Ranger V8 T1 \/ X Rally) 7h53min44<\/li>\n\n\n\n<li>Glauber Fontoura \/ Marcos Panstein (Toyota Hilux V8 T1 FIA \/ FD Rally) 8h03min11<\/li>\n\n\n\n<li>Marcos Moraes \/ F\u00e1bio Pedroso (Polaris RZR Pro R \/ MEM) 8h07min36<\/li>\n\n\n\n<li>Mauro Guedes \/ Fl\u00e1vio Fran\u00e7a (Ford Ranger V8 T1 \/ X Rally) 8h27min22&nbsp;<\/li>\n<\/ol>\n\n\n\n<p><strong>Motos<\/strong><\/p>\n\n\n\n<ol class=\"wp-block-list\" type=\"1\">\n<li>Adrien Metge (Yamaha WR 450F \/ IMS Yamaha) 6h43min20<\/li>\n\n\n\n<li>Bissinho Zavatti (Honda CRF 450RX \/ Honda Racing) 6h54min04<\/li>\n\n\n\n<li>Ricardo Martins (Yamaha YZ 450F \/ IMS Yamaha) 7h02min05<\/li>\n\n\n\n<li>Gabriel Soares (Honda CRF 450RX \/ Honda Racing) 7h07min26<\/li>\n\n\n\n<li>Martin Duplessis (Honda CRF 450RX \/ Honda Racing) 7h16min45&nbsp;<\/li>\n<\/ol>\n\n\n\n<p><strong>UTV<\/strong><\/p>\n\n\n\n<ol class=\"wp-block-list\" type=\"1\">\n<li>Den\u00edsio Nascimento \/ Gunnar Dums (Can-Am Maverick \/ Bompack) 7h47min39<\/li>\n\n\n\n<li>F\u00e1bio Pirondi \/ Marcelo Ritter (Can-Am Maverick \/ Cotton Racing) 7h54min42<\/li>\n\n\n\n<li>Cristiano Batista \/ Robledo Nicoletti (Can-Am Maverick \/ Transm\u00e1quinas) 7h59min33<\/li>\n\n\n\n<li>Gabriel Cestari \/ Jhonatan Ardigo (Polaris RZR Pro R \/ GHIA Motorsports) 8h03min37<\/li>\n\n\n\n<li>Marcus Cotton \/ Lourival Roldan (Polaris RZR Pro R \/ Polaris Factory &#8211; Cotton Racing) 8h04min00&nbsp;<\/li>\n<\/ol>\n\n\n\n<p><strong>O 5\u00ba Rally Minas Brasil \u00e9 uma realiza\u00e7\u00e3o da Rallymakers com apoio da Prefeitura Municipal de Arax\u00e1, Transm\u00e1quinas, GHIA Investimentos e Jeep Clube Arax\u00e1.<\/strong><\/p>\n\n\n\n<p><strong>Supervis\u00e3o: CBM, CBA, FMEMG e FMA<\/strong><\/p>\n","protected":false},"excerpt":{"rendered":"<p>Ap\u00f3s mais um dia exigente com terreno escorregadio, Adrien Metge (motos); Den\u00edsio Nascimento\/Gunnar Dums (UTV) e Rodrigo Ach\u00e9\/Ka\u00edque Bentivoglio (carros)<\/p>\n","protected":false},"author":2,"featured_media":4642,"comment_status":"open","ping_status":"open","sticky":false,"template":"","format":"standard","meta":{"footnotes":""},"categories":[9,11],"tags":[],"class_list":["post-4641","post","type-post","status-publish","format-standard","has-post-thumbnail","hentry","category-araxa","category-destaques"],"_links":{"self":[{"href":"http:\/\/blogdoarmindomaia.com.br\/index.php?rest_route=\/wp\/v2\/posts\/4641","targetHints":{"allow":["GET"]}}],"collection":[{"href":"http:\/\/blogdoarmindomaia.com.br\/index.php?rest_route=\/wp\/v2\/posts"}],"about":[{"href":"http:\/\/blogdoarmindomaia.com.br\/index.php?rest_route=\/wp\/v2\/types\/post"}],"author":[{"embeddable":true,"href":"http:\/\/blogdoarmindomaia.com.br\/index.php?rest_route=\/wp\/v2\/users\/2"}],"replies":[{"embeddable":true,"href":"http:\/\/blogdoarmindomaia.com.br\/index.php?rest_route=%2Fwp%2Fv2%2Fcomments&post=4641"}],"version-history":[{"count":1,"href":"http:\/\/blogdoarmindomaia.com.br\/index.php?rest_route=\/wp\/v2\/posts\/4641\/revisions"}],"predecessor-version":[{"id":4644,"href":"http:\/\/blogdoarmindomaia.com.br\/index.php?rest_route=\/wp\/v2\/posts\/4641\/revisions\/4644"}],"wp:featuredmedia":[{"embeddable":true,"href":"http:\/\/blogdoarmindomaia.com.br\/index.php?rest_route=\/wp\/v2\/media\/4642"}],"wp:attachment":[{"href":"http:\/\/blogdoarmindomaia.com.br\/index.php?rest_route=%2Fwp%2Fv2%2Fmedia&parent=4641"}],"wp:term":[{"taxonomy":"category","embeddable":true,"href":"http:\/\/blogdoarmindomaia.com.br\/index.php?rest_route=%2Fwp%2Fv2%2Fcategories&post=4641"},{"taxonomy":"post_tag","embeddable":true,"href":"http:\/\/blogdoarmindomaia.com.br\/index.php?rest_route=%2Fwp%2Fv2%2Ftags&post=4641"}],"curies":[{"name":"wp","href":"https:\/\/api.w.org\/{rel}","templated":true}]}}