{"id":4646,"date":"2023-03-15T11:19:47","date_gmt":"2023-03-15T14:19:47","guid":{"rendered":"http:\/\/blogdoarmindomaia.com.br\/?p=4646"},"modified":"2023-03-15T11:19:49","modified_gmt":"2023-03-15T14:19:49","slug":"araxa-promove-acoes-estrategicas-de-mobilizacao-contra-a-dengue","status":"publish","type":"post","link":"http:\/\/blogdoarmindomaia.com.br\/?p=4646","title":{"rendered":"Arax\u00e1 promove a\u00e7\u00f5es estrat\u00e9gicas de mobiliza\u00e7\u00e3o contra a dengue"},"content":{"rendered":"\n<figure class=\"wp-block-image size-full is-style-default\"><img loading=\"lazy\" decoding=\"async\" width=\"1024\" height=\"768\" src=\"http:\/\/blogdoarmindomaia.com.br\/wp-content\/uploads\/2023\/03\/Araxa-promove-acoes-estrategicas-de-mobilizacao-contra-a-dengue-pag-03.jpeg\" alt=\"\" class=\"wp-image-4647\" srcset=\"http:\/\/blogdoarmindomaia.com.br\/wp-content\/uploads\/2023\/03\/Araxa-promove-acoes-estrategicas-de-mobilizacao-contra-a-dengue-pag-03.jpeg 1024w, http:\/\/blogdoarmindomaia.com.br\/wp-content\/uploads\/2023\/03\/Araxa-promove-acoes-estrategicas-de-mobilizacao-contra-a-dengue-pag-03-300x225.jpeg 300w, http:\/\/blogdoarmindomaia.com.br\/wp-content\/uploads\/2023\/03\/Araxa-promove-acoes-estrategicas-de-mobilizacao-contra-a-dengue-pag-03-768x576.jpeg 768w\" sizes=\"auto, (max-width: 1024px) 100vw, 1024px\" \/><\/figure>\n\n\n\n<p>Conscientiza\u00e7\u00e3o e a\u00e7\u00e3o! A Vigil\u00e2ncia em Sa\u00fade da Prefeitura de Arax\u00e1 est\u00e1 realizando a\u00e7\u00f5es estrat\u00e9gicas de combate \u00e0 dengue em diversos pontos da cidade durante este m\u00eas de mar\u00e7o. Palestras, blitze educativas, mutir\u00f5es e visitas em im\u00f3veis s\u00e3o algumas das atividades promovidas para conscientizar e alertar a popula\u00e7\u00e3o sobre a dengue e outras doen\u00e7as causadas pelo mosquito Aedes aegypti.<br><br>A dengue n\u00e3o tem tratamento espec\u00edfico, causa sintomas como febre alta, dores no corpo, manchas vermelhas e pode at\u00e9 matar. Pessoas infectadas com o v\u00edrus pela segunda vez t\u00eam um risco significativamente maior que exigem cuidados hospitalares. O zikav\u00edrus e a febre chikungunya tamb\u00e9m s\u00e3o transmitidos pelo Aedes aegypti e completam a lista das doen\u00e7as virais mais comuns em ambientes urbanos.<br><br>At\u00e9 o momento s\u00e3o 400 notifica\u00e7\u00f5es e 39 casos positivos de dengue em 2023. Em rela\u00e7\u00e3o \u00e0 febre chikungunya, foi registrado um caso positivo da doen\u00e7a. N\u00e3o h\u00e1 nenhuma notifica\u00e7\u00e3o de casos suspeitos do zikav\u00edrus at\u00e9 o momento.<br><br>A coordenadora da Vigil\u00e2ncia em Sa\u00fade, Leninha Severo, comenta que a\u00e7\u00f5es estrat\u00e9gicas, al\u00e9m das rotineiras que s\u00e3o realizadas nas escolas e principais pontos da cidade, ir\u00e3o mais uma vez mobilizar a popula\u00e7\u00e3o para combater a dengue em Arax\u00e1.<br><br>\u201cNosso principal objetivo \u00e9 trabalhar em rela\u00e7\u00e3o \u00e0 sensibiliza\u00e7\u00e3o da comunidade para que possamos acabar com os focos da doen\u00e7a. Pedimos a todos que realizem a limpeza do seu quintal, cuide do espa\u00e7o dos animais de estima\u00e7\u00e3o e das plantas e redobre a aten\u00e7\u00e3o no per\u00edodo chuvoso. Mesmo com todas as atividades realizadas pela prefeitura, \u00e9 preciso que todos fa\u00e7am a sua parte\u201d, diz.<br><br><strong>Programa\u00e7\u00e3o<\/strong><br><br><br><br>&#8211; Sexta-feira (17\/03): Blitz Educativa na regi\u00e3o central da cidade;<br><br>&#8211; S\u00e1bado (18\/03): Mutir\u00e3o para a coleta de material inserv\u00edvel em regi\u00e3o com maior n\u00famero de notifica\u00e7\u00f5es da doen\u00e7a;<br><br>&#8211; Segunda-feira (20\/03): Visita em resid\u00eancias com situa\u00e7\u00e3o cr\u00edtica e ac\u00famulo de material;<br><br>&#8211; Ter\u00e7a-feira (21\/03): 15h &#8211; Palestra no Cemei Dalva Santos Zema;<br><br>&#8211; Quarta-feira (22\/03): 8h30 &#8211; Palestra no Cemei de F\u00e1tima;<br><br>&#8211; Quinta-feira (23\/03): Blitz Educativa em frente ao Uniarax\u00e1;<br><br>&#8211; Sexta-feira (24\/03): Blitz Educativa na regi\u00e3o central da cidade;<br><br>&#8211; S\u00e1bado (25\/03): Mutir\u00e3o para a coleta de material inserv\u00edvel em regi\u00e3o com maior n\u00famero de notifica\u00e7\u00f5es da doen\u00e7a;<br><br>&#8211; Segunda-feira (27\/03): Visita em resid\u00eancias com situa\u00e7\u00e3o cr\u00edtica e ac\u00famulo de material;<br><br>&#8211; Ter\u00e7a-feira (28\/03): 9h &#8211; Palestra no Cemei Delica Pereira Vale;<br><br>&#8211; Quarta-feira (29\/03): 8h &#8211; Palestra no Cemei Dona Petrosa;<br><br>&#8211; Quinta-feira (30\/03): Blitz Educativa no Complexo Vi\u00e1rio Oeste Max Neumann (viaduto Boa Vista);<br><br>&#8211; Sexta-feira (31\/03): Blitz Educativa na regi\u00e3o central da cidade.<br><\/p>\n","protected":false},"excerpt":{"rendered":"<p>Conscientiza\u00e7\u00e3o e a\u00e7\u00e3o! A Vigil\u00e2ncia em Sa\u00fade da Prefeitura de Arax\u00e1 est\u00e1 realizando a\u00e7\u00f5es estrat\u00e9gicas de combate \u00e0 dengue em<\/p>\n","protected":false},"author":2,"featured_media":4647,"comment_status":"open","ping_status":"open","sticky":false,"template":"","format":"standard","meta":{"footnotes":""},"categories":[9,11],"tags":[],"class_list":["post-4646","post","type-post","status-publish","format-standard","has-post-thumbnail","hentry","category-araxa","category-destaques"],"_links":{"self":[{"href":"http:\/\/blogdoarmindomaia.com.br\/index.php?rest_route=\/wp\/v2\/posts\/4646","targetHints":{"allow":["GET"]}}],"collection":[{"href":"http:\/\/blogdoarmindomaia.com.br\/index.php?rest_route=\/wp\/v2\/posts"}],"about":[{"href":"http:\/\/blogdoarmindomaia.com.br\/index.php?rest_route=\/wp\/v2\/types\/post"}],"author":[{"embeddable":true,"href":"http:\/\/blogdoarmindomaia.com.br\/index.php?rest_route=\/wp\/v2\/users\/2"}],"replies":[{"embeddable":true,"href":"http:\/\/blogdoarmindomaia.com.br\/index.php?rest_route=%2Fwp%2Fv2%2Fcomments&post=4646"}],"version-history":[{"count":1,"href":"http:\/\/blogdoarmindomaia.com.br\/index.php?rest_route=\/wp\/v2\/posts\/4646\/revisions"}],"predecessor-version":[{"id":4648,"href":"http:\/\/blogdoarmindomaia.com.br\/index.php?rest_route=\/wp\/v2\/posts\/4646\/revisions\/4648"}],"wp:featuredmedia":[{"embeddable":true,"href":"http:\/\/blogdoarmindomaia.com.br\/index.php?rest_route=\/wp\/v2\/media\/4647"}],"wp:attachment":[{"href":"http:\/\/blogdoarmindomaia.com.br\/index.php?rest_route=%2Fwp%2Fv2%2Fmedia&parent=4646"}],"wp:term":[{"taxonomy":"category","embeddable":true,"href":"http:\/\/blogdoarmindomaia.com.br\/index.php?rest_route=%2Fwp%2Fv2%2Fcategories&post=4646"},{"taxonomy":"post_tag","embeddable":true,"href":"http:\/\/blogdoarmindomaia.com.br\/index.php?rest_route=%2Fwp%2Fv2%2Ftags&post=4646"}],"curies":[{"name":"wp","href":"https:\/\/api.w.org\/{rel}","templated":true}]}}