{"id":4677,"date":"2023-03-16T16:51:54","date_gmt":"2023-03-16T19:51:54","guid":{"rendered":"http:\/\/blogdoarmindomaia.com.br\/?p=4677"},"modified":"2023-03-16T16:51:56","modified_gmt":"2023-03-16T19:51:56","slug":"coluna-de-esportes-joao-batista-de-freitas","status":"publish","type":"post","link":"http:\/\/blogdoarmindomaia.com.br\/?p=4677","title":{"rendered":"Coluna de Esportes &#8211; Jo\u00e3o Batista de Freitas"},"content":{"rendered":"\n<p><strong>Am\u00e9rica e Athletic saem na frente nas semifinais;<\/strong><\/p>\n\n\n\n<figure class=\"wp-block-image size-large is-style-default\"><img loading=\"lazy\" decoding=\"async\" width=\"1024\" height=\"613\" src=\"http:\/\/blogdoarmindomaia.com.br\/wp-content\/uploads\/2023\/03\/America-e-Athletic-saem-na-frente-nas-semifinais-essportes-1024x613.jpg\" alt=\"\" class=\"wp-image-4678\" srcset=\"http:\/\/blogdoarmindomaia.com.br\/wp-content\/uploads\/2023\/03\/America-e-Athletic-saem-na-frente-nas-semifinais-essportes-1024x613.jpg 1024w, http:\/\/blogdoarmindomaia.com.br\/wp-content\/uploads\/2023\/03\/America-e-Athletic-saem-na-frente-nas-semifinais-essportes-300x179.jpg 300w, http:\/\/blogdoarmindomaia.com.br\/wp-content\/uploads\/2023\/03\/America-e-Athletic-saem-na-frente-nas-semifinais-essportes-768x459.jpg 768w, http:\/\/blogdoarmindomaia.com.br\/wp-content\/uploads\/2023\/03\/America-e-Athletic-saem-na-frente-nas-semifinais-essportes.jpg 1170w\" sizes=\"auto, (max-width: 1024px) 100vw, 1024px\" \/><figcaption class=\"wp-element-caption\">durante partida entre Cruzeiro e Am\u00e9rica v\u00e1lida pelas semi-finais, jogo de ida, do Campeonato Mineiro 2023 &#8211; realizada na Arena do Jacar\u00e9 na cidade de Sete Lagoas na tarde deste s\u00e1bado. Foto: Mour\u00e3o Panda \/ Am\u00e9rica<\/figcaption><\/figure>\n\n\n\n<p><strong>Galo classificado na Libertadores<\/strong><\/p>\n\n\n\n<p><em>Alo\u00edsio marcou para o Am\u00e9rica<\/em><\/p>\n\n\n\n<p>Na quarta-feira, o Galo fez o jogo de volta pela terceira fase preliminar da Copa Libertadores contra o Millonarios no Mineir\u00e3o e venceu por 3 tentos a 1.<\/p>\n\n\n\n<p>Precisando vencer para se classificar para a fase de grupos, o Galo entrou em campo com sua for\u00e7a m\u00e1xima, exercendo press\u00e3o e tentando inaugurar o placar. A primeira boa chegada foi aos 13\u2019 em cabe\u00e7ada de Hulk que passou rente ao \u00e2ngulo. O Galo ainda teve outras chances no primeiro tempo, mas sem resultado. O Millonarios teve apenas uma chance que \u00c9verson defendeu.<\/p>\n\n\n\n<p>O segundo tempo come\u00e7ou diferente. Logo aos 3\u2019 Paulinho recebeu passe de Hulk e marcou de cabe\u00e7a, abrindo o placar para o Galo. Precisando empatar para levar a decis\u00e3o para os p\u00eanaltis, o Millonarios se abriu mais. Aos 35\u2019 novamente Paulinho, desta vez recebendo passe a\u00e7ucarado de Patrick, fez o segundo. Aos 43\u2019 Hulk recebeu de Paulinho e de voleio e fez o terceiro. Aos 47\u2019 Uribe diminuiu para o time colombiano. Coudet escalou \u00c9verson; Saravia, Lemos, Jemerson e Dod\u00f4; Allan (Ot\u00e1vio), Edenilson (Pedrinho), Zaracho (Igor Gomes) e Patrick; Paulinho (R\u00e9ver) e Hulk (Vargas).<\/p>\n\n\n\n<p>S\u00e1bado passado tivemos o cl\u00e1ssico Cruzeiro x Am\u00e9rica, disputado na Arena do Jacar\u00e9, em Sete Lagoas, pelo primeiro jogo das semifinais do Campeonato Mineiro e o Am\u00e9rica venceu por 2 tentos a 0.<\/p>\n\n\n\n<p>O Cruzeiro at\u00e9 foi melhor no primeiro tempo, criando mais oportunidades, mas n\u00e3o conseguiu traduzir esse dom\u00ednio em gol e, como quem n\u00e3o faz, toma, aos 24\u2019 Juninho ajeitou de cabe\u00e7a para Alo\u00edsio que bateu no canto esquerdo de Cabral.<\/p>\n\n\n\n<p>No segundo tempo o jogo continuou igual, e novamente o Cabuloso n\u00e3o conseguiu marcar, mas o Coelho ampliou com Juninho, aos 17\u2019. Aos 29\u2019 o juiz marcou falta na risca da \u00e1rea para o Cruzeiro, o VAR inicialmente determinou p\u00eanalti e 5 minutos depois decidiu que houve impedimento na jogada. O jogo de volta ser\u00e1 no domingo, \u00e0s 18 horas, no Independ\u00eancia.<\/p>\n\n\n\n<p>O Cruzeiro jogou com Rafael Cabral; William (Igor Formiga), Lucas Oliveira, Reynaldo e Kaiki; Ian Luccas, Ramiro (St\u00eanio) e Nik\u00e3o; Wesley (Wallisson), Bruno Rodrigues e Gilberto (Mateus Dav\u00f3).<\/p>\n\n\n\n<p>O Coelho atuou com Matheus Cavichioli; Arthur, Iago Maidana, Ricardo Silva e Nicolas (Danilo Avelar); Juninho, Al\u00ea e Ben\u00edtez (Mart\u00ednez); Felipe Azevedo (Adyson), Matheusinho (Everaldo) e Alo\u00edsio (Wellington Paulista).<\/p>\n\n\n\n<p>No domingo jogaram Atl\u00e9tico x Athletic tamb\u00e9m pelas semifinais do Campeonato Mineiro e o Galo perdeu por 1 tento a 0.<\/p>\n\n\n\n<p>O jogo come\u00e7ou bastante disputado, com o Athletic exercendo forte press\u00e3o, precisando vencer para reverter o resultado favor\u00e1vel ao Galo. Com uma equipe alternativa, o Atl\u00e9tico aos poucos foi equilibrando a partida no primeiro tempo. Mesmo assim, aos 48\u2019, de p\u00eanalti, Jonathan abriu o placar para a equipe de S\u00e3o Jo\u00e3o Del Rei. No segundo tempo, Coudet colocou alguns titulares e aos 32\u2019 Hulk errou cobran\u00e7a de p\u00eanalti, que pegou na trave direita. O jogo de volta ser\u00e1 amanh\u00e3, s\u00e1bado, \u00e0s 16h30, na Arena Independ\u00eancia, com o Atl\u00e9tico precisando vencer.<\/p>\n\n\n\n<p>O Galo jogou com \u00c9verson; Mariano, Nathan Silva, R\u00e9ver e Rubens; Ot\u00e1vio, Igor Gomes (Eden\u00edlson) e Pedrinho (Hyoran); Pav\u00f3n (Ademir), Vargas (Paulinho) e Eduardo Sasha (Hulk).<\/p>\n\n\n\n<p>Na ter\u00e7a-feira, a equipe do Am\u00e9rica enfrentou o Santa Cruz pela Copa do Brasil, jogo realizado na Arena Independ\u00eancia e venceu por 1 tento a 0, classificando-se para a terceira fase do torneio.<\/p>\n\n\n\n<p>Durante todo o primeiro tempo a equipe do Coelho exerceu press\u00e3o na defesa advers\u00e1ria, criando boas chances de marcar. J\u00e1 nos acr\u00e9scimos, aos 46\u2019, Alo\u00edsio tentou dominar na areia, mas a bola sobrou para Ben\u00edtez que bateu no canto esquerdo e abriu o placar para o Am\u00e9rica. No segundo tempo o Santa Cruz foi at\u00e9 mais agressivo, tentando o empate, mas a vit\u00f3ria ficou mesmo com o time mineiro.<\/p>\n\n\n\n<p>Mancini escalou Matheus Cavichioli; Arthur (Nino Para\u00edba), Iago Maidana, Ricardo Silva e Marlon; Al\u00ea, Juninho e Ben\u00edtez (Mart\u00ednez); Matheusinho (Adyson), Alo\u00edsio (Everaldo) e Felipe Azevedo (Mikael).<\/p>\n","protected":false},"excerpt":{"rendered":"<p>Am\u00e9rica e Athletic saem na frente nas semifinais; Galo classificado na Libertadores Alo\u00edsio marcou para o Am\u00e9rica Na quarta-feira, o<\/p>\n","protected":false},"author":2,"featured_media":4678,"comment_status":"open","ping_status":"open","sticky":false,"template":"","format":"standard","meta":{"footnotes":""},"categories":[9,15],"tags":[],"class_list":["post-4677","post","type-post","status-publish","format-standard","has-post-thumbnail","hentry","category-araxa","category-esportes"],"_links":{"self":[{"href":"http:\/\/blogdoarmindomaia.com.br\/index.php?rest_route=\/wp\/v2\/posts\/4677","targetHints":{"allow":["GET"]}}],"collection":[{"href":"http:\/\/blogdoarmindomaia.com.br\/index.php?rest_route=\/wp\/v2\/posts"}],"about":[{"href":"http:\/\/blogdoarmindomaia.com.br\/index.php?rest_route=\/wp\/v2\/types\/post"}],"author":[{"embeddable":true,"href":"http:\/\/blogdoarmindomaia.com.br\/index.php?rest_route=\/wp\/v2\/users\/2"}],"replies":[{"embeddable":true,"href":"http:\/\/blogdoarmindomaia.com.br\/index.php?rest_route=%2Fwp%2Fv2%2Fcomments&post=4677"}],"version-history":[{"count":1,"href":"http:\/\/blogdoarmindomaia.com.br\/index.php?rest_route=\/wp\/v2\/posts\/4677\/revisions"}],"predecessor-version":[{"id":4679,"href":"http:\/\/blogdoarmindomaia.com.br\/index.php?rest_route=\/wp\/v2\/posts\/4677\/revisions\/4679"}],"wp:featuredmedia":[{"embeddable":true,"href":"http:\/\/blogdoarmindomaia.com.br\/index.php?rest_route=\/wp\/v2\/media\/4678"}],"wp:attachment":[{"href":"http:\/\/blogdoarmindomaia.com.br\/index.php?rest_route=%2Fwp%2Fv2%2Fmedia&parent=4677"}],"wp:term":[{"taxonomy":"category","embeddable":true,"href":"http:\/\/blogdoarmindomaia.com.br\/index.php?rest_route=%2Fwp%2Fv2%2Fcategories&post=4677"},{"taxonomy":"post_tag","embeddable":true,"href":"http:\/\/blogdoarmindomaia.com.br\/index.php?rest_route=%2Fwp%2Fv2%2Ftags&post=4677"}],"curies":[{"name":"wp","href":"https:\/\/api.w.org\/{rel}","templated":true}]}}