{"id":4685,"date":"2023-03-16T17:01:56","date_gmt":"2023-03-16T20:01:56","guid":{"rendered":"http:\/\/blogdoarmindomaia.com.br\/?p=4685"},"modified":"2023-03-16T17:01:58","modified_gmt":"2023-03-16T20:01:58","slug":"queima-do-alho-tera-participacao-de-6-comitivas-e-13-atracoes-artisticas","status":"publish","type":"post","link":"http:\/\/blogdoarmindomaia.com.br\/?p=4685","title":{"rendered":"<strong>Queima do Alho ter\u00e1 participa\u00e7\u00e3o de 6 comitivas e 13 atra\u00e7\u00f5es art\u00edsticas<\/strong>"},"content":{"rendered":"\n<figure class=\"wp-block-image size-full is-style-default\"><img loading=\"lazy\" decoding=\"async\" width=\"1000\" height=\"667\" src=\"http:\/\/blogdoarmindomaia.com.br\/wp-content\/uploads\/2023\/03\/Queima-do-AAlho-tera-participacao-pag-06.jpg\" alt=\"\" class=\"wp-image-4686\" srcset=\"http:\/\/blogdoarmindomaia.com.br\/wp-content\/uploads\/2023\/03\/Queima-do-AAlho-tera-participacao-pag-06.jpg 1000w, http:\/\/blogdoarmindomaia.com.br\/wp-content\/uploads\/2023\/03\/Queima-do-AAlho-tera-participacao-pag-06-300x200.jpg 300w, http:\/\/blogdoarmindomaia.com.br\/wp-content\/uploads\/2023\/03\/Queima-do-AAlho-tera-participacao-pag-06-768x512.jpg 768w\" sizes=\"auto, (max-width: 1000px) 100vw, 1000px\" \/><\/figure>\n\n\n\n<figure class=\"wp-block-image size-large is-style-default\"><img loading=\"lazy\" decoding=\"async\" width=\"1024\" height=\"682\" src=\"http:\/\/blogdoarmindomaia.com.br\/wp-content\/uploads\/2023\/03\/queima_do_alho-8-1024x682.jpg\" alt=\"\" class=\"wp-image-4687\" srcset=\"http:\/\/blogdoarmindomaia.com.br\/wp-content\/uploads\/2023\/03\/queima_do_alho-8-1024x682.jpg 1024w, http:\/\/blogdoarmindomaia.com.br\/wp-content\/uploads\/2023\/03\/queima_do_alho-8-300x200.jpg 300w, http:\/\/blogdoarmindomaia.com.br\/wp-content\/uploads\/2023\/03\/queima_do_alho-8-768x512.jpg 768w, http:\/\/blogdoarmindomaia.com.br\/wp-content\/uploads\/2023\/03\/queima_do_alho-8.jpg 1280w\" sizes=\"auto, (max-width: 1024px) 100vw, 1024px\" \/><\/figure>\n\n\n\n<figure class=\"wp-block-image size-full is-style-default\"><img loading=\"lazy\" decoding=\"async\" width=\"1000\" height=\"667\" src=\"http:\/\/blogdoarmindomaia.com.br\/wp-content\/uploads\/2023\/03\/queima_do_alho-14.jpg\" alt=\"\" class=\"wp-image-4688\" srcset=\"http:\/\/blogdoarmindomaia.com.br\/wp-content\/uploads\/2023\/03\/queima_do_alho-14.jpg 1000w, http:\/\/blogdoarmindomaia.com.br\/wp-content\/uploads\/2023\/03\/queima_do_alho-14-300x200.jpg 300w, http:\/\/blogdoarmindomaia.com.br\/wp-content\/uploads\/2023\/03\/queima_do_alho-14-768x512.jpg 768w\" sizes=\"auto, (max-width: 1000px) 100vw, 1000px\" \/><\/figure>\n\n\n\n<p><em>Entre os destaques est\u00e1 a Comitiva Chapad\u00e3o, de Serra do Salitre<\/em><\/p>\n\n\n\n<p>Uma comitiva formada por 54 integrantes e que tem como especialidade pratos tradicionais como a vaca atolada, feij\u00e3o tropeiro, feij\u00e3o amigo, arroz carreteiro, paella mineira, f\u00edgado com jil\u00f3, farofa de abobrinha, farofa de jil\u00f3, lingui\u00e7a artesanal e torresmo. A Comitiva Chapad\u00e3o, de Serra do Salitre, est\u00e1 confirmada na Queima do Alho do Arax\u00e1 Rodeio Show, no dia primeiro de abril. \u201cEstamos felizes pelo convite e esperamos que o evento seja grandioso com muita fartura e que o povo venha com bastante alegria e vontade de festejar\u201d, diz Mariney F\u00e1tima da Silva Ribeiro, uma das fundadoras da comitiva.<\/p>\n\n\n\n<p>A Comitiva Chapad\u00e3o \u00e9 formada por homens, mulheres e crian\u00e7as que participam ativamente dos eventos. \u201cO nosso trabalho \u00e9 totalmente volunt\u00e1rio e direcionado para a realiza\u00e7\u00e3o de eventos de cunho beneficente\u201d, conta Mariney. \u201cA comitiva Chapad\u00e3o tem como marca registrada a diversidade dos integrantes e a mistura do tradicional com contempor\u00e2neo no modo de conduzir a prepara\u00e7\u00e3o dos pratos. Alegria, uni\u00e3o e o esp\u00edrito de ajudar pr\u00f3ximo \u00e9 o nosso lema\u201d, conclui.<\/p>\n\n\n\n<p><strong>Comitivas confirmadas<\/strong><\/p>\n\n\n\n<p>A organiza\u00e7\u00e3o da Queima do Alho do ARS j\u00e1 confirmou a participa\u00e7\u00e3o de seis comitivas na edi\u00e7\u00e3o deste ano. Veja a lista:<\/p>\n\n\n\n<ul class=\"wp-block-list\">\n<li>100% Rural<\/li>\n\n\n\n<li>Edidany Barbosa<\/li>\n\n\n\n<li>Tropeiros da Canastra<\/li>\n\n\n\n<li>Ch\u00e3o Mineiro<\/li>\n\n\n\n<li>Porto Real<\/li>\n\n\n\n<li>Chapad\u00e3o<\/li>\n<\/ul>\n\n\n\n<p><strong>Atra\u00e7\u00f5es culturais<\/strong><\/p>\n\n\n\n<p>Os artistas que v\u00e3o participar da 5\u00aa Queima do Alho tamb\u00e9m j\u00e1 foram confirmados. S\u00e3o eles:<\/p>\n\n\n\n<ul class=\"wp-block-list\">\n<li>Fl\u00e1vio e Leandro<\/li>\n\n\n\n<li>Vitor e Versol<\/li>\n\n\n\n<li>Luiz Neto e Gustavo<\/li>\n\n\n\n<li>Banda 100% Caipira<\/li>\n\n\n\n<li>Samba Quente<\/li>\n\n\n\n<li>Liim Zaab<\/li>\n\n\n\n<li>Haroldo Jr.<\/li>\n\n\n\n<li>Jeane e Eliane<\/li>\n\n\n\n<li>Henrique Lenin<\/li>\n\n\n\n<li>Batid\u00e3o do Sert\u00e3o<\/li>\n\n\n\n<li>Douglas Henrique e Magalh\u00e3es<\/li>\n\n\n\n<li>Lippe e Fernando<\/li>\n\n\n\n<li>Jhon Vitor e Rafael<\/li>\n<\/ul>\n\n\n\n<p><strong>Venda de Ingressos<\/strong><\/p>\n\n\n\n<p>As vendas de ingressos para a Queima do Alho do ARS j\u00e1 come\u00e7aram. O valor do ingresso \u00e9 de R$70. S\u00e3o v\u00e1rios pontos de venda. <strong>(veja abaixo)<\/strong>. A arrecada\u00e7\u00e3o novamente beneficiar\u00e1 entidades de Arax\u00e1: Lar Ebenezer, Recanto do Idoso S\u00e3o Vicente de Paulo, Ampara, SOS, Equoterapia Prosseguir e Obras Sociais Jesus te Ama (Chic\u00e3o).<\/p>\n\n\n\n<p><strong>Tradi\u00e7\u00e3o<\/strong><\/p>\n\n\n\n<p>A Queima do Alho abre oficialmente as atividades do Arax\u00e1 Rodeio Show.&nbsp;No dia primeiro de abril, a partir das 11 horas, no Parque de Exposi\u00e7\u00f5es, a popula\u00e7\u00e3o poder\u00e1 viver momentos inesquec\u00edveis, com uma decora\u00e7\u00e3o especial, muita m\u00fasica e comida boa preparada por comitivas regionais.<\/p>\n\n\n\n<p>Uma novidade \u00e9 que neste ano o p\u00fablico vai poder conferir no local a exposi\u00e7\u00e3o intitulada \u201cCaminho dos Tropeiros\u201d e votar no prato que mais gostou. O card\u00e1pio ser\u00e1 divulgado em breve.<\/p>\n","protected":false},"excerpt":{"rendered":"<p>Entre os destaques est\u00e1 a Comitiva Chapad\u00e3o, de Serra do Salitre Uma comitiva formada por 54 integrantes e que tem<\/p>\n","protected":false},"author":2,"featured_media":4686,"comment_status":"open","ping_status":"open","sticky":false,"template":"","format":"standard","meta":{"footnotes":""},"categories":[9,11],"tags":[],"class_list":["post-4685","post","type-post","status-publish","format-standard","has-post-thumbnail","hentry","category-araxa","category-destaques"],"_links":{"self":[{"href":"http:\/\/blogdoarmindomaia.com.br\/index.php?rest_route=\/wp\/v2\/posts\/4685","targetHints":{"allow":["GET"]}}],"collection":[{"href":"http:\/\/blogdoarmindomaia.com.br\/index.php?rest_route=\/wp\/v2\/posts"}],"about":[{"href":"http:\/\/blogdoarmindomaia.com.br\/index.php?rest_route=\/wp\/v2\/types\/post"}],"author":[{"embeddable":true,"href":"http:\/\/blogdoarmindomaia.com.br\/index.php?rest_route=\/wp\/v2\/users\/2"}],"replies":[{"embeddable":true,"href":"http:\/\/blogdoarmindomaia.com.br\/index.php?rest_route=%2Fwp%2Fv2%2Fcomments&post=4685"}],"version-history":[{"count":1,"href":"http:\/\/blogdoarmindomaia.com.br\/index.php?rest_route=\/wp\/v2\/posts\/4685\/revisions"}],"predecessor-version":[{"id":4689,"href":"http:\/\/blogdoarmindomaia.com.br\/index.php?rest_route=\/wp\/v2\/posts\/4685\/revisions\/4689"}],"wp:featuredmedia":[{"embeddable":true,"href":"http:\/\/blogdoarmindomaia.com.br\/index.php?rest_route=\/wp\/v2\/media\/4686"}],"wp:attachment":[{"href":"http:\/\/blogdoarmindomaia.com.br\/index.php?rest_route=%2Fwp%2Fv2%2Fmedia&parent=4685"}],"wp:term":[{"taxonomy":"category","embeddable":true,"href":"http:\/\/blogdoarmindomaia.com.br\/index.php?rest_route=%2Fwp%2Fv2%2Fcategories&post=4685"},{"taxonomy":"post_tag","embeddable":true,"href":"http:\/\/blogdoarmindomaia.com.br\/index.php?rest_route=%2Fwp%2Fv2%2Ftags&post=4685"}],"curies":[{"name":"wp","href":"https:\/\/api.w.org\/{rel}","templated":true}]}}