{"id":4706,"date":"2023-03-20T14:29:52","date_gmt":"2023-03-20T17:29:52","guid":{"rendered":"http:\/\/blogdoarmindomaia.com.br\/?p=4706"},"modified":"2023-03-20T14:29:54","modified_gmt":"2023-03-20T17:29:54","slug":"semana-da-agua-promove-mutirao-de-limpeza-e-plantio-de-mudas","status":"publish","type":"post","link":"http:\/\/blogdoarmindomaia.com.br\/?p=4706","title":{"rendered":"Semana da \u00c1gua promove mutir\u00e3o de limpeza e plantio de mudas\u00a0"},"content":{"rendered":"\n<figure class=\"wp-block-image size-full is-style-default\"><img loading=\"lazy\" decoding=\"async\" width=\"1024\" height=\"683\" src=\"http:\/\/blogdoarmindomaia.com.br\/wp-content\/uploads\/2023\/03\/Semana-da-Agua-pag-04.jpeg\" alt=\"\" class=\"wp-image-4707\" srcset=\"http:\/\/blogdoarmindomaia.com.br\/wp-content\/uploads\/2023\/03\/Semana-da-Agua-pag-04.jpeg 1024w, http:\/\/blogdoarmindomaia.com.br\/wp-content\/uploads\/2023\/03\/Semana-da-Agua-pag-04-300x200.jpeg 300w, http:\/\/blogdoarmindomaia.com.br\/wp-content\/uploads\/2023\/03\/Semana-da-Agua-pag-04-768x512.jpeg 768w\" sizes=\"auto, (max-width: 1024px) 100vw, 1024px\" \/><\/figure>\n\n\n\n<p>Arax\u00e1 conta com a\u00e7\u00f5es em comemora\u00e7\u00e3o \u00e0 Semana da \u00c1gua com o Dia D com Mutir\u00e3o de Limpeza e Plantio de Mudas na Matinha do bairro Francisco Duarte, palestras em escolas e visita monitorada.<br><br>As atividades aconteceram de 18 a 23 de mar\u00e7o e foram organizadas pelo Instituto de Planejamento e Desenvolvimento Sustent\u00e1vel de Arax\u00e1 (IPDSA), com apoio da Secretaria Municipal de Educa\u00e7\u00e3o, Secretaria Municipal de Servi\u00e7os Urbanos, Companhia de Saneamento de Minas Gerais (Copasa) e Companhia Mineradora do Pirocloro de Arax\u00e1 (Comipa).<br><br>J\u00e1 o Dia Mundial da \u00c1gua \u00e9 comemorado em 22 de mar\u00e7o. Essa data foi criada em 1992 pela Organiza\u00e7\u00e3o das Na\u00e7\u00f5es Unidas (ONU) e visa a amplia\u00e7\u00e3o da discuss\u00e3o sobre o tema.<br><br>\u201cNossos servidores e parceiros estar\u00e3o todos envolvidos nessas atividades que s\u00e3o importantes para que possamos cada vez mais preservar e fazer o melhor uso do bem mais precioso que temos, que \u00e9 a \u00e1gua. Convidamos ainda a popula\u00e7\u00e3o para participar do Dia D com Mutir\u00e3o de Limpeza e Plantio de Mudas na Matinha do bairro Francisco Duarte, a partir das 8h\u201d, destaca o superintendente do IPDSA, Vin\u00edcius Martins.<br><br>.<\/p>\n","protected":false},"excerpt":{"rendered":"<p>Arax\u00e1 conta com a\u00e7\u00f5es em comemora\u00e7\u00e3o \u00e0 Semana da \u00c1gua com o Dia D com Mutir\u00e3o de Limpeza e Plantio<\/p>\n","protected":false},"author":2,"featured_media":0,"comment_status":"open","ping_status":"open","sticky":false,"template":"","format":"standard","meta":{"footnotes":""},"categories":[9,11],"tags":[],"class_list":["post-4706","post","type-post","status-publish","format-standard","hentry","category-araxa","category-destaques"],"_links":{"self":[{"href":"http:\/\/blogdoarmindomaia.com.br\/index.php?rest_route=\/wp\/v2\/posts\/4706","targetHints":{"allow":["GET"]}}],"collection":[{"href":"http:\/\/blogdoarmindomaia.com.br\/index.php?rest_route=\/wp\/v2\/posts"}],"about":[{"href":"http:\/\/blogdoarmindomaia.com.br\/index.php?rest_route=\/wp\/v2\/types\/post"}],"author":[{"embeddable":true,"href":"http:\/\/blogdoarmindomaia.com.br\/index.php?rest_route=\/wp\/v2\/users\/2"}],"replies":[{"embeddable":true,"href":"http:\/\/blogdoarmindomaia.com.br\/index.php?rest_route=%2Fwp%2Fv2%2Fcomments&post=4706"}],"version-history":[{"count":1,"href":"http:\/\/blogdoarmindomaia.com.br\/index.php?rest_route=\/wp\/v2\/posts\/4706\/revisions"}],"predecessor-version":[{"id":4708,"href":"http:\/\/blogdoarmindomaia.com.br\/index.php?rest_route=\/wp\/v2\/posts\/4706\/revisions\/4708"}],"wp:attachment":[{"href":"http:\/\/blogdoarmindomaia.com.br\/index.php?rest_route=%2Fwp%2Fv2%2Fmedia&parent=4706"}],"wp:term":[{"taxonomy":"category","embeddable":true,"href":"http:\/\/blogdoarmindomaia.com.br\/index.php?rest_route=%2Fwp%2Fv2%2Fcategories&post=4706"},{"taxonomy":"post_tag","embeddable":true,"href":"http:\/\/blogdoarmindomaia.com.br\/index.php?rest_route=%2Fwp%2Fv2%2Ftags&post=4706"}],"curies":[{"name":"wp","href":"https:\/\/api.w.org\/{rel}","templated":true}]}}