{"id":4721,"date":"2023-03-21T14:43:53","date_gmt":"2023-03-21T17:43:53","guid":{"rendered":"http:\/\/blogdoarmindomaia.com.br\/?p=4721"},"modified":"2023-03-21T14:43:55","modified_gmt":"2023-03-21T17:43:55","slug":"mes-de-marco-relembra-cuidados-e-prevencao-em-relacao-ao-cancer-colorretal","status":"publish","type":"post","link":"http:\/\/blogdoarmindomaia.com.br\/?p=4721","title":{"rendered":"M\u00eas de mar\u00e7o relembra cuidados e preven\u00e7\u00e3o em rela\u00e7\u00e3o ao c\u00e2ncer colorretal"},"content":{"rendered":"\n<figure class=\"wp-block-image size-full is-style-default\"><img loading=\"lazy\" decoding=\"async\" width=\"630\" height=\"318\" src=\"http:\/\/blogdoarmindomaia.com.br\/wp-content\/uploads\/2023\/03\/Mes-de-marco-relembra-cuidados-e-prevencao-pag-06.jpg\" alt=\"\" class=\"wp-image-4722\" srcset=\"http:\/\/blogdoarmindomaia.com.br\/wp-content\/uploads\/2023\/03\/Mes-de-marco-relembra-cuidados-e-prevencao-pag-06.jpg 630w, http:\/\/blogdoarmindomaia.com.br\/wp-content\/uploads\/2023\/03\/Mes-de-marco-relembra-cuidados-e-prevencao-pag-06-300x151.jpg 300w\" sizes=\"auto, (max-width: 630px) 100vw, 630px\" \/><\/figure>\n\n\n\n<p>Em todo o mundo, os tumores de intestino &#8211; que abrangem aqueles que se iniciam tanto na parte do intestino grosso chamada c\u00f3lon como em sua por\u00e7\u00e3o final, no reto e \u00e2nus &#8211; \u00e9 respons\u00e1vel por cerca de 10% de todos os diagn\u00f3sticos de c\u00e2ncer no mundo, com 1,9 milh\u00e3o de novos casos anuais e 935 mil mortes, segundo o levantamento Globocan, da Organiza\u00e7\u00e3o Mundial da Sa\u00fade (OMS).&nbsp;<\/p>\n\n\n\n<p>Esse alerta para a sociedade em geral ganha um refor\u00e7o neste m\u00eas, que marca a campanha Mar\u00e7o Azul-marinho, voltada \u00e0 promo\u00e7\u00e3o do cuidado e \u00e0 preven\u00e7\u00e3o da condi\u00e7\u00e3o em todo o mundo.&nbsp;No Brasil, de acordo com o Instituto Nacional de C\u00e2ncer (INCA), a doen\u00e7a ocupa o segundo lugar em volume de incid\u00eancia, excluindo o c\u00e2ncer de pele n\u00e3o melanoma, em homens e mulheres, ficando atr\u00e1s apenas das neoplasias de pr\u00f3stata e mama, respectivamente. A entidade estima que ao longo de 2023 ser\u00e3o identificados 45.630 novos casos de tumores de intestino.<\/p>\n\n\n\n<p>O tumor colorretal se desenvolve no intestino grosso: no c\u00f3lon ou em sua por\u00e7\u00e3o final, o reto. O principal tipo de tumor colorretal \u00e9 o adenocarcinoma e, em 90% dos casos, o tumor se origina a partir de p\u00f3lipos na regi\u00e3o que, se n\u00e3o identificados e tratados, podem sofrer altera\u00e7\u00f5es ao longo dos anos, podendo se tornar cancer\u00edgenos. A principal forma de diagn\u00f3stico e preven\u00e7\u00e3o \u00e9 atrav\u00e9s do exame de colonoscopia, em que um tubinho flex\u00edvel com uma c\u00e2mera na ponta \u00e9 introduzido no intestino e faz imagens que revelam se h\u00e1 presen\u00e7a de poss\u00edveis altera\u00e7\u00f5es, permitindo, inclusive, remo\u00e7\u00e3o de p\u00f3lipos e bi\u00f3psias de les\u00f5es suspeitas. No Brasil, o Minist\u00e9rio da Sa\u00fade recomenda iniciar o rastreio do c\u00e2ncer de c\u00f3lon e reto da popula\u00e7\u00e3o adulta de risco habitual na faixa et\u00e1ria de 50 anos &#8211; mas muitos pa\u00edses j\u00e1 reduziram para 45 anos de idade.&nbsp;<\/p>\n\n\n\n<p>\u201cGrande parte dos tumores de intestino aparece a partir dos chamados p\u00f3lipos, que s\u00e3o les\u00f5es benignas que crescem na parede interna do \u00f3rg\u00e3o, mas que se n\u00e3o identificadas preventivamente podem evoluir e se tornarem malignas com o passar do tempo. Ap\u00f3s os 50 anos de idade, a chance de apresentar p\u00f3lipos aumenta, ficando entre 18% e 36%, o que consequentemente representa um aumento no risco de tumores malignos decorrentes da condi\u00e7\u00e3o a partir dessa fase da vida e por isso ela foi estabelecida como crit\u00e9rio para in\u00edcio do rastreio ativo. Al\u00e9m de detectar esses p\u00f3lipos, a colonoscopia permite que eles sejam retirados, o que funciona como mais uma forma de prevenir o c\u00e2ncer\u201d, explica a oncologista&nbsp;Renata D\u2019Alpino, co-l\u00edder da especialidade de tumores gastrointestinais e neuroend\u00f3crinos do Grupo Oncocl\u00ednicas.<\/p>\n\n\n\n<p>Ela lembra que pessoas com hist\u00f3rico pessoal de p\u00f3lipos ou de doen\u00e7a inflamat\u00f3ria intestinal, como retocolite ulcerativa e doen\u00e7a de Crohn, bem como registros familiares de c\u00e2ncer colorretal em um ou mais parentes de primeiro grau, principalmente se diagnosticado antes de 45 anos, devem ter aten\u00e7\u00e3o redobrada e realizar controles peri\u00f3dicos antes da idade base indicada para a popula\u00e7\u00e3o em geral. E alerta: quando descoberto em fase inicial, o c\u00e2ncer colorretal tem taxa de cura acima de 90%.<\/p>\n\n\n\n<p><strong>Incid\u00eancia cresce entre jovens adultos<\/strong><\/p>\n\n\n\n<p>Para a oncologista da Oncocl\u00ednicas, outro ponto de grande relev\u00e2ncia no combate ao c\u00e2ncer de intestino \u00e9 o estabelecimento de uma recomenda\u00e7\u00e3o mais clara para triagem de casos assintom\u00e1ticos, quando n\u00e3o h\u00e1 sinais de sintomas cl\u00e1ssicos que podem levantar suspeitas &#8211; caso de sangramentos corriqueiros vis\u00edveis nas fezes &#8211; entre a por\u00e7\u00e3o da popula\u00e7\u00e3o com menos de 50 anos. Entre as a\u00e7\u00f5es poss\u00edveis, ela destaca uma iniciativa liderada pela US Preventive Services Task Force que considera que testes menos invasivos poderiam ser iniciados precocemente e repetidos com intervalos menores em compara\u00e7\u00e3o \u00e0 colonoscopia. Al\u00e9m disso, prev\u00ea mudar a idade de rastreamento para os 45 anos, devendo ser repetido a cada 5 anos em caso de resultados normais, como j\u00e1 vem sendo sugerido desde 2019 pela American Cancer Society (ACS).<\/p>\n\n\n\n<p>.<\/p>\n","protected":false},"excerpt":{"rendered":"<p>Em todo o mundo, os tumores de intestino &#8211; que abrangem aqueles que se iniciam tanto na parte do intestino<\/p>\n","protected":false},"author":2,"featured_media":4722,"comment_status":"open","ping_status":"open","sticky":false,"template":"","format":"standard","meta":{"footnotes":""},"categories":[9,29],"tags":[],"class_list":["post-4721","post","type-post","status-publish","format-standard","has-post-thumbnail","hentry","category-araxa","category-saude"],"_links":{"self":[{"href":"http:\/\/blogdoarmindomaia.com.br\/index.php?rest_route=\/wp\/v2\/posts\/4721","targetHints":{"allow":["GET"]}}],"collection":[{"href":"http:\/\/blogdoarmindomaia.com.br\/index.php?rest_route=\/wp\/v2\/posts"}],"about":[{"href":"http:\/\/blogdoarmindomaia.com.br\/index.php?rest_route=\/wp\/v2\/types\/post"}],"author":[{"embeddable":true,"href":"http:\/\/blogdoarmindomaia.com.br\/index.php?rest_route=\/wp\/v2\/users\/2"}],"replies":[{"embeddable":true,"href":"http:\/\/blogdoarmindomaia.com.br\/index.php?rest_route=%2Fwp%2Fv2%2Fcomments&post=4721"}],"version-history":[{"count":1,"href":"http:\/\/blogdoarmindomaia.com.br\/index.php?rest_route=\/wp\/v2\/posts\/4721\/revisions"}],"predecessor-version":[{"id":4723,"href":"http:\/\/blogdoarmindomaia.com.br\/index.php?rest_route=\/wp\/v2\/posts\/4721\/revisions\/4723"}],"wp:featuredmedia":[{"embeddable":true,"href":"http:\/\/blogdoarmindomaia.com.br\/index.php?rest_route=\/wp\/v2\/media\/4722"}],"wp:attachment":[{"href":"http:\/\/blogdoarmindomaia.com.br\/index.php?rest_route=%2Fwp%2Fv2%2Fmedia&parent=4721"}],"wp:term":[{"taxonomy":"category","embeddable":true,"href":"http:\/\/blogdoarmindomaia.com.br\/index.php?rest_route=%2Fwp%2Fv2%2Fcategories&post=4721"},{"taxonomy":"post_tag","embeddable":true,"href":"http:\/\/blogdoarmindomaia.com.br\/index.php?rest_route=%2Fwp%2Fv2%2Ftags&post=4721"}],"curies":[{"name":"wp","href":"https:\/\/api.w.org\/{rel}","templated":true}]}}