{"id":4732,"date":"2023-03-23T16:07:21","date_gmt":"2023-03-23T19:07:21","guid":{"rendered":"http:\/\/blogdoarmindomaia.com.br\/?p=4732"},"modified":"2023-03-23T16:07:23","modified_gmt":"2023-03-23T19:07:23","slug":"acao-social-realiza-plantoes-de-atendimento-para-cadastro-de-regularizacao-de-imoveis","status":"publish","type":"post","link":"http:\/\/blogdoarmindomaia.com.br\/?p=4732","title":{"rendered":"<strong>A\u00e7\u00e3o Social realiza plant\u00f5es de atendimento para cadastro de regulariza\u00e7\u00e3o de im\u00f3veis<\/strong>"},"content":{"rendered":"\n<figure class=\"wp-block-image size-large is-style-default\"><img loading=\"lazy\" decoding=\"async\" width=\"1024\" height=\"1024\" src=\"http:\/\/blogdoarmindomaia.com.br\/wp-content\/uploads\/2023\/03\/calendario-plantao-1-1024x1024.jpeg\" alt=\"\" class=\"wp-image-4733\" srcset=\"http:\/\/blogdoarmindomaia.com.br\/wp-content\/uploads\/2023\/03\/calendario-plantao-1-1024x1024.jpeg 1024w, http:\/\/blogdoarmindomaia.com.br\/wp-content\/uploads\/2023\/03\/calendario-plantao-1-300x300.jpeg 300w, http:\/\/blogdoarmindomaia.com.br\/wp-content\/uploads\/2023\/03\/calendario-plantao-1-150x150.jpeg 150w, http:\/\/blogdoarmindomaia.com.br\/wp-content\/uploads\/2023\/03\/calendario-plantao-1-768x768.jpeg 768w, http:\/\/blogdoarmindomaia.com.br\/wp-content\/uploads\/2023\/03\/calendario-plantao-1-1536x1536.jpeg 1536w, http:\/\/blogdoarmindomaia.com.br\/wp-content\/uploads\/2023\/03\/calendario-plantao-1.jpeg 1600w\" sizes=\"auto, (max-width: 1024px) 100vw, 1024px\" \/><\/figure>\n\n\n\n<p>A Secretaria Municipal de A\u00e7\u00e3o Social est\u00e1 realizando plant\u00f5es para regulariza\u00e7\u00e3o fundi\u00e1ria de im\u00f3veis por meio do Programa Meu Lar. Os interessados devem comparecer aos N\u00facleos de Conviv\u00eancias ou Centro de Refer\u00eancia de Assist\u00eancia Social (CRAS) mais pr\u00f3ximo de sua resid\u00eancia e realizar o cadastro para aderir ao programa. Os atendimentos s\u00e3o referentes aos bairros Boa Vista, Bom Jesus, Francisco Duarte, Ana Pinto de Almeida, Santa Maria e Mangueiras, conforme cronograma.<br><br>Para o cadastro \u00e9 necess\u00e1rio apresentar o documento de posse do im\u00f3vel em nome do benefici\u00e1rio e documento atestando a exist\u00eancia do im\u00f3vel anterior a 22 de dezembro de 2016. Al\u00e9m disso, \u00e9 preciso apresentar os documentos pessoais (CPF e RG), comprovante de endere\u00e7o atualizado, e certid\u00e3o de nascimento. Caso seja casado, divorciado ou esteja em uni\u00e3o est\u00e1vel, \u00e9 necess\u00e1rio levar documenta\u00e7\u00e3o que comprove o estado civil.<br><br>O Meu Lar tem como objetivo garantir o direito \u00e0 moradia pela Regulariza\u00e7\u00e3o Fundi\u00e1ria Urbana (Reurb) da popula\u00e7\u00e3o que reside em terrenos informais localizados nas \u00e1reas urbanas por meio da titulariza\u00e7\u00e3o de seus ocupantes, al\u00e9m de promover a incorpora\u00e7\u00e3o dos n\u00facleos urbanos informais ao ordenamento territorial urbano.<br><br>O programa \u00e9 coordenado pela Secretaria Municipal de A\u00e7\u00e3o Social, por meio do Setor de Habita\u00e7\u00e3o, que est\u00e1 acompanhando todo o processo conduzido por empresa contratada atrav\u00e9s de licita\u00e7\u00e3o.<br>&nbsp;<\/p>\n","protected":false},"excerpt":{"rendered":"<p>A Secretaria Municipal de A\u00e7\u00e3o Social est\u00e1 realizando plant\u00f5es para regulariza\u00e7\u00e3o fundi\u00e1ria de im\u00f3veis por meio do Programa Meu Lar.<\/p>\n","protected":false},"author":2,"featured_media":4733,"comment_status":"open","ping_status":"open","sticky":false,"template":"","format":"standard","meta":{"footnotes":""},"categories":[9,8],"tags":[],"class_list":["post-4732","post","type-post","status-publish","format-standard","has-post-thumbnail","hentry","category-araxa","category-cidades"],"_links":{"self":[{"href":"http:\/\/blogdoarmindomaia.com.br\/index.php?rest_route=\/wp\/v2\/posts\/4732","targetHints":{"allow":["GET"]}}],"collection":[{"href":"http:\/\/blogdoarmindomaia.com.br\/index.php?rest_route=\/wp\/v2\/posts"}],"about":[{"href":"http:\/\/blogdoarmindomaia.com.br\/index.php?rest_route=\/wp\/v2\/types\/post"}],"author":[{"embeddable":true,"href":"http:\/\/blogdoarmindomaia.com.br\/index.php?rest_route=\/wp\/v2\/users\/2"}],"replies":[{"embeddable":true,"href":"http:\/\/blogdoarmindomaia.com.br\/index.php?rest_route=%2Fwp%2Fv2%2Fcomments&post=4732"}],"version-history":[{"count":1,"href":"http:\/\/blogdoarmindomaia.com.br\/index.php?rest_route=\/wp\/v2\/posts\/4732\/revisions"}],"predecessor-version":[{"id":4734,"href":"http:\/\/blogdoarmindomaia.com.br\/index.php?rest_route=\/wp\/v2\/posts\/4732\/revisions\/4734"}],"wp:featuredmedia":[{"embeddable":true,"href":"http:\/\/blogdoarmindomaia.com.br\/index.php?rest_route=\/wp\/v2\/media\/4733"}],"wp:attachment":[{"href":"http:\/\/blogdoarmindomaia.com.br\/index.php?rest_route=%2Fwp%2Fv2%2Fmedia&parent=4732"}],"wp:term":[{"taxonomy":"category","embeddable":true,"href":"http:\/\/blogdoarmindomaia.com.br\/index.php?rest_route=%2Fwp%2Fv2%2Fcategories&post=4732"},{"taxonomy":"post_tag","embeddable":true,"href":"http:\/\/blogdoarmindomaia.com.br\/index.php?rest_route=%2Fwp%2Fv2%2Ftags&post=4732"}],"curies":[{"name":"wp","href":"https:\/\/api.w.org\/{rel}","templated":true}]}}