{"id":4735,"date":"2023-03-23T16:09:40","date_gmt":"2023-03-23T19:09:40","guid":{"rendered":"http:\/\/blogdoarmindomaia.com.br\/?p=4735"},"modified":"2023-03-23T16:09:42","modified_gmt":"2023-03-23T19:09:42","slug":"anunciada-a-construcao-da-sede-propria-do-cram-durante-o-1o-forum-da-mulher","status":"publish","type":"post","link":"http:\/\/blogdoarmindomaia.com.br\/?p=4735","title":{"rendered":"A<strong>nunciada a constru\u00e7\u00e3o da sede pr\u00f3pria do CRAM durante o 1\u00ba F\u00f3rum da Mulher<\/strong>"},"content":{"rendered":"\n<figure class=\"wp-block-image size-full is-style-default\"><img loading=\"lazy\" decoding=\"async\" width=\"1024\" height=\"683\" src=\"http:\/\/blogdoarmindomaia.com.br\/wp-content\/uploads\/2023\/03\/Anunciada-a-construcao-da-sede-propria-do-CRAM-durante-o-1o-Forum-da-Mulher-pag-03.jpeg\" alt=\"\" class=\"wp-image-4736\" srcset=\"http:\/\/blogdoarmindomaia.com.br\/wp-content\/uploads\/2023\/03\/Anunciada-a-construcao-da-sede-propria-do-CRAM-durante-o-1o-Forum-da-Mulher-pag-03.jpeg 1024w, http:\/\/blogdoarmindomaia.com.br\/wp-content\/uploads\/2023\/03\/Anunciada-a-construcao-da-sede-propria-do-CRAM-durante-o-1o-Forum-da-Mulher-pag-03-300x200.jpeg 300w, http:\/\/blogdoarmindomaia.com.br\/wp-content\/uploads\/2023\/03\/Anunciada-a-construcao-da-sede-propria-do-CRAM-durante-o-1o-Forum-da-Mulher-pag-03-768x512.jpeg 768w\" sizes=\"auto, (max-width: 1024px) 100vw, 1024px\" \/><\/figure>\n\n\n\n<p>A Prefeitura de Arax\u00e1 e o Conselho Municipal dos Direitos da Mulher (CMDM) realizaram o 1\u00ba F\u00f3rum da Mulher de Arax\u00e1, com o objetivo de promover o debate sobre a igualdade de g\u00eanero e o empoderamento do p\u00fablico feminino.<br><br>O evento contou com a presen\u00e7a do prefeito Robson Magela, da presidente do CMDM, Juliana Machado Silva, da secret\u00e1ria de Sa\u00fade, Cristiane Gon\u00e7alves Pereira Gon\u00e7alves, do secret\u00e1rio municipal de A\u00e7\u00e3o Social, Wagner Cruz, do presidente da C\u00e2mara Municipal, Bosco J\u00fanior, do juiz da Inf\u00e2ncia e Juventude, Dimas Ramon Esper, da coordenadora do Centro de Refer\u00eancia de Atendimento \u00e0 Mulher (CRAM), Maria Cec\u00edlia Lemos, e da investigadora da Pol\u00edcia Civil, Poliana Silva.<br><br>A presidente do CMDM, Juliana Machado Silva, ressalta a import\u00e2ncia da realiza\u00e7\u00e3o do f\u00f3rum da mulher. \u201cNosso objetivo \u00e9 refor\u00e7ar a oportunidade de fala dos direitos da mulher. Durante o evento, foram abordados os temas de sa\u00fade, combate \u00e0 viol\u00eancia, capacita\u00e7\u00e3o para o mercado de trabalho, educa\u00e7\u00e3o, arte, cultura, lazer e esporte para mulheres. Al\u00e9m de ser o Dia Mundial da Mulher, foi o dia que n\u00f3s conseguimos conciliar como o primeiro momento de fala da mulher de Arax\u00e1\u201d, explica.<br><br>Durante o evento o prefeito Robson Magela destacou diversas a\u00e7\u00f5es realizadas pela prefeitura ao p\u00fablico feminino nas \u00e1reas de Sa\u00fade, Cultura, Esporte e Lazer e A\u00e7\u00e3o Social, e anunciou a constru\u00e7\u00e3o da sede pr\u00f3pria do CRAM, que atualmente funciona nas instala\u00e7\u00f5es do Centro de Refer\u00eancia Especializado em Assist\u00eancia Social (CREAS). \u201cO objetivo da Gest\u00e3o Municipal \u00e9 dar todo o apoio que a mulher araxaense precisa, por isso, vamos construir essa nova sede pr\u00f3pria do CRAM para continuar oferecendo um servi\u00e7o de qualidade\u201d, reiterou.<br><br><strong>CRAM<\/strong><br><br>O Centro de Refer\u00eancia do atendimento \u00e0 mulher (CRAM) foi criado na atual administra\u00e7\u00e3o, em fevereiro de 2021. Ele \u00e9 um setor que atende exclusivamente mulheres v\u00edtimas de viol\u00eancia dom\u00e9stica, acolhendo, informando e facilitando o acesso das mulheres \u00e0 rede de promo\u00e7\u00e3o e prote\u00e7\u00e3o.<br><br>O setor oferta servi\u00e7os oferecidos pela secretaria de A\u00e7\u00e3o Social de acordo com a demanda de cada mulher. Dentre eles, aux\u00edlio moradia, passagem, cesta b\u00e1sica, renda b\u00e1sica e bolsa fam\u00edlia.<br><br>O CRAM tamb\u00e9m oferece palestras, em parceria com a rede de prote\u00e7\u00e3o, para que seja trabalhado a preven\u00e7\u00e3o e levar ao conhecimento de todos os direitos da mulher e a Lei Maria da Penha (Lei 11.340\/06).<\/p>\n","protected":false},"excerpt":{"rendered":"<p>A Prefeitura de Arax\u00e1 e o Conselho Municipal dos Direitos da Mulher (CMDM) realizaram o 1\u00ba F\u00f3rum da Mulher de<\/p>\n","protected":false},"author":2,"featured_media":4736,"comment_status":"open","ping_status":"open","sticky":false,"template":"","format":"standard","meta":{"footnotes":""},"categories":[9,11],"tags":[],"class_list":["post-4735","post","type-post","status-publish","format-standard","has-post-thumbnail","hentry","category-araxa","category-destaques"],"_links":{"self":[{"href":"http:\/\/blogdoarmindomaia.com.br\/index.php?rest_route=\/wp\/v2\/posts\/4735","targetHints":{"allow":["GET"]}}],"collection":[{"href":"http:\/\/blogdoarmindomaia.com.br\/index.php?rest_route=\/wp\/v2\/posts"}],"about":[{"href":"http:\/\/blogdoarmindomaia.com.br\/index.php?rest_route=\/wp\/v2\/types\/post"}],"author":[{"embeddable":true,"href":"http:\/\/blogdoarmindomaia.com.br\/index.php?rest_route=\/wp\/v2\/users\/2"}],"replies":[{"embeddable":true,"href":"http:\/\/blogdoarmindomaia.com.br\/index.php?rest_route=%2Fwp%2Fv2%2Fcomments&post=4735"}],"version-history":[{"count":1,"href":"http:\/\/blogdoarmindomaia.com.br\/index.php?rest_route=\/wp\/v2\/posts\/4735\/revisions"}],"predecessor-version":[{"id":4737,"href":"http:\/\/blogdoarmindomaia.com.br\/index.php?rest_route=\/wp\/v2\/posts\/4735\/revisions\/4737"}],"wp:featuredmedia":[{"embeddable":true,"href":"http:\/\/blogdoarmindomaia.com.br\/index.php?rest_route=\/wp\/v2\/media\/4736"}],"wp:attachment":[{"href":"http:\/\/blogdoarmindomaia.com.br\/index.php?rest_route=%2Fwp%2Fv2%2Fmedia&parent=4735"}],"wp:term":[{"taxonomy":"category","embeddable":true,"href":"http:\/\/blogdoarmindomaia.com.br\/index.php?rest_route=%2Fwp%2Fv2%2Fcategories&post=4735"},{"taxonomy":"post_tag","embeddable":true,"href":"http:\/\/blogdoarmindomaia.com.br\/index.php?rest_route=%2Fwp%2Fv2%2Ftags&post=4735"}],"curies":[{"name":"wp","href":"https:\/\/api.w.org\/{rel}","templated":true}]}}