{"id":474,"date":"2022-04-23T00:36:59","date_gmt":"2022-04-23T03:36:59","guid":{"rendered":"http:\/\/blogdoarmindomaia.com.br\/?p=474"},"modified":"2022-04-23T00:37:01","modified_gmt":"2022-04-23T03:37:01","slug":"apac-de-araxa-faz-festa-para-receber-a-cruz-de-franz-decastro","status":"publish","type":"post","link":"http:\/\/blogdoarmindomaia.com.br\/?p=474","title":{"rendered":"APAC de Arax\u00e1 faz festa para receber a Cruz de Franz deCastro"},"content":{"rendered":"\n<figure class=\"wp-block-image size-large is-style-default\"><img loading=\"lazy\" decoding=\"async\" width=\"819\" height=\"1024\" src=\"http:\/\/blogdoarmindomaia.com.br\/wp-content\/uploads\/2022\/04\/Cruz-franz-819x1024.jpg\" alt=\"\" class=\"wp-image-476\" srcset=\"http:\/\/blogdoarmindomaia.com.br\/wp-content\/uploads\/2022\/04\/Cruz-franz-819x1024.jpg 819w, http:\/\/blogdoarmindomaia.com.br\/wp-content\/uploads\/2022\/04\/Cruz-franz-240x300.jpg 240w, http:\/\/blogdoarmindomaia.com.br\/wp-content\/uploads\/2022\/04\/Cruz-franz-768x960.jpg 768w, http:\/\/blogdoarmindomaia.com.br\/wp-content\/uploads\/2022\/04\/Cruz-franz.jpg 1024w\" sizes=\"auto, (max-width: 819px) 100vw, 819px\" \/><\/figure>\n\n\n\n\n\n<h1 class=\"wp-block-heading\">Voc\u00ea sabe ouviu falar ou sabe quem foi Franz de Castro Holzwarthe?\u00a0<\/h1>\n\n\n\n<h1 class=\"wp-block-heading\">Nascido em 18 de maio de 1942, em Barra do Pira\u00ed, Rio de Janeiro, foi para Jacare\u00ed, na d\u00e9cada de 1960, para continuar os estudos, onde morava com parentes. Em 1964, ingressou no curso de Direito, da Funda\u00e7\u00e3o Vale paraibana de Ensino. Foi advogado brilhante, e sonhava com o sacerd\u00f3cio. Em 1975, ingressou na APAC (Associa\u00e7\u00e3o de Prote\u00e7\u00e3o e Assist\u00eancia aos Condenados), onde se dedicou ao contato e apoio aos presidi\u00e1rios. Foi morto no dia 14 de fevereiro de 1981, em uma rebeli\u00e3o de presos na cadeia de Jacare\u00ed (SP).<\/h1>\n\n\n\n<p>Alvejado aos 39 anos durante um tiroteio, morreu junto com cinco rebelados e um policial. A Franz s\u00e3o atribu\u00eddos milagres e gra\u00e7a e \u00e1 existe no vaticano um processo de&nbsp; canoniza\u00e7\u00e3o dele.\/\/ Mas eu falei tudo isso porque a unidade da Apac de Arax\u00e1 \u2013 a&nbsp;&nbsp; Associa\u00e7\u00e3o de Prote\u00e7\u00e3o e Assist\u00eancia aos Condenados, \u00f3rg\u00e3o fundamental ao amparo, apoio e&nbsp; ajuda na ressocializa\u00e7\u00e3o dos ex-presidi\u00e1rios. E neste fim de semana a Apac de Arax\u00e1 est\u00e1 em festa, porque recebeu a tradicional e poderosa Cruz de Franz Castro, que simboliza a for\u00e7a e luta de Franz em prol da causa da Apac, que tamb\u00e9m&nbsp; est\u00e1 comemorando este anos 50 anos de&nbsp; funda\u00e7\u00e3o. Hoje quem pilota a Associa\u00e7\u00e3o com muito zelo e dedica\u00e7\u00e3o \u00e9 o intr\u00e9pido e atuante \u00cdtalo \u201cGuerreiro\u201d Guimar\u00e3es.<\/p>\n","protected":false},"excerpt":{"rendered":"<p>Voc\u00ea sabe ouviu falar ou sabe quem foi Franz de Castro Holzwarthe?\u00a0 Nascido em 18 de maio de 1942, em<\/p>\n","protected":false},"author":2,"featured_media":476,"comment_status":"open","ping_status":"open","sticky":false,"template":"","format":"standard","meta":{"footnotes":""},"categories":[9,8],"tags":[],"class_list":["post-474","post","type-post","status-publish","format-standard","has-post-thumbnail","hentry","category-araxa","category-cidades"],"_links":{"self":[{"href":"http:\/\/blogdoarmindomaia.com.br\/index.php?rest_route=\/wp\/v2\/posts\/474","targetHints":{"allow":["GET"]}}],"collection":[{"href":"http:\/\/blogdoarmindomaia.com.br\/index.php?rest_route=\/wp\/v2\/posts"}],"about":[{"href":"http:\/\/blogdoarmindomaia.com.br\/index.php?rest_route=\/wp\/v2\/types\/post"}],"author":[{"embeddable":true,"href":"http:\/\/blogdoarmindomaia.com.br\/index.php?rest_route=\/wp\/v2\/users\/2"}],"replies":[{"embeddable":true,"href":"http:\/\/blogdoarmindomaia.com.br\/index.php?rest_route=%2Fwp%2Fv2%2Fcomments&post=474"}],"version-history":[{"count":1,"href":"http:\/\/blogdoarmindomaia.com.br\/index.php?rest_route=\/wp\/v2\/posts\/474\/revisions"}],"predecessor-version":[{"id":477,"href":"http:\/\/blogdoarmindomaia.com.br\/index.php?rest_route=\/wp\/v2\/posts\/474\/revisions\/477"}],"wp:featuredmedia":[{"embeddable":true,"href":"http:\/\/blogdoarmindomaia.com.br\/index.php?rest_route=\/wp\/v2\/media\/476"}],"wp:attachment":[{"href":"http:\/\/blogdoarmindomaia.com.br\/index.php?rest_route=%2Fwp%2Fv2%2Fmedia&parent=474"}],"wp:term":[{"taxonomy":"category","embeddable":true,"href":"http:\/\/blogdoarmindomaia.com.br\/index.php?rest_route=%2Fwp%2Fv2%2Fcategories&post=474"},{"taxonomy":"post_tag","embeddable":true,"href":"http:\/\/blogdoarmindomaia.com.br\/index.php?rest_route=%2Fwp%2Fv2%2Ftags&post=474"}],"curies":[{"name":"wp","href":"https:\/\/api.w.org\/{rel}","templated":true}]}}