{"id":4745,"date":"2023-03-24T15:57:00","date_gmt":"2023-03-24T18:57:00","guid":{"rendered":"http:\/\/blogdoarmindomaia.com.br\/?p=4745"},"modified":"2023-03-24T15:57:02","modified_gmt":"2023-03-24T18:57:02","slug":"araxa-festival-jazz-e-blues-vai-agitar-o-publico-na-cimtb","status":"publish","type":"post","link":"http:\/\/blogdoarmindomaia.com.br\/?p=4745","title":{"rendered":"Arax\u00e1 Festival \u2013 Jazz e Blues vai agitar o p\u00fablico na CIMTB"},"content":{"rendered":"\n<figure class=\"wp-block-image size-full is-style-default\"><img loading=\"lazy\" decoding=\"async\" width=\"1000\" height=\"667\" src=\"http:\/\/blogdoarmindomaia.com.br\/wp-content\/uploads\/2023\/03\/Araxa-Festival-\u2013-Jazz-e-Blues-vai-agitar-o-publico-na-CIMTB-pag-09.jpg\" alt=\"\" class=\"wp-image-4746\" srcset=\"http:\/\/blogdoarmindomaia.com.br\/wp-content\/uploads\/2023\/03\/Araxa-Festival-\u2013-Jazz-e-Blues-vai-agitar-o-publico-na-CIMTB-pag-09.jpg 1000w, http:\/\/blogdoarmindomaia.com.br\/wp-content\/uploads\/2023\/03\/Araxa-Festival-\u2013-Jazz-e-Blues-vai-agitar-o-publico-na-CIMTB-pag-09-300x200.jpg 300w, http:\/\/blogdoarmindomaia.com.br\/wp-content\/uploads\/2023\/03\/Araxa-Festival-\u2013-Jazz-e-Blues-vai-agitar-o-publico-na-CIMTB-pag-09-768x512.jpg 768w\" sizes=\"auto, (max-width: 1000px) 100vw, 1000px\" \/><\/figure>\n\n\n\n<p>Uma programa\u00e7\u00e3o completa para todos os gostos. Assim pode ser definida a 20\u00aa edi\u00e7\u00e3o da etapa de Arax\u00e1 da Copa Internacional de Mountain Bike, evento que vai al\u00e9m das pistas de mountain bike. Na CIMTB, entre os dias 14 e 16 de abril, n\u00e3o faltar\u00e3o op\u00e7\u00f5es de entretenimento que agradem a todos, p\u00fablico, atletas, expositores e membros da organiza\u00e7\u00e3o. Entre os v\u00e1rios destaques, est\u00e1 o Arax\u00e1 Festival \u2013 Jazz e Blues, patrocinado pela CBMM por meio da Lei Federal de Incentivo \u00e0 Cultura e com realiza\u00e7\u00e3o da Moinho Cultural, com apresenta\u00e7\u00f5es na tarde de s\u00e1bado (15) e durante o dia de domingo (16).<\/p>\n\n\n\n<p>\u201cO nosso festival de Jazz e Blues ser\u00e1 realizado pela primeira vez junto \u00e0 CIMTB, justamente no ano de comemora\u00e7\u00e3o dos 20 anos da etapa da Arax\u00e1. Assim, n\u00e3o s\u00f3 n\u00f3s que organizamos o festival nos sentimos privilegiados, como o evento esportivo tamb\u00e9m ganha pelas atra\u00e7\u00f5es especiais que vamos trazer para todo o p\u00fablico. \u00c9 uma oportunidade e tanto para n\u00f3s estarmos presentes na programa\u00e7\u00e3o da CIMTB\u201d, comenta Marcelo Mamede, coordenador e curador do Arax\u00e1 Festival \u2013 Jazz e Blues.<\/p>\n\n\n\n<p>A programa\u00e7\u00e3o de shows est\u00e1 confirmada para a tarde de s\u00e1bado e tamb\u00e9m para manh\u00e3 e tarde de domingo. No entanto, o Arax\u00e1 Festival \u2013 Jazz e Blues come\u00e7a j\u00e1 na sexta-feira (14), quando ser\u00e3o visitadas quatro escolas municipais de Arax\u00e1. \u201cA programa\u00e7\u00e3o come\u00e7a fora da CIMTB. No primeiro dia, fazemos oficinas em escolas e vamos visitar eles para poder fazer o que chamamos de \u2018Brincadeiras Percussivas Jazz no Cotidiano\u2019. L\u00e1 n\u00f3s mostramos para as crian\u00e7as que a m\u00fasica est\u00e1 mais presente no cotidiano delas, do que elas pr\u00f3prias imaginam\u201d, conta Mamede.<\/p>\n\n\n\n<p>No s\u00e1bado, tem-se o in\u00edcio das atra\u00e7\u00f5es musicais, com quatro shows. De Arax\u00e1, o Manga Rosa Quarteto abre a programa\u00e7\u00e3o, das 16h30 \u00e0s 17h30. Em seguida, das 18h \u00e0s 19h, \u00e9 a vez da apresenta\u00e7\u00e3o de Black Jack 21, grupo de Uberl\u00e2ndia (MG). Das 19h30 \u00e0s 20h30, quem se apresenta s\u00e3o os Miltons, grupo que tamb\u00e9m \u00e9 de Arax\u00e1. O encerramento do dia \u00e9 feito pelos cariocas Jefferson Gon\u00e7alves e Duo Bitencourt, que convidam Nanda Moura.<\/p>\n\n\n\n<p>J\u00e1 no domingo a programa\u00e7\u00e3o tem dois turnos de apresenta\u00e7\u00f5es itinerantes, ao redor da arena e no meio do p\u00fablico, sempre com o B\u00eajazz Street Band presente, no estilo da m\u00fasica de rua de New Orleans, nos Estados Unidos. Primeiro das 11h \u00e0s 13h, quando o grupo convida o Uberland Street Jazz, de Uberl\u00e2ndia, e depois das 14h \u00e0s 16h, ser\u00e1 a vez de ser convidado o Mississippi Devils, de Ribeir\u00e3o Preto (SP).<\/p>\n\n\n\n<p>Respons\u00e1vel na CBMM pelo relacionamento com a comunidade, Alvaro Rezende comenta a novidade na programa\u00e7\u00e3o da competi\u00e7\u00e3o. \u201cPara n\u00f3s, o esporte e a cultura s\u00e3o fundamentais na transforma\u00e7\u00e3o da sociedade. Unir esses dois pilares em um evento como a Copa Internacional de Mountain Bike \u00e9 uma forma de privilegiar nossa cidade e regi\u00e3o, conectando os amantes do ciclismo com aqueles que apreciam boa m\u00fasica. Por isso, convidamos todos para vibrarem com as competi\u00e7\u00f5es e, tamb\u00e9m, se emocionarem com o Festival de Jazz e Blues\u201d.<\/p>\n\n\n\n<p>Para Rog\u00e9rio Bernardes, organizador da CIMTB: \u201cA m\u00fasica sempre esteve presente na CIMTB, mas inserir em nossa programa\u00e7\u00e3o um evento com jazz e blues \u00e9 especial. Fico feliz que isso tenha acontecido em Arax\u00e1, justamente em nossas comemora\u00e7\u00f5es dos 20 anos e com o patroc\u00ednio da CBMM. Espero que a galera curta bastante essa etapa, porque al\u00e9m da m\u00fasica, estamos trabalhando outras frentes que em breve divulgaremos\u201d.<\/p>\n\n\n\n<p><strong>Programa\u00e7\u00e3o Arax\u00e1 Festival \u2013 Jazz e Blues<br><\/strong><br><strong>Sexta-feira, dia 14 de abril \u2013 Oficinas<br><\/strong><br>08h \u00e0s 18h \u2013 Quatro oficinas em escolas p\u00fablicas municipais intituladas: \u201cBrincadeiras Percussivas Jazz no Cotidiano\u201d<\/p>\n\n\n\n<p><strong>S\u00e1bado, dia 15 de abril \u2013 Shows<br><\/strong><br>16h30 \u00e0s 17h30 \u2013 Manga Rosa Quarteto (Arax\u00e1 \u2013 MG)<br>18h \u00e0s 19h \u2013 Black Jack 21 (Uberl\u00e2ndia \u2013 MG)<br>19h30 \u00e0s 20h30 \u2013 Miltons (Arax\u00e1 \u2013 MG)<br>21h \u00e0s 22h \u2013 Jefferson Gon\u00e7alves e Duo Bitencourt convidam Nanda Moura (Rio de Janeiro \u2013 RJ)<\/p>\n\n\n\n<p><strong>Domingo, dia 16 de abril \u2013 Apresenta\u00e7\u00f5es itinerantes<br><\/strong><br>B\u00caJAZZ STREET BAND (Arax\u00e1 \u2013 MG) convida:<br>11h \u00e0s 13h \u2013 Uberland Street Jazz (Uberl\u00e2ndia \u2013 MG)<br>14h \u00e0s 16h \u2013 Mississippi Devils (Ribeir\u00e3o Preto \u2013 SP)<\/p>\n","protected":false},"excerpt":{"rendered":"<p>Uma programa\u00e7\u00e3o completa para todos os gostos. Assim pode ser definida a 20\u00aa edi\u00e7\u00e3o da etapa de Arax\u00e1 da Copa<\/p>\n","protected":false},"author":2,"featured_media":4746,"comment_status":"open","ping_status":"open","sticky":false,"template":"","format":"standard","meta":{"footnotes":""},"categories":[9,11],"tags":[],"class_list":["post-4745","post","type-post","status-publish","format-standard","has-post-thumbnail","hentry","category-araxa","category-destaques"],"_links":{"self":[{"href":"http:\/\/blogdoarmindomaia.com.br\/index.php?rest_route=\/wp\/v2\/posts\/4745","targetHints":{"allow":["GET"]}}],"collection":[{"href":"http:\/\/blogdoarmindomaia.com.br\/index.php?rest_route=\/wp\/v2\/posts"}],"about":[{"href":"http:\/\/blogdoarmindomaia.com.br\/index.php?rest_route=\/wp\/v2\/types\/post"}],"author":[{"embeddable":true,"href":"http:\/\/blogdoarmindomaia.com.br\/index.php?rest_route=\/wp\/v2\/users\/2"}],"replies":[{"embeddable":true,"href":"http:\/\/blogdoarmindomaia.com.br\/index.php?rest_route=%2Fwp%2Fv2%2Fcomments&post=4745"}],"version-history":[{"count":1,"href":"http:\/\/blogdoarmindomaia.com.br\/index.php?rest_route=\/wp\/v2\/posts\/4745\/revisions"}],"predecessor-version":[{"id":4747,"href":"http:\/\/blogdoarmindomaia.com.br\/index.php?rest_route=\/wp\/v2\/posts\/4745\/revisions\/4747"}],"wp:featuredmedia":[{"embeddable":true,"href":"http:\/\/blogdoarmindomaia.com.br\/index.php?rest_route=\/wp\/v2\/media\/4746"}],"wp:attachment":[{"href":"http:\/\/blogdoarmindomaia.com.br\/index.php?rest_route=%2Fwp%2Fv2%2Fmedia&parent=4745"}],"wp:term":[{"taxonomy":"category","embeddable":true,"href":"http:\/\/blogdoarmindomaia.com.br\/index.php?rest_route=%2Fwp%2Fv2%2Fcategories&post=4745"},{"taxonomy":"post_tag","embeddable":true,"href":"http:\/\/blogdoarmindomaia.com.br\/index.php?rest_route=%2Fwp%2Fv2%2Ftags&post=4745"}],"curies":[{"name":"wp","href":"https:\/\/api.w.org\/{rel}","templated":true}]}}