{"id":4749,"date":"2023-03-24T17:26:18","date_gmt":"2023-03-24T20:26:18","guid":{"rendered":"http:\/\/blogdoarmindomaia.com.br\/?p=4749"},"modified":"2023-03-24T17:26:20","modified_gmt":"2023-03-24T20:26:20","slug":"diretores-do-clube-uniao-participam-da-inauguracao-do-escritorio-regional-da-deputada-dandara-em-uberlandia","status":"publish","type":"post","link":"http:\/\/blogdoarmindomaia.com.br\/?p=4749","title":{"rendered":"Diretores do Clube Uni\u00e3o participam da inaugura\u00e7\u00e3o do escrit\u00f3rio regional da Deputada Dandara em Uberl\u00e2ndia"},"content":{"rendered":"\n<figure class=\"wp-block-image size-large is-style-default\"><img loading=\"lazy\" decoding=\"async\" width=\"1024\" height=\"768\" src=\"http:\/\/blogdoarmindomaia.com.br\/wp-content\/uploads\/2023\/03\/Diretores-do-Clube-Araxa-1024x768.jpg\" alt=\"\" class=\"wp-image-4750\" srcset=\"http:\/\/blogdoarmindomaia.com.br\/wp-content\/uploads\/2023\/03\/Diretores-do-Clube-Araxa-1024x768.jpg 1024w, http:\/\/blogdoarmindomaia.com.br\/wp-content\/uploads\/2023\/03\/Diretores-do-Clube-Araxa-300x225.jpg 300w, http:\/\/blogdoarmindomaia.com.br\/wp-content\/uploads\/2023\/03\/Diretores-do-Clube-Araxa-768x576.jpg 768w, http:\/\/blogdoarmindomaia.com.br\/wp-content\/uploads\/2023\/03\/Diretores-do-Clube-Araxa.jpg 1040w\" sizes=\"auto, (max-width: 1024px) 100vw, 1024px\" \/><\/figure>\n\n\n\n<p>O evento bastante prestigiado por pol\u00edticos e simpatizantes da deputada federal Dandara do Partido dos Trabalhadores, contou com as presen\u00e7as de prefeitos, vereadores e l\u00edderes pol\u00edticos das regi\u00f5es do Tri\u00e2ngulo Mineiro e Alto Parana\u00edba. A inaugura\u00e7\u00e3o do Escrit\u00f3rio Regional da deputada, aconteceu na cidade de Uberl\u00e2ndia no \u00faltimo dia 16 de mar\u00e7o. De Arax\u00e1 tamb\u00e9m participaram a solenidade oficial, a convite de Dandara, os diretores do Clube Uni\u00e3o; o presidente Geraldo Florentino Cristino, o Modesto, J\u00falio C\u00e9sar Costa e Aur\u00e9lio Barcelos Costa e o Ismael dos Correios.<\/p>\n\n\n\n<p>Sempre muito prestativa e atuante, a deputada federal Dandara, que teve uma boa vota\u00e7\u00e3o em Arax\u00e1, nas \u00faltimas elei\u00e7\u00f5es; recebeu os araxaenses com muita aten\u00e7\u00e3o e carinho e garantiu que ir\u00e1 auxiliar a dire\u00e7\u00e3o do Clube centen\u00e1rio, na reestrutura\u00e7\u00e3o das suas atividades e da sede social.<\/p>\n\n\n\n<p>Em breve, haver\u00e1 novidades sobre este apoio da deputada Dandara ao clube mais antigo e tradicional de Arax\u00e1 em atividade.<\/p>\n\n\n\n<p>Em entrevista ao Jornal Intera\u00e7\u00e3o, o atual presidente do Clube Uni\u00e3o, Geraldo Modesto, confirmou em primeira m\u00e3o, que nos pr\u00f3ximos dias, o Clube Uni\u00e3o estar\u00e1 com as portas abertas em sua sede nova que ser\u00e1 instalada em anexo ao pr\u00e9dio da sede da Adesc ( Associa\u00e7\u00e3o dos Motoristas de Arax\u00e1), localizada na Avenida Tancredo&nbsp; Neves, no bairro Dona Beja.&nbsp;&nbsp;&nbsp; &nbsp;&nbsp;&nbsp;&nbsp;&nbsp;&nbsp;&nbsp;<\/p>\n","protected":false},"excerpt":{"rendered":"<p>O evento bastante prestigiado por pol\u00edticos e simpatizantes da deputada federal Dandara do Partido dos Trabalhadores, contou com as presen\u00e7as<\/p>\n","protected":false},"author":2,"featured_media":4750,"comment_status":"open","ping_status":"open","sticky":false,"template":"","format":"standard","meta":{"footnotes":""},"categories":[9,11],"tags":[],"class_list":["post-4749","post","type-post","status-publish","format-standard","has-post-thumbnail","hentry","category-araxa","category-destaques"],"_links":{"self":[{"href":"http:\/\/blogdoarmindomaia.com.br\/index.php?rest_route=\/wp\/v2\/posts\/4749","targetHints":{"allow":["GET"]}}],"collection":[{"href":"http:\/\/blogdoarmindomaia.com.br\/index.php?rest_route=\/wp\/v2\/posts"}],"about":[{"href":"http:\/\/blogdoarmindomaia.com.br\/index.php?rest_route=\/wp\/v2\/types\/post"}],"author":[{"embeddable":true,"href":"http:\/\/blogdoarmindomaia.com.br\/index.php?rest_route=\/wp\/v2\/users\/2"}],"replies":[{"embeddable":true,"href":"http:\/\/blogdoarmindomaia.com.br\/index.php?rest_route=%2Fwp%2Fv2%2Fcomments&post=4749"}],"version-history":[{"count":1,"href":"http:\/\/blogdoarmindomaia.com.br\/index.php?rest_route=\/wp\/v2\/posts\/4749\/revisions"}],"predecessor-version":[{"id":4751,"href":"http:\/\/blogdoarmindomaia.com.br\/index.php?rest_route=\/wp\/v2\/posts\/4749\/revisions\/4751"}],"wp:featuredmedia":[{"embeddable":true,"href":"http:\/\/blogdoarmindomaia.com.br\/index.php?rest_route=\/wp\/v2\/media\/4750"}],"wp:attachment":[{"href":"http:\/\/blogdoarmindomaia.com.br\/index.php?rest_route=%2Fwp%2Fv2%2Fmedia&parent=4749"}],"wp:term":[{"taxonomy":"category","embeddable":true,"href":"http:\/\/blogdoarmindomaia.com.br\/index.php?rest_route=%2Fwp%2Fv2%2Fcategories&post=4749"},{"taxonomy":"post_tag","embeddable":true,"href":"http:\/\/blogdoarmindomaia.com.br\/index.php?rest_route=%2Fwp%2Fv2%2Ftags&post=4749"}],"curies":[{"name":"wp","href":"https:\/\/api.w.org\/{rel}","templated":true}]}}