{"id":4769,"date":"2023-04-08T02:21:07","date_gmt":"2023-04-08T05:21:07","guid":{"rendered":"http:\/\/blogdoarmindomaia.com.br\/?p=4769"},"modified":"2023-04-08T02:21:09","modified_gmt":"2023-04-08T05:21:09","slug":"fenadoces-2023-vai-ate-domingo-com-dezenas-de-atracoes-e-muitas-delicias","status":"publish","type":"post","link":"http:\/\/blogdoarmindomaia.com.br\/?p=4769","title":{"rendered":"Fenadoces 2023 vai at\u00e9 domingo com dezenas de atra\u00e7\u00f5es e muitas del\u00edcias"},"content":{"rendered":"\n<p><\/p>\n\n\n\n<figure class=\"wp-block-image size-full is-style-default\"><img loading=\"lazy\" decoding=\"async\" width=\"900\" height=\"599\" src=\"http:\/\/blogdoarmindomaia.com.br\/wp-content\/uploads\/2023\/04\/release05_abre_fenadoces4.jpg\" alt=\"\" class=\"wp-image-4770\" srcset=\"http:\/\/blogdoarmindomaia.com.br\/wp-content\/uploads\/2023\/04\/release05_abre_fenadoces4.jpg 900w, http:\/\/blogdoarmindomaia.com.br\/wp-content\/uploads\/2023\/04\/release05_abre_fenadoces4-300x200.jpg 300w, http:\/\/blogdoarmindomaia.com.br\/wp-content\/uploads\/2023\/04\/release05_abre_fenadoces4-768x511.jpg 768w\" sizes=\"auto, (max-width: 900px) 100vw, 900px\" \/><\/figure>\n\n\n\n<p><em>Evento acontece no Est\u00e1dio Fausto Alvim, em Arax\u00e1, e ter\u00e1 Chegada do Coelho da P\u00e1scoa no domingo<\/em><\/p>\n\n\n\n<p>Quem passou pela Avenida Imbiara na noite de quarta-feira (05\/04) foi contagiado pelo clima da Feira de Doces de Arax\u00e1, que iniciou a sua terceira edi\u00e7\u00e3o recebendo milhares de pessoas. Os mais de 60 estandes e food trucks ficaram lotados toda a noite. A feira abriu as portas \u00e0s 13h, com estandes funcionando e atividades movimentando os espa\u00e7os. No palco, a Banda Latitude 19 deu o tom do primeiro dia, com um repert\u00f3rio de grandes cl\u00e1ssicos nacionais e internacionais.<\/p>\n\n\n\n<p>A Fenadoces acontece de 05 a 09 de abril e \u00e9 uma realiza\u00e7\u00e3o do Donuts da Fabi, com Patroc\u00ednio da McCain e apoio da Prefeitura de Arax\u00e1, do Banco do Brasil, a Associa\u00e7\u00e3o de Doceiros de Arax\u00e1 (ADA), Rotary Club Arax\u00e1 Sul, Sicredi, Satis, TV Integra\u00e7\u00e3o, Bileve Uniformes e Rede Festa. A Giganet \u00e9 parceira do evento e vai ser a provedora oficial da internet no espa\u00e7o. A entrada \u00e9 gratuita. \u201cAt\u00e9 domingo teremos muitas atividades para toda a fam\u00edlia, com shows, espet\u00e1culos c\u00eanicos, brincadeiras e muita alegria. \u00c9 esse o clima da Fenadoces 2023\u201d, comenta Alexandre Borges, produtor da Feira.<\/p>\n\n\n\n<p><strong>Programa\u00e7\u00e3o dos pr\u00f3ximos dias<\/strong><\/p>\n\n\n\n<p>\u25cf&nbsp;&nbsp;&nbsp;&nbsp;&nbsp;&nbsp;&nbsp;&nbsp;Dia 06\/04\/2023<\/p>\n\n\n\n<p>13h: Abertura do Pavilh\u00e3o de Doces e Gastronomia<\/p>\n\n\n\n<p>17h: Palha\u00e7o Fiapo<\/p>\n\n\n\n<p>19h: Mostra De Dan\u00e7a \u2013 Cia CDK<\/p>\n\n\n\n<p>19h15: Mostra De Dan\u00e7a &#8211; Lorena Senna<\/p>\n\n\n\n<p>19h30: Mostra De Dan\u00e7a &#8211; Balleto<\/p>\n\n\n\n<p>19h45: Mostra De Dan\u00e7a &#8211; Styl Company<\/p>\n\n\n\n<p>20h15: Banda Vinith<\/p>\n\n\n\n<p>22h: Mamma Jamma<\/p>\n\n\n\n<p>\u25cf&nbsp;&nbsp;&nbsp;&nbsp;&nbsp;&nbsp;&nbsp;&nbsp;Dia 07\/04\/2023<\/p>\n\n\n\n<p>13h: Abertura do Pavilh\u00e3o de Doces e Gastronomia<\/p>\n\n\n\n<p>15h: Palha\u00e7o Fiapo<\/p>\n\n\n\n<p>18h: Banda Lottus<\/p>\n\n\n\n<p>20h: Arteria Trio<\/p>\n\n\n\n<p>22h: Cavalo e Panda<\/p>\n\n\n\n<p>\u25cf&nbsp;&nbsp;&nbsp;&nbsp;&nbsp;&nbsp;&nbsp;&nbsp;Dia 08\/04\/2023<\/p>\n\n\n\n<p>13h: Abertura do Pavilh\u00e3o de Doces e Gastronomia<\/p>\n\n\n\n<p>15h: Palha\u00e7o Fiapo<\/p>\n\n\n\n<p>18h: Banda Vi-Voz<\/p>\n\n\n\n<p>20h: Leandro Soares &#8211; Rumo Aos 30<\/p>\n\n\n\n<p>22h: Banda Johnny Go!<\/p>\n\n\n\n<p>\u25cf&nbsp;&nbsp;&nbsp;&nbsp;&nbsp;&nbsp;&nbsp;&nbsp;Dia 09\/04\/2023<\/p>\n\n\n\n<p>11h: Abertura do Pavilh\u00e3o de Doces e Gastronomia<\/p>\n\n\n\n<p>11h: Chegada do Coelho e sua Banda B\u00eaJazz \u2013 Partipa\u00e7\u00e3o da Turma Kika no Cerrado (CBMM)<\/p>\n\n\n\n<p>13h: Teatro \u2013 O Palha\u00e7o Que Queria Ser M\u00e1gico<\/p>\n\n\n\n<p>14h: Chorando Na Pra\u00e7a<\/p>\n\n\n\n<p>16h: Banda 5\u00ba Sol<\/p>\n\n\n\n<p><strong>A abertura<\/strong><\/p>\n\n\n\n<p>A abertura da Fenadoces foi marcada com o corte do la\u00e7o feito pela organiza\u00e7\u00e3o em parceria com autoridades e apoiadores presentes. De acordo com Fabiana Alves, organizadora da Fenadoces, em 2023, o evento triplicou de tamanho e ainda tem potencial para crescer ainda mais, gra\u00e7as aos apoios recebidos. \u201cN\u00e3o tenho nem palavras para descrever a expectativa para a Fenadoces 2023. Arax\u00e1 \u00e9 reconhecida internacionalmente por seus doces e tradi\u00e7\u00e3o, e este momento \u00e9 de mostrar o trabalho do doceiro independente, dos pequenos neg\u00f3cios ou dos empreendedores que j\u00e1 possuem loja f\u00edsica h\u00e1 anos. A expectativa, em mais um ano de feira, \u00e9 a mais positiva poss\u00edvel, com certeza\u201d, afirma a idealizadora.<\/p>\n\n\n\n<p>Segundo a presidente da Funda\u00e7\u00e3o Cultural Calmon Barreto, Cynthia Ver\u00e7osa, que representou a Prefeitura de Arax\u00e1 na abertura oficial, a uni\u00e3o de empres\u00e1rios e o Munic\u00edpio traz resultados positivos. &#8220;Eventos como a Fenadoces s\u00e3o essenciais na cidade, pois fomentam nossos valores e a culin\u00e1ria, al\u00e9m de reafirmar a tradi\u00e7\u00e3o de Arax\u00e1 em rela\u00e7\u00e3o aos doces&#8221;, ressalta.<\/p>\n\n\n\n<p>O prefeito Robson Magela destaca o trabalho dos expositores e artistas que est\u00e3o se apresentando no local e refor\u00e7a o apoio da Prefeitura de Arax\u00e1 ao turismo, cultura e desenvolvimento econ\u00f4mico. \u201cA Fenadoces chega a sua terceira edi\u00e7\u00e3o com uma hist\u00f3ria de sucesso, recordes de p\u00fablico e, o mais importante, com a valoriza\u00e7\u00e3o de doceiros, confeiteiros e demais profissionais do ramo. O apoio da gest\u00e3o \u00e9 fundamental para a atra\u00e7\u00e3o de turistas e para que Arax\u00e1 continue entre as melhores cidades do pa\u00eds para conhecer\u201d, completa.<\/p>\n","protected":false},"excerpt":{"rendered":"<p>Evento acontece no Est\u00e1dio Fausto Alvim, em Arax\u00e1, e ter\u00e1 Chegada do Coelho da P\u00e1scoa no domingo Quem passou pela<\/p>\n","protected":false},"author":2,"featured_media":4770,"comment_status":"open","ping_status":"open","sticky":false,"template":"","format":"standard","meta":{"footnotes":""},"categories":[9,11],"tags":[],"class_list":["post-4769","post","type-post","status-publish","format-standard","has-post-thumbnail","hentry","category-araxa","category-destaques"],"_links":{"self":[{"href":"http:\/\/blogdoarmindomaia.com.br\/index.php?rest_route=\/wp\/v2\/posts\/4769","targetHints":{"allow":["GET"]}}],"collection":[{"href":"http:\/\/blogdoarmindomaia.com.br\/index.php?rest_route=\/wp\/v2\/posts"}],"about":[{"href":"http:\/\/blogdoarmindomaia.com.br\/index.php?rest_route=\/wp\/v2\/types\/post"}],"author":[{"embeddable":true,"href":"http:\/\/blogdoarmindomaia.com.br\/index.php?rest_route=\/wp\/v2\/users\/2"}],"replies":[{"embeddable":true,"href":"http:\/\/blogdoarmindomaia.com.br\/index.php?rest_route=%2Fwp%2Fv2%2Fcomments&post=4769"}],"version-history":[{"count":1,"href":"http:\/\/blogdoarmindomaia.com.br\/index.php?rest_route=\/wp\/v2\/posts\/4769\/revisions"}],"predecessor-version":[{"id":4771,"href":"http:\/\/blogdoarmindomaia.com.br\/index.php?rest_route=\/wp\/v2\/posts\/4769\/revisions\/4771"}],"wp:featuredmedia":[{"embeddable":true,"href":"http:\/\/blogdoarmindomaia.com.br\/index.php?rest_route=\/wp\/v2\/media\/4770"}],"wp:attachment":[{"href":"http:\/\/blogdoarmindomaia.com.br\/index.php?rest_route=%2Fwp%2Fv2%2Fmedia&parent=4769"}],"wp:term":[{"taxonomy":"category","embeddable":true,"href":"http:\/\/blogdoarmindomaia.com.br\/index.php?rest_route=%2Fwp%2Fv2%2Fcategories&post=4769"},{"taxonomy":"post_tag","embeddable":true,"href":"http:\/\/blogdoarmindomaia.com.br\/index.php?rest_route=%2Fwp%2Fv2%2Ftags&post=4769"}],"curies":[{"name":"wp","href":"https:\/\/api.w.org\/{rel}","templated":true}]}}