{"id":4782,"date":"2023-04-10T11:18:47","date_gmt":"2023-04-10T14:18:47","guid":{"rendered":"http:\/\/blogdoarmindomaia.com.br\/?p=4782"},"modified":"2023-04-10T11:18:49","modified_gmt":"2023-04-10T14:18:49","slug":"secretaria-de-saude-apresenta-prestacao-de-contas-na-camara-municipal","status":"publish","type":"post","link":"http:\/\/blogdoarmindomaia.com.br\/?p=4782","title":{"rendered":"Secretaria de Sa\u00fade apresenta presta\u00e7\u00e3o de contas na C\u00e2mara Municipal"},"content":{"rendered":"\n<figure class=\"wp-block-image size-full is-style-default\"><img loading=\"lazy\" decoding=\"async\" width=\"1000\" height=\"750\" src=\"http:\/\/blogdoarmindomaia.com.br\/wp-content\/uploads\/2023\/04\/plenario-1.jpg\" alt=\"\" class=\"wp-image-4783\" srcset=\"http:\/\/blogdoarmindomaia.com.br\/wp-content\/uploads\/2023\/04\/plenario-1.jpg 1000w, http:\/\/blogdoarmindomaia.com.br\/wp-content\/uploads\/2023\/04\/plenario-1-300x225.jpg 300w, http:\/\/blogdoarmindomaia.com.br\/wp-content\/uploads\/2023\/04\/plenario-1-768x576.jpg 768w\" sizes=\"auto, (max-width: 1000px) 100vw, 1000px\" \/><\/figure>\n\n\n\n<p>A C\u00e2mara Municipal recebeu Audi\u00eancia P\u00fablica para apresenta\u00e7\u00e3o da presta\u00e7\u00e3o de contas da Secretaria Municipal de Sa\u00fade.<\/p>\n\n\n\n<p>O presidente da Casa da Cidadania, vereador Bosco J\u00fanior, abriu a audi\u00eancia ressaltando o trabalho dos servidores da pasta e destacando as melhorias trazidas pela inaugura\u00e7\u00e3o do ambulat\u00f3rio de emerg\u00eancias 24 h da Uninorte e Unileste.<\/p>\n\n\n\n<p>A Secret\u00e1ria Municipal, Cristiane Pereira, falou sobre os principais acontecimentos na \u00e1rea da sa\u00fade durante o per\u00edodo, dentre eles destacam-se: Testes para Covid e atendimentos de casos de s\u00edndromes gripais que passaram a ser feitos em todas as UBSs e ESFs, o pagamento do novo piso para profissionais de enfermagem, supera\u00e7\u00e3o da meta de cobertura vacinal contra a poliomielite, evolu\u00e7\u00e3o nas tratativas para constru\u00e7\u00e3o do hospital municipal e a confirma\u00e7\u00e3o da implanta\u00e7\u00e3o do Samu em Arax\u00e1.<\/p>\n\n\n\n<p>A assessora de finan\u00e7as da secretaria, Talita Cristina Ferreira, chamou aten\u00e7\u00e3o para a melhoria na remunera\u00e7\u00e3o dos m\u00e9dicos, que atraiu mais profissionais para a cidade e trouxe melhorias significativas para a \u00e1rea da sa\u00fade. \u201cNo passado era dif\u00edcil encontrar m\u00e9dicos interessados em trabalhar no plant\u00e3o, com a melhoria dos valores, os plant\u00f5es passaram a ser disputados pelos profissionais\u201d, relatou a assessora.<\/p>\n\n\n\n<p>Os presentes puderam conhecer mais sobre o trabalho de cada um dos setores que comp\u00f5e a secretaria, atrav\u00e9s da apresenta\u00e7\u00e3o dos respons\u00e1veis pelas \u00e1reas.<\/p>\n\n\n\n<p>Os vereadores participaram com perguntas relacionadas ao andamento da constru\u00e7\u00e3o do hospital municipal; implanta\u00e7\u00e3o de ambulat\u00f3rios no Distrito Industrial, Boca da Mata e Itaipu; contrata\u00e7\u00e3o de psic\u00f3logos; melhorias no atendimento; credenciamento de m\u00e9dicos especialistas; valores das di\u00e1rias para os pacientes do TFD (Tratamento Fora de Domic\u00edlio) e outros assuntos.&nbsp;<\/p>\n\n\n\n<p>Cristiane finalizou destacando os objetivos da presta\u00e7\u00e3o de contas: \u201cA apresenta\u00e7\u00e3o do quadrimestre n\u00e3o busca trazer um panorama de perfei\u00e7\u00e3o e sim de evolu\u00e7\u00e3o, trazendo os dados do per\u00edodo a gente refor\u00e7a o compromisso de evoluir sempre\u201d.<\/p>\n","protected":false},"excerpt":{"rendered":"<p>A C\u00e2mara Municipal recebeu Audi\u00eancia P\u00fablica para apresenta\u00e7\u00e3o da presta\u00e7\u00e3o de contas da Secretaria Municipal de Sa\u00fade. O presidente da<\/p>\n","protected":false},"author":2,"featured_media":4783,"comment_status":"open","ping_status":"open","sticky":false,"template":"","format":"standard","meta":{"footnotes":""},"categories":[9,29],"tags":[],"class_list":["post-4782","post","type-post","status-publish","format-standard","has-post-thumbnail","hentry","category-araxa","category-saude"],"_links":{"self":[{"href":"http:\/\/blogdoarmindomaia.com.br\/index.php?rest_route=\/wp\/v2\/posts\/4782","targetHints":{"allow":["GET"]}}],"collection":[{"href":"http:\/\/blogdoarmindomaia.com.br\/index.php?rest_route=\/wp\/v2\/posts"}],"about":[{"href":"http:\/\/blogdoarmindomaia.com.br\/index.php?rest_route=\/wp\/v2\/types\/post"}],"author":[{"embeddable":true,"href":"http:\/\/blogdoarmindomaia.com.br\/index.php?rest_route=\/wp\/v2\/users\/2"}],"replies":[{"embeddable":true,"href":"http:\/\/blogdoarmindomaia.com.br\/index.php?rest_route=%2Fwp%2Fv2%2Fcomments&post=4782"}],"version-history":[{"count":1,"href":"http:\/\/blogdoarmindomaia.com.br\/index.php?rest_route=\/wp\/v2\/posts\/4782\/revisions"}],"predecessor-version":[{"id":4784,"href":"http:\/\/blogdoarmindomaia.com.br\/index.php?rest_route=\/wp\/v2\/posts\/4782\/revisions\/4784"}],"wp:featuredmedia":[{"embeddable":true,"href":"http:\/\/blogdoarmindomaia.com.br\/index.php?rest_route=\/wp\/v2\/media\/4783"}],"wp:attachment":[{"href":"http:\/\/blogdoarmindomaia.com.br\/index.php?rest_route=%2Fwp%2Fv2%2Fmedia&parent=4782"}],"wp:term":[{"taxonomy":"category","embeddable":true,"href":"http:\/\/blogdoarmindomaia.com.br\/index.php?rest_route=%2Fwp%2Fv2%2Fcategories&post=4782"},{"taxonomy":"post_tag","embeddable":true,"href":"http:\/\/blogdoarmindomaia.com.br\/index.php?rest_route=%2Fwp%2Fv2%2Ftags&post=4782"}],"curies":[{"name":"wp","href":"https:\/\/api.w.org\/{rel}","templated":true}]}}