{"id":4789,"date":"2023-04-10T11:24:01","date_gmt":"2023-04-10T14:24:01","guid":{"rendered":"http:\/\/blogdoarmindomaia.com.br\/?p=4789"},"modified":"2023-04-10T11:24:03","modified_gmt":"2023-04-10T14:24:03","slug":"saude-iniciou-campanha-de-vacinacao-contra-a-gripe-em-araxa","status":"publish","type":"post","link":"http:\/\/blogdoarmindomaia.com.br\/?p=4789","title":{"rendered":"Sa\u00fade iniciou Campanha de Vacina\u00e7\u00e3o Contra a Gripe em Arax\u00e1\u00a0"},"content":{"rendered":"\n<figure class=\"wp-block-image size-full is-style-default\"><img loading=\"lazy\" decoding=\"async\" width=\"1024\" height=\"683\" src=\"http:\/\/blogdoarmindomaia.com.br\/wp-content\/uploads\/2023\/04\/Saude-iniciou-Campanha-de-Vacinacao-Contra-a-Gripe-em-Araxa-pag-04.jpeg\" alt=\"\" class=\"wp-image-4790\" srcset=\"http:\/\/blogdoarmindomaia.com.br\/wp-content\/uploads\/2023\/04\/Saude-iniciou-Campanha-de-Vacinacao-Contra-a-Gripe-em-Araxa-pag-04.jpeg 1024w, http:\/\/blogdoarmindomaia.com.br\/wp-content\/uploads\/2023\/04\/Saude-iniciou-Campanha-de-Vacinacao-Contra-a-Gripe-em-Araxa-pag-04-300x200.jpeg 300w, http:\/\/blogdoarmindomaia.com.br\/wp-content\/uploads\/2023\/04\/Saude-iniciou-Campanha-de-Vacinacao-Contra-a-Gripe-em-Araxa-pag-04-768x512.jpeg 768w\" sizes=\"auto, (max-width: 1024px) 100vw, 1024px\" \/><\/figure>\n\n\n\n<p>&nbsp;A Secretaria Municipal de Sa\u00fade&nbsp;iniciou&nbsp;a Campanha de Vacina\u00e7\u00e3o Contra a Gripe (Influenza) pelos grupos priorit\u00e1rios na ter\u00e7a-feira (4). A imuniza\u00e7\u00e3o acontece na Unicentro,&nbsp;Uninordeste,&nbsp;Uninorte, Unisa, Unileste, Unisul, das 8h \u00e0s 16h, e na Esf Max&nbsp;Neumam,&nbsp;das 12:30 \u00e0s 17:30.&nbsp;&nbsp;<\/p>\n\n\n\n<p>Fazem parte do p\u00fablico priorit\u00e1rio idosos a partir de 60 anos, crian\u00e7as de 6 meses a menores de 6 anos, gestantes, pu\u00e9rperas, povos ind\u00edgenas, professores, pessoas com comorbidades ou defici\u00eancia permanente, caminhoneiros, trabalhadores de transporte coletivo rodovi\u00e1rio de passageiros (urbano e de longo curso), trabalhadores portu\u00e1rios, profissionais das for\u00e7as de seguran\u00e7a e salvamento, For\u00e7as Armadas, funcion\u00e1rios do sistema de priva\u00e7\u00e3o de liberdade, popula\u00e7\u00e3o privada de liberdade e adolescentes e jovens em medidas socioeducativas.<\/p>\n\n\n\n<p>Vale lembrar que o uso de m\u00e1scara em locais que ofere\u00e7am servi\u00e7os de sa\u00fade, como postos de vacina\u00e7\u00e3o, continua sendo obrigat\u00f3rio em todo o munic\u00edpio. Para receber o imunizante, basta comparecer em uma das unidades participantes da campanha, apresentar um documento com foto, Cart\u00e3o do SUS e o Cart\u00e3o de Vacina.<\/p>\n","protected":false},"excerpt":{"rendered":"<p>&nbsp;A Secretaria Municipal de Sa\u00fade&nbsp;iniciou&nbsp;a Campanha de Vacina\u00e7\u00e3o Contra a Gripe (Influenza) pelos grupos priorit\u00e1rios na ter\u00e7a-feira (4). A imuniza\u00e7\u00e3o<\/p>\n","protected":false},"author":2,"featured_media":4790,"comment_status":"open","ping_status":"open","sticky":false,"template":"","format":"standard","meta":{"footnotes":""},"categories":[9,11],"tags":[],"class_list":["post-4789","post","type-post","status-publish","format-standard","has-post-thumbnail","hentry","category-araxa","category-destaques"],"_links":{"self":[{"href":"http:\/\/blogdoarmindomaia.com.br\/index.php?rest_route=\/wp\/v2\/posts\/4789","targetHints":{"allow":["GET"]}}],"collection":[{"href":"http:\/\/blogdoarmindomaia.com.br\/index.php?rest_route=\/wp\/v2\/posts"}],"about":[{"href":"http:\/\/blogdoarmindomaia.com.br\/index.php?rest_route=\/wp\/v2\/types\/post"}],"author":[{"embeddable":true,"href":"http:\/\/blogdoarmindomaia.com.br\/index.php?rest_route=\/wp\/v2\/users\/2"}],"replies":[{"embeddable":true,"href":"http:\/\/blogdoarmindomaia.com.br\/index.php?rest_route=%2Fwp%2Fv2%2Fcomments&post=4789"}],"version-history":[{"count":1,"href":"http:\/\/blogdoarmindomaia.com.br\/index.php?rest_route=\/wp\/v2\/posts\/4789\/revisions"}],"predecessor-version":[{"id":4791,"href":"http:\/\/blogdoarmindomaia.com.br\/index.php?rest_route=\/wp\/v2\/posts\/4789\/revisions\/4791"}],"wp:featuredmedia":[{"embeddable":true,"href":"http:\/\/blogdoarmindomaia.com.br\/index.php?rest_route=\/wp\/v2\/media\/4790"}],"wp:attachment":[{"href":"http:\/\/blogdoarmindomaia.com.br\/index.php?rest_route=%2Fwp%2Fv2%2Fmedia&parent=4789"}],"wp:term":[{"taxonomy":"category","embeddable":true,"href":"http:\/\/blogdoarmindomaia.com.br\/index.php?rest_route=%2Fwp%2Fv2%2Fcategories&post=4789"},{"taxonomy":"post_tag","embeddable":true,"href":"http:\/\/blogdoarmindomaia.com.br\/index.php?rest_route=%2Fwp%2Fv2%2Ftags&post=4789"}],"curies":[{"name":"wp","href":"https:\/\/api.w.org\/{rel}","templated":true}]}}