{"id":4793,"date":"2023-04-11T14:09:08","date_gmt":"2023-04-11T17:09:08","guid":{"rendered":"http:\/\/blogdoarmindomaia.com.br\/?p=4793"},"modified":"2023-04-11T14:09:10","modified_gmt":"2023-04-11T17:09:10","slug":"sessao-solene-comemora-20-anos-da-copa-internacional-de-mtb-em-araxa","status":"publish","type":"post","link":"http:\/\/blogdoarmindomaia.com.br\/?p=4793","title":{"rendered":"Sess\u00e3o Solene comemora 20 anos da Copa Internacional de MTB em Arax\u00e1"},"content":{"rendered":"\n<p><\/p>\n\n\n\n<figure class=\"wp-block-image size-large is-resized is-style-default\"><img loading=\"lazy\" decoding=\"async\" src=\"http:\/\/blogdoarmindomaia.com.br\/wp-content\/uploads\/2023\/04\/IMG_2435-1024x683.jpg\" alt=\"\" class=\"wp-image-4794\" width=\"1024\" height=\"683\" srcset=\"http:\/\/blogdoarmindomaia.com.br\/wp-content\/uploads\/2023\/04\/IMG_2435-1024x683.jpg 1024w, http:\/\/blogdoarmindomaia.com.br\/wp-content\/uploads\/2023\/04\/IMG_2435-300x200.jpg 300w, http:\/\/blogdoarmindomaia.com.br\/wp-content\/uploads\/2023\/04\/IMG_2435-768x512.jpg 768w, http:\/\/blogdoarmindomaia.com.br\/wp-content\/uploads\/2023\/04\/IMG_2435-1536x1024.jpg 1536w, http:\/\/blogdoarmindomaia.com.br\/wp-content\/uploads\/2023\/04\/IMG_2435.jpg 1920w\" sizes=\"auto, (max-width: 1024px) 100vw, 1024px\" \/><\/figure>\n\n\n\n<p>Disputada por milhares de atletas de diversos pa\u00edses, a Copa Internacional de Mountain Bike (CIMTB\u00ad) comemora 20 anos em Arax\u00e1. Para celebrar a data, a C\u00e2mara Municipal realizou uma Sess\u00e3o Solene na tarde desta segunda-feira (10). A reuni\u00e3o foi em atendimento \u00e0 solicita\u00e7\u00e3o dos vereadores Bosco Junior e Raphael Rios, que ao final da sess\u00e3o entregaram uma Mo\u00e7\u00e3o de Congratula\u00e7\u00e3o e Reconhecimento, pelo sucesso do evento, ao organizador Rog\u00e9rio Bernardes. A edi\u00e7\u00e3o de 2023 da Copa acontece no pr\u00f3ximo final de semana, de 14 a 16 de abril, no Complexo do Barreiro.<\/p>\n\n\n\n<figure class=\"wp-block-image size-large is-style-default\"><img loading=\"lazy\" decoding=\"async\" width=\"1024\" height=\"683\" src=\"http:\/\/blogdoarmindomaia.com.br\/wp-content\/uploads\/2023\/04\/IMG_2423-1024x683.jpg\" alt=\"\" class=\"wp-image-4795\" srcset=\"http:\/\/blogdoarmindomaia.com.br\/wp-content\/uploads\/2023\/04\/IMG_2423-1024x683.jpg 1024w, http:\/\/blogdoarmindomaia.com.br\/wp-content\/uploads\/2023\/04\/IMG_2423-300x200.jpg 300w, http:\/\/blogdoarmindomaia.com.br\/wp-content\/uploads\/2023\/04\/IMG_2423-768x512.jpg 768w, http:\/\/blogdoarmindomaia.com.br\/wp-content\/uploads\/2023\/04\/IMG_2423-1536x1024.jpg 1536w, http:\/\/blogdoarmindomaia.com.br\/wp-content\/uploads\/2023\/04\/IMG_2423.jpg 1920w\" sizes=\"auto, (max-width: 1024px) 100vw, 1024px\" \/><\/figure>\n\n\n\n<p>Integraram a mesa de autoridades o presidente da C\u00e2mara Municipal, vereador Bosco Jr. e o vereador Raphael Rios, solicitantes do evento. O organizador da CIMTB, Rog\u00e9rio Bernardes, a presidente da Associa\u00e7\u00e3o de Ciclismos e Esporte de Aventura de Arax\u00e1, Juliana Silva, o Analista de Relacionamento com a Comunidade da CBMM, \u00c1lvaro Resende, o deputado estadual Bosco e o superintendente de Turismo da Prefeitura de Arax\u00e1, Ricardo Ruas, tamb\u00e9m participaram da mesa.<\/p>\n\n\n\n<figure class=\"wp-block-image size-large is-style-default\"><img loading=\"lazy\" decoding=\"async\" width=\"1024\" height=\"683\" src=\"http:\/\/blogdoarmindomaia.com.br\/wp-content\/uploads\/2023\/04\/IMG_2445-1024x683.jpg\" alt=\"\" class=\"wp-image-4796\" srcset=\"http:\/\/blogdoarmindomaia.com.br\/wp-content\/uploads\/2023\/04\/IMG_2445-1024x683.jpg 1024w, http:\/\/blogdoarmindomaia.com.br\/wp-content\/uploads\/2023\/04\/IMG_2445-300x200.jpg 300w, http:\/\/blogdoarmindomaia.com.br\/wp-content\/uploads\/2023\/04\/IMG_2445-768x512.jpg 768w, http:\/\/blogdoarmindomaia.com.br\/wp-content\/uploads\/2023\/04\/IMG_2445-1536x1024.jpg 1536w, http:\/\/blogdoarmindomaia.com.br\/wp-content\/uploads\/2023\/04\/IMG_2445.jpg 1920w\" sizes=\"auto, (max-width: 1024px) 100vw, 1024px\" \/><\/figure>\n\n\n\n<p>Raphael Rios destacou a import\u00e2ncia do evento para Arax\u00e1, tanto para movimentar a cidade economicamente, quanto para os atletas que disputam a corrida. Raphael falou ainda sobre a inten\u00e7\u00e3o de Arax\u00e1 receber o circuito mundial da competi\u00e7\u00e3o. \u201cTodo esse legado da Copa est\u00e1 colocando a nossa cidade como s\u00e9ria candidata a receber uma etapa da Copa do Mundo. Com a uni\u00e3o de v\u00e1rios atores, tenho certeza que Arax\u00e1 vai receber o mundo do mountain bike aqui.\u201d<\/p>\n\n\n\n<p>Convidado a usar a palavra, Rog\u00e9rio Bernardes lembrou-se da primeira edi\u00e7\u00e3o da corrida em Arax\u00e1. Emocionado, ele agradeceu a confian\u00e7a de toda a comunidade e destacou a import\u00e2ncia das parcerias com o poder p\u00fablico e a Companhia Brasileira de Metalurgia e Minera\u00e7\u00e3o (CBMM). Ele revelou ainda que organizadores da Copa do Mundo de Mountain Bike estar\u00e3o presentes em Arax\u00e1 neste ano, em atendimento \u00e0 um pedido da organiza\u00e7\u00e3o da CIMTB em busca da inclus\u00e3o de Arax\u00e1 no calend\u00e1rio oficial do circuito. A CIMTB foi seletiva para os Jogos Ol\u00edmpicos nos ciclos de Pequim 2008, Londres 2012, Rio 2016, T\u00f3quio 2020 e neste ano contar\u00e1 pontos para as Olimp\u00edadas de Paris em 2024.<\/p>\n","protected":false},"excerpt":{"rendered":"<p>Disputada por milhares de atletas de diversos pa\u00edses, a Copa Internacional de Mountain Bike (CIMTB\u00ad) comemora 20 anos em Arax\u00e1.<\/p>\n","protected":false},"author":2,"featured_media":4796,"comment_status":"open","ping_status":"open","sticky":false,"template":"","format":"standard","meta":{"footnotes":""},"categories":[9,11],"tags":[],"class_list":["post-4793","post","type-post","status-publish","format-standard","has-post-thumbnail","hentry","category-araxa","category-destaques"],"_links":{"self":[{"href":"http:\/\/blogdoarmindomaia.com.br\/index.php?rest_route=\/wp\/v2\/posts\/4793","targetHints":{"allow":["GET"]}}],"collection":[{"href":"http:\/\/blogdoarmindomaia.com.br\/index.php?rest_route=\/wp\/v2\/posts"}],"about":[{"href":"http:\/\/blogdoarmindomaia.com.br\/index.php?rest_route=\/wp\/v2\/types\/post"}],"author":[{"embeddable":true,"href":"http:\/\/blogdoarmindomaia.com.br\/index.php?rest_route=\/wp\/v2\/users\/2"}],"replies":[{"embeddable":true,"href":"http:\/\/blogdoarmindomaia.com.br\/index.php?rest_route=%2Fwp%2Fv2%2Fcomments&post=4793"}],"version-history":[{"count":1,"href":"http:\/\/blogdoarmindomaia.com.br\/index.php?rest_route=\/wp\/v2\/posts\/4793\/revisions"}],"predecessor-version":[{"id":4797,"href":"http:\/\/blogdoarmindomaia.com.br\/index.php?rest_route=\/wp\/v2\/posts\/4793\/revisions\/4797"}],"wp:featuredmedia":[{"embeddable":true,"href":"http:\/\/blogdoarmindomaia.com.br\/index.php?rest_route=\/wp\/v2\/media\/4796"}],"wp:attachment":[{"href":"http:\/\/blogdoarmindomaia.com.br\/index.php?rest_route=%2Fwp%2Fv2%2Fmedia&parent=4793"}],"wp:term":[{"taxonomy":"category","embeddable":true,"href":"http:\/\/blogdoarmindomaia.com.br\/index.php?rest_route=%2Fwp%2Fv2%2Fcategories&post=4793"},{"taxonomy":"post_tag","embeddable":true,"href":"http:\/\/blogdoarmindomaia.com.br\/index.php?rest_route=%2Fwp%2Fv2%2Ftags&post=4793"}],"curies":[{"name":"wp","href":"https:\/\/api.w.org\/{rel}","templated":true}]}}