{"id":4798,"date":"2023-04-11T14:13:50","date_gmt":"2023-04-11T17:13:50","guid":{"rendered":"http:\/\/blogdoarmindomaia.com.br\/?p=4798"},"modified":"2023-04-11T14:13:52","modified_gmt":"2023-04-11T17:13:52","slug":"bicampeao-olimpico-e-dono-de-5-titulos-mundiais-absalon-sera-atracao-na-cimtb-araxa","status":"publish","type":"post","link":"http:\/\/blogdoarmindomaia.com.br\/?p=4798","title":{"rendered":"Bicampe\u00e3o Ol\u00edmpico e dono de 5 t\u00edtulos mundiais, Absalon ser\u00e1 atra\u00e7\u00e3o na CIMTB Arax\u00e1"},"content":{"rendered":"\n<p><em>Renomado ciclista franc\u00eas, que vai assistir de perto a etapa da abertura da Copa Internacional, participar\u00e1 de sess\u00e3o de fotos e aut\u00f3grafos no estande da CBMM durante o evento<\/em><\/p>\n\n\n\n<p><\/p>\n\n\n\n<figure class=\"wp-block-image size-full is-style-default\"><img loading=\"lazy\" decoding=\"async\" width=\"899\" height=\"599\" src=\"http:\/\/blogdoarmindomaia.com.br\/wp-content\/uploads\/2023\/04\/Bicampeao-Olimpico-e-dono-de-5-titulos-mundiais-Absalon-sera-atracao-na-CIIMTB-Araxa-esportes.jpg\" alt=\"\" class=\"wp-image-4799\" srcset=\"http:\/\/blogdoarmindomaia.com.br\/wp-content\/uploads\/2023\/04\/Bicampeao-Olimpico-e-dono-de-5-titulos-mundiais-Absalon-sera-atracao-na-CIIMTB-Araxa-esportes.jpg 899w, http:\/\/blogdoarmindomaia.com.br\/wp-content\/uploads\/2023\/04\/Bicampeao-Olimpico-e-dono-de-5-titulos-mundiais-Absalon-sera-atracao-na-CIIMTB-Araxa-esportes-300x200.jpg 300w, http:\/\/blogdoarmindomaia.com.br\/wp-content\/uploads\/2023\/04\/Bicampeao-Olimpico-e-dono-de-5-titulos-mundiais-Absalon-sera-atracao-na-CIIMTB-Araxa-esportes-768x512.jpg 768w\" sizes=\"auto, (max-width: 899px) 100vw, 899px\" \/><\/figure>\n\n\n\n<p>As mais variadas atra\u00e7\u00f5es n\u00e3o param de ser confirmadas para a hist\u00f3rica prova de 20 anos da etapa de Arax\u00e1 (MG) da Copa Internacional de Mountain Bike, entre os dias 14 e 16 de abril, no Grande Hotel Termas de Arax\u00e1. Se dentro das pistas os melhores ciclistas do mundo v\u00e3o em busca das vit\u00f3rias em mais de 50 provas, fora delas um espectador para l\u00e1 de especial estar\u00e1 presente, assistindo de perto tudo o que acontece no evento. Trata-se da lenda francesa do mountain bike, Julien Absalon, um dos maiores ciclistas de todos os tempos. Bicampe\u00e3o ol\u00edmpico (Atenas\/2004 e Pequim\/2008), dono de cinco t\u00edtulos mundiais (Fran\u00e7a\/04, It\u00e1lia\/05, Nova Zel\u00e2ndia\/06, Reino Unido\/07 e Noruega\/2014), hexacampe\u00e3o europeu, al\u00e9m de ter sido por muito tempo o maior vencedor em etapas de Copas do Mundo, com 33 vit\u00f3rias. Essa \u00e9 s\u00f3 uma parte do vitorioso curr\u00edculo de Absalon, que estar\u00e1 dispon\u00edvel para tirar fotos e dar aut\u00f3grafos para os f\u00e3s no estande da CBMM. \u201cSer\u00e1 minha primeira vez em Arax\u00e1. Eu realmente amo a atmosfera das corridas de mountain bike no Brasil. Os torcedores s\u00e3o muito bacanas e apaixonados pelo esporte\u201d, destacou Absalon. \u201cSer\u00e1 uma oportunidade para conhecer melhor os ciclistas brasileiros, sentir a atmosfera do esporte no Pa\u00eds e ver como o mountain bike funciona por l\u00e1\u201d, complementou o franc\u00eas. \u201cVamos compartilhar a paix\u00e3o pelo mountain bike em Arax\u00e1. Estarei l\u00e1 o fim de semana todo, para viver o evento com voc\u00eas\u201d, convidou.<\/p>\n","protected":false},"excerpt":{"rendered":"<p>Renomado ciclista franc\u00eas, que vai assistir de perto a etapa da abertura da Copa Internacional, participar\u00e1 de sess\u00e3o de fotos<\/p>\n","protected":false},"author":2,"featured_media":4799,"comment_status":"open","ping_status":"open","sticky":false,"template":"","format":"standard","meta":{"footnotes":""},"categories":[11],"tags":[],"class_list":["post-4798","post","type-post","status-publish","format-standard","has-post-thumbnail","hentry","category-destaques"],"_links":{"self":[{"href":"http:\/\/blogdoarmindomaia.com.br\/index.php?rest_route=\/wp\/v2\/posts\/4798","targetHints":{"allow":["GET"]}}],"collection":[{"href":"http:\/\/blogdoarmindomaia.com.br\/index.php?rest_route=\/wp\/v2\/posts"}],"about":[{"href":"http:\/\/blogdoarmindomaia.com.br\/index.php?rest_route=\/wp\/v2\/types\/post"}],"author":[{"embeddable":true,"href":"http:\/\/blogdoarmindomaia.com.br\/index.php?rest_route=\/wp\/v2\/users\/2"}],"replies":[{"embeddable":true,"href":"http:\/\/blogdoarmindomaia.com.br\/index.php?rest_route=%2Fwp%2Fv2%2Fcomments&post=4798"}],"version-history":[{"count":1,"href":"http:\/\/blogdoarmindomaia.com.br\/index.php?rest_route=\/wp\/v2\/posts\/4798\/revisions"}],"predecessor-version":[{"id":4800,"href":"http:\/\/blogdoarmindomaia.com.br\/index.php?rest_route=\/wp\/v2\/posts\/4798\/revisions\/4800"}],"wp:featuredmedia":[{"embeddable":true,"href":"http:\/\/blogdoarmindomaia.com.br\/index.php?rest_route=\/wp\/v2\/media\/4799"}],"wp:attachment":[{"href":"http:\/\/blogdoarmindomaia.com.br\/index.php?rest_route=%2Fwp%2Fv2%2Fmedia&parent=4798"}],"wp:term":[{"taxonomy":"category","embeddable":true,"href":"http:\/\/blogdoarmindomaia.com.br\/index.php?rest_route=%2Fwp%2Fv2%2Fcategories&post=4798"},{"taxonomy":"post_tag","embeddable":true,"href":"http:\/\/blogdoarmindomaia.com.br\/index.php?rest_route=%2Fwp%2Fv2%2Ftags&post=4798"}],"curies":[{"name":"wp","href":"https:\/\/api.w.org\/{rel}","templated":true}]}}