{"id":4805,"date":"2023-04-12T11:34:58","date_gmt":"2023-04-12T14:34:58","guid":{"rendered":"http:\/\/blogdoarmindomaia.com.br\/?p=4805"},"modified":"2023-04-12T11:35:00","modified_gmt":"2023-04-12T14:35:00","slug":"encontro-cafe-menina-no-37o-bpm","status":"publish","type":"post","link":"http:\/\/blogdoarmindomaia.com.br\/?p=4805","title":{"rendered":"Encontro Caf\u00e9 Menina no 37\u00ba BPM"},"content":{"rendered":"\n<figure class=\"wp-block-image size-large is-style-default\"><img loading=\"lazy\" decoding=\"async\" width=\"768\" height=\"1024\" src=\"http:\/\/blogdoarmindomaia.com.br\/wp-content\/uploads\/2023\/04\/Cafe-Menina-768x1024.jpg\" alt=\"\" class=\"wp-image-4806\" srcset=\"http:\/\/blogdoarmindomaia.com.br\/wp-content\/uploads\/2023\/04\/Cafe-Menina-768x1024.jpg 768w, http:\/\/blogdoarmindomaia.com.br\/wp-content\/uploads\/2023\/04\/Cafe-Menina-225x300.jpg 225w, http:\/\/blogdoarmindomaia.com.br\/wp-content\/uploads\/2023\/04\/Cafe-Menina-1152x1536.jpg 1152w, http:\/\/blogdoarmindomaia.com.br\/wp-content\/uploads\/2023\/04\/Cafe-Menina-1536x2048.jpg 1536w, http:\/\/blogdoarmindomaia.com.br\/wp-content\/uploads\/2023\/04\/Cafe-Menina-scaled.jpg 1920w\" sizes=\"auto, (max-width: 768px) 100vw, 768px\" \/><\/figure>\n\n\n\n<p>No dia 29 de mar\u00e7o de 2023 ocorreu o 1\u00ba Encontro \u201cCAF\u00c9 MENINA\u201d, organizado pelo 37\u00ba Batalh\u00e3o. Participaram da abertura da solenidade, o comandante do 37\u00ba BPM, Tenente-Coronel Ademir Vicente Fagundes, o Subcomandante Major Pinho, o Secret\u00e1rio de Seguran\u00e7a P\u00fablica de Arax\u00e1, Sr Daniel Rosa, Bombeiros Militares e o presidente do Consep Major Lemos. Compareceu todas as policiais militares da ativa e veteranas que j\u00e1 serviram no 37\u00ba BPM, funcion\u00e1rias civis, Policiais Civis, Policiais Penais, Guardas Municipais, e agentes da Setrans, al\u00e9m de outras representantes da nossa cidade. Apresentou-se brilhantemente no evento o Quarteto Musical da 5\u00aa RPM, com um delicioso caf\u00e9 da manh\u00e3 ofertado pelo Consep, palestras, depoimentos de supera\u00e7\u00e3o de mulheres not\u00e1veis da comunidade local, din\u00e2micas com a psic\u00f3loga do Batalh\u00e3o Capit\u00e3o Renata e sorteios de brindes. O evento foi idealizado em comum ao m\u00eas das mulheres, e destinado ao p\u00fablico femenino da seguran\u00e7a p\u00fablica local, no intuito de enaltecer e integrar as participantes, em uma manh\u00e3 de acolhimento e valoriza\u00e7\u00e3o destas profissionais.<\/p>\n","protected":false},"excerpt":{"rendered":"<p>No dia 29 de mar\u00e7o de 2023 ocorreu o 1\u00ba Encontro \u201cCAF\u00c9 MENINA\u201d, organizado pelo 37\u00ba Batalh\u00e3o. Participaram da abertura<\/p>\n","protected":false},"author":2,"featured_media":4806,"comment_status":"open","ping_status":"open","sticky":false,"template":"","format":"standard","meta":{"footnotes":""},"categories":[9,11],"tags":[],"class_list":["post-4805","post","type-post","status-publish","format-standard","has-post-thumbnail","hentry","category-araxa","category-destaques"],"_links":{"self":[{"href":"http:\/\/blogdoarmindomaia.com.br\/index.php?rest_route=\/wp\/v2\/posts\/4805","targetHints":{"allow":["GET"]}}],"collection":[{"href":"http:\/\/blogdoarmindomaia.com.br\/index.php?rest_route=\/wp\/v2\/posts"}],"about":[{"href":"http:\/\/blogdoarmindomaia.com.br\/index.php?rest_route=\/wp\/v2\/types\/post"}],"author":[{"embeddable":true,"href":"http:\/\/blogdoarmindomaia.com.br\/index.php?rest_route=\/wp\/v2\/users\/2"}],"replies":[{"embeddable":true,"href":"http:\/\/blogdoarmindomaia.com.br\/index.php?rest_route=%2Fwp%2Fv2%2Fcomments&post=4805"}],"version-history":[{"count":1,"href":"http:\/\/blogdoarmindomaia.com.br\/index.php?rest_route=\/wp\/v2\/posts\/4805\/revisions"}],"predecessor-version":[{"id":4807,"href":"http:\/\/blogdoarmindomaia.com.br\/index.php?rest_route=\/wp\/v2\/posts\/4805\/revisions\/4807"}],"wp:featuredmedia":[{"embeddable":true,"href":"http:\/\/blogdoarmindomaia.com.br\/index.php?rest_route=\/wp\/v2\/media\/4806"}],"wp:attachment":[{"href":"http:\/\/blogdoarmindomaia.com.br\/index.php?rest_route=%2Fwp%2Fv2%2Fmedia&parent=4805"}],"wp:term":[{"taxonomy":"category","embeddable":true,"href":"http:\/\/blogdoarmindomaia.com.br\/index.php?rest_route=%2Fwp%2Fv2%2Fcategories&post=4805"},{"taxonomy":"post_tag","embeddable":true,"href":"http:\/\/blogdoarmindomaia.com.br\/index.php?rest_route=%2Fwp%2Fv2%2Ftags&post=4805"}],"curies":[{"name":"wp","href":"https:\/\/api.w.org\/{rel}","templated":true}]}}