{"id":4814,"date":"2023-04-12T11:49:00","date_gmt":"2023-04-12T14:49:00","guid":{"rendered":"http:\/\/blogdoarmindomaia.com.br\/?p=4814"},"modified":"2023-04-12T11:49:02","modified_gmt":"2023-04-12T14:49:02","slug":"sine-araxa-e-sedese-promovem-o-1o-seminario-regional-de-emprego","status":"publish","type":"post","link":"http:\/\/blogdoarmindomaia.com.br\/?p=4814","title":{"rendered":"Sine Arax\u00e1 e Sedese promovem o 1\u00ba Semin\u00e1rio Regional de Emprego"},"content":{"rendered":"\n<figure class=\"wp-block-image size-full is-style-default\"><img loading=\"lazy\" decoding=\"async\" width=\"1024\" height=\"683\" src=\"http:\/\/blogdoarmindomaia.com.br\/wp-content\/uploads\/2023\/04\/Sine-Araxa-e-Sedese-promovem-o-1o-Seminario-Regional-pag-05.jpeg\" alt=\"\" class=\"wp-image-4815\" srcset=\"http:\/\/blogdoarmindomaia.com.br\/wp-content\/uploads\/2023\/04\/Sine-Araxa-e-Sedese-promovem-o-1o-Seminario-Regional-pag-05.jpeg 1024w, http:\/\/blogdoarmindomaia.com.br\/wp-content\/uploads\/2023\/04\/Sine-Araxa-e-Sedese-promovem-o-1o-Seminario-Regional-pag-05-300x200.jpeg 300w, http:\/\/blogdoarmindomaia.com.br\/wp-content\/uploads\/2023\/04\/Sine-Araxa-e-Sedese-promovem-o-1o-Seminario-Regional-pag-05-768x512.jpeg 768w\" sizes=\"auto, (max-width: 1024px) 100vw, 1024px\" \/><\/figure>\n\n\n\n<p>Arax\u00e1 recebeu o 1\u00ba Semin\u00e1rio Regional do Sistema Nacional de Emprego (Sine), no Anfiteatro do Sesi Senai, na ter\u00e7a-feira (11). O evento foi uma parceria do Sine Arax\u00e1 com a Secretaria de Estado de Desenvolvimento Social (Sedese), com o objetivo de discutir pol\u00edticas p\u00fablicas de empregabilidade e qualifica\u00e7\u00e3o na regi\u00e3o que abrange o Tri\u00e2ngulo Mineiro e Alto Parana\u00edba.<br><br>Durante todo o dia palestrantes de diversos \u00f3rg\u00e3os do setor falaram sobre temas voltados para o mercado de trabalho. \u201cAqui em Arax\u00e1 estamos com um fluxo de vagas de emprego alta e por isso solicitamos a realiza\u00e7\u00e3o desse semin\u00e1rio com objetivo de orientar os trabalhadores sobre as formas de se qualificar para que essas vagas sejam preenchidas\u201d, complementa o coordenador do Sine Arax\u00e1, Lu\u00eds Fl\u00e1vio de Melo.<br><br>Ele acrescenta que o evento atraiu mais de 35 unidades do Sine de toda a regi\u00e3o. \u201cEsse semin\u00e1rio foi um sucesso e auxiliou muito na forma em que cada unidade do Sine vai agir para que aumente a taxa de empregabilidade em todos os munic\u00edpios da regi\u00e3o. Ficamos muito felizes em sediar esse grande evento e estamos ansiosos para a pr\u00f3xima vez\u201d, conclui.<\/p>\n","protected":false},"excerpt":{"rendered":"<p>Arax\u00e1 recebeu o 1\u00ba Semin\u00e1rio Regional do Sistema Nacional de Emprego (Sine), no Anfiteatro do Sesi Senai, na ter\u00e7a-feira (11).<\/p>\n","protected":false},"author":2,"featured_media":4815,"comment_status":"open","ping_status":"open","sticky":false,"template":"","format":"standard","meta":{"footnotes":""},"categories":[9,11],"tags":[],"class_list":["post-4814","post","type-post","status-publish","format-standard","has-post-thumbnail","hentry","category-araxa","category-destaques"],"_links":{"self":[{"href":"http:\/\/blogdoarmindomaia.com.br\/index.php?rest_route=\/wp\/v2\/posts\/4814","targetHints":{"allow":["GET"]}}],"collection":[{"href":"http:\/\/blogdoarmindomaia.com.br\/index.php?rest_route=\/wp\/v2\/posts"}],"about":[{"href":"http:\/\/blogdoarmindomaia.com.br\/index.php?rest_route=\/wp\/v2\/types\/post"}],"author":[{"embeddable":true,"href":"http:\/\/blogdoarmindomaia.com.br\/index.php?rest_route=\/wp\/v2\/users\/2"}],"replies":[{"embeddable":true,"href":"http:\/\/blogdoarmindomaia.com.br\/index.php?rest_route=%2Fwp%2Fv2%2Fcomments&post=4814"}],"version-history":[{"count":1,"href":"http:\/\/blogdoarmindomaia.com.br\/index.php?rest_route=\/wp\/v2\/posts\/4814\/revisions"}],"predecessor-version":[{"id":4816,"href":"http:\/\/blogdoarmindomaia.com.br\/index.php?rest_route=\/wp\/v2\/posts\/4814\/revisions\/4816"}],"wp:featuredmedia":[{"embeddable":true,"href":"http:\/\/blogdoarmindomaia.com.br\/index.php?rest_route=\/wp\/v2\/media\/4815"}],"wp:attachment":[{"href":"http:\/\/blogdoarmindomaia.com.br\/index.php?rest_route=%2Fwp%2Fv2%2Fmedia&parent=4814"}],"wp:term":[{"taxonomy":"category","embeddable":true,"href":"http:\/\/blogdoarmindomaia.com.br\/index.php?rest_route=%2Fwp%2Fv2%2Fcategories&post=4814"},{"taxonomy":"post_tag","embeddable":true,"href":"http:\/\/blogdoarmindomaia.com.br\/index.php?rest_route=%2Fwp%2Fv2%2Ftags&post=4814"}],"curies":[{"name":"wp","href":"https:\/\/api.w.org\/{rel}","templated":true}]}}