{"id":4826,"date":"2023-04-13T16:10:14","date_gmt":"2023-04-13T19:10:14","guid":{"rendered":"http:\/\/blogdoarmindomaia.com.br\/?p=4826"},"modified":"2023-04-13T16:10:16","modified_gmt":"2023-04-13T19:10:16","slug":"orquestra-filarmonica-de-patos-de-minas-se-apresenta-em-araxa-neste-sabado","status":"publish","type":"post","link":"http:\/\/blogdoarmindomaia.com.br\/?p=4826","title":{"rendered":"Orquestra Filarm\u00f4nica de Patos de Minas se apresenta em Arax\u00e1 neste s\u00e1bado"},"content":{"rendered":"\n<p><\/p>\n\n\n\n<figure class=\"wp-block-image size-full is-style-default\"><img loading=\"lazy\" decoding=\"async\" width=\"1024\" height=\"682\" src=\"http:\/\/blogdoarmindomaia.com.br\/wp-content\/uploads\/2023\/04\/Orquestra-1.jpeg\" alt=\"\" class=\"wp-image-4827\" srcset=\"http:\/\/blogdoarmindomaia.com.br\/wp-content\/uploads\/2023\/04\/Orquestra-1.jpeg 1024w, http:\/\/blogdoarmindomaia.com.br\/wp-content\/uploads\/2023\/04\/Orquestra-1-300x200.jpeg 300w, http:\/\/blogdoarmindomaia.com.br\/wp-content\/uploads\/2023\/04\/Orquestra-1-768x512.jpeg 768w\" sizes=\"auto, (max-width: 1024px) 100vw, 1024px\" \/><\/figure>\n\n\n\n<p>Abrindo a temporada de 2023, a Orquestra Filarm\u00f4nica de Patos de Minas realiza um concerto especial na Igreja Matriz de S\u00e3o Domingos de Gusm\u00e3o em Arax\u00e1, neste s\u00e1bado (15), \u00e0s 20h. Com famosas obras de Beethoven, Mozart e do compositor mineiro Gabriel Rimoldi, o espet\u00e1culo \u00e9 realizado por meio da Lei de Incentivo \u00e0 Cultura de Minas Gerais, com a parceria da Prefeitura de Arax\u00e1 e Funda\u00e7\u00e3o Cultural Calmon Barreto (FCCB).<br><br>A apresenta\u00e7\u00e3o \u00e9 promovida pela Associa\u00e7\u00e3o da Orquestra Filarm\u00f4nica de Patos de Minas. A dura\u00e7\u00e3o \u00e9 de aproximadamente 1 hora, com acesso livre e gratuito.<br><br>No programa, a orquestra executa a apote\u00f3tica s\u00e9tima sinfonia de Beethoven, al\u00e9m de composi\u00e7\u00f5es de soprano e bar\u00edtono interpretadas pelos cantores M\u00e1rcia Soares (soprano) e S\u00e9rgio Cunha (bar\u00edtono). Os solistas apresentar\u00e3o as \u00f3peras \u201cDon Giovanni\u201d e \u201cFlauta M\u00e1gica\u201d de Mozart, e a famosa melodia \u201cO Mio Babbino Caro\u201d, da \u00f3pera \u201cGianni Schicchi\u201d de Puccini.<br><br>A novidade corre por conta da estreia mundial das Microdan\u00e7as &#8211; obra in\u00e9dita de Gabriel Rimoldi encomendada pela orquestra. A reg\u00eancia \u00e9 do maestro Felipe Oliveira.<br><br>De acordo com a presidente da FCCB, Cynthia Ver\u00e7osa, a apresenta\u00e7\u00e3o da Filarm\u00f4nica de Patos de Minas em Arax\u00e1 promove uma troca de experi\u00eancias e permite com que a popula\u00e7\u00e3o aprecie diversificadas atra\u00e7\u00f5es por meio do interc\u00e2mbio cultural.<br><br>\u201cS\u00e3o muito importante as parcerias com projetos que s\u00e3o aportados pelas leis de incentivo estaduais ou federais. Principalmente quando se fala em uma apresenta\u00e7\u00e3o de m\u00fasica instrumental, est\u00e1 sendo trazido o que h\u00e1 de melhor na m\u00fasica brasileira e levando esse espet\u00e1culo para um dos espa\u00e7os mais representativos da cidade, que \u00e9 a Igreja Matriz\u201d, destaca.<br><br><strong>Orquestra Filarm\u00f4nica de Patos de Minas &#8211; Abertura da temporada 2023<\/strong><br><br>Dia 15 de abril \u2013 s\u00e1bado<br>Hor\u00e1rio: 20h<br>Local: Igreja Matriz de S\u00e3o Domingos de Gusm\u00e3o &#8211; Pra\u00e7a S\u00e3o Domingos &#8211; Centro<\/p>\n","protected":false},"excerpt":{"rendered":"<p>Abrindo a temporada de 2023, a Orquestra Filarm\u00f4nica de Patos de Minas realiza um concerto especial na Igreja Matriz de<\/p>\n","protected":false},"author":2,"featured_media":4827,"comment_status":"open","ping_status":"open","sticky":false,"template":"","format":"standard","meta":{"footnotes":""},"categories":[9,11],"tags":[],"class_list":["post-4826","post","type-post","status-publish","format-standard","has-post-thumbnail","hentry","category-araxa","category-destaques"],"_links":{"self":[{"href":"http:\/\/blogdoarmindomaia.com.br\/index.php?rest_route=\/wp\/v2\/posts\/4826","targetHints":{"allow":["GET"]}}],"collection":[{"href":"http:\/\/blogdoarmindomaia.com.br\/index.php?rest_route=\/wp\/v2\/posts"}],"about":[{"href":"http:\/\/blogdoarmindomaia.com.br\/index.php?rest_route=\/wp\/v2\/types\/post"}],"author":[{"embeddable":true,"href":"http:\/\/blogdoarmindomaia.com.br\/index.php?rest_route=\/wp\/v2\/users\/2"}],"replies":[{"embeddable":true,"href":"http:\/\/blogdoarmindomaia.com.br\/index.php?rest_route=%2Fwp%2Fv2%2Fcomments&post=4826"}],"version-history":[{"count":1,"href":"http:\/\/blogdoarmindomaia.com.br\/index.php?rest_route=\/wp\/v2\/posts\/4826\/revisions"}],"predecessor-version":[{"id":4828,"href":"http:\/\/blogdoarmindomaia.com.br\/index.php?rest_route=\/wp\/v2\/posts\/4826\/revisions\/4828"}],"wp:featuredmedia":[{"embeddable":true,"href":"http:\/\/blogdoarmindomaia.com.br\/index.php?rest_route=\/wp\/v2\/media\/4827"}],"wp:attachment":[{"href":"http:\/\/blogdoarmindomaia.com.br\/index.php?rest_route=%2Fwp%2Fv2%2Fmedia&parent=4826"}],"wp:term":[{"taxonomy":"category","embeddable":true,"href":"http:\/\/blogdoarmindomaia.com.br\/index.php?rest_route=%2Fwp%2Fv2%2Fcategories&post=4826"},{"taxonomy":"post_tag","embeddable":true,"href":"http:\/\/blogdoarmindomaia.com.br\/index.php?rest_route=%2Fwp%2Fv2%2Ftags&post=4826"}],"curies":[{"name":"wp","href":"https:\/\/api.w.org\/{rel}","templated":true}]}}